{"id":26890,"date":"2021-08-10T19:31:14","date_gmt":"2021-08-10T19:31:14","guid":{"rendered":"https:\/\/www.trendencias.com\/belleza\/asi-ideal-low-cost-coleccion-maquillaje-catrice-que-resaltar-nuestro-bronceado-este-verano"},"modified":"2021-08-10T19:31:14","modified_gmt":"2021-08-10T19:31:14","slug":"asi-de-ideal-y-low-cost-es-la-coleccion-de-maquillaje-de-catrice-con-la-que-resaltar-nuestro-bronceado-este-verano","status":"publish","type":"post","link":"http:\/\/hoycordobaweb.com\/index.php\/2021\/08\/10\/asi-de-ideal-y-low-cost-es-la-coleccion-de-maquillaje-de-catrice-con-la-que-resaltar-nuestro-bronceado-este-verano\/","title":{"rendered":"As\u00ed de ideal (y low cost) es la colecci\u00f3n de maquillaje de Catrice con la que resaltar nuestro bronceado este verano"},"content":{"rendered":"<p>Todav\u00eda nos queda mucho verano por delante y cualquier propuesta es buena para lucir divinas. Eso s\u00ed, si son de las baratas, esas con las que no nos dejamos un sueldo, mejor que mejor. Por ello, no pod\u00edamos pasar por alto<strong> lo nuevo de <\/strong><a href=\"https:\/\/www.trendencias.com\/belleza\/enamoradas-nueva-base-maquillaje-corrector-ojeras-catrice-ideales-para-pieles-secas-precios-low-cost\">Catrice <\/a>que nos ha encantado y estamos deseando fichar porque realmente pinta muy, muy bien.<\/p>\n<p><!-- BREAK 1 --><\/p>\n<div class=\"article-asset article-asset-normal article-asset-center\">\n<div class=\"desvio-container\">\n<div class=\"desvio\">\n<div class=\"desvio-figure js-desvio-figure\"> <a href=\"https:\/\/www.trendencias.com\/belleza\/como-maquillar-ojos-paso-a-paso-forma-sencilla-para-estupendo-look-diario\"> <img alt=\"C\u00f3mo maquillar los ojos paso a paso de forma sencilla para un estupendo look diario\" src=\"http:\/\/hoycordobaweb.com\/wp-content\/uploads\/2021\/08\/asi-de-ideal-y-low-cost-es-la-coleccion-de-maquillaje-de-catrice-con-la-que-resaltar-nuestro-bronceado-este-verano.jpg\"> <\/a> <\/div><\/div><\/div>\n<\/div>\n<div class=\"article-asset-image article-asset-normal article-asset-center\">\n<div class=\"asset-content\">\n<div class=\"base-wrapper-image\"> <img class=\"sf-lazy centro_sinmarco\" data-sf-srcset=\"http:\/\/hoycordobaweb.com\/wp-content\/uploads\/2021\/08\/asi-de-ideal-y-low-cost-es-la-coleccion-de-maquillaje-de-catrice-con-la-que-resaltar-nuestro-bronceado-este-verano-1.jpg 450w, http:\/\/hoycordobaweb.com\/wp-content\/uploads\/2021\/08\/asi-de-ideal-y-low-cost-es-la-coleccion-de-maquillaje-de-catrice-con-la-que-resaltar-nuestro-bronceado-este-verano-10.jpg 681w,http:\/\/hoycordobaweb.com\/wp-content\/uploads\/2021\/08\/asi-de-ideal-y-low-cost-es-la-coleccion-de-maquillaje-de-catrice-con-la-que-resaltar-nuestro-bronceado-este-verano-11.jpg 1024w, http:\/\/hoycordobaweb.com\/wp-content\/uploads\/2021\/08\/asi-de-ideal-y-low-cost-es-la-coleccion-de-maquillaje-de-catrice-con-la-que-resaltar-nuestro-bronceado-este-verano-12.jpg 1366w,\" data-sf-src=\"http:\/\/hoycordobaweb.com\/wp-content\/uploads\/2021\/08\/asi-de-ideal-y-low-cost-es-la-coleccion-de-maquillaje-de-catrice-con-la-que-resaltar-nuestro-bronceado-este-verano-1.jpg\" alt=\"catrice colecci\u00f3n maquillaje agosto 2021\"> <noscript><img alt=\"catrice colecci\u00f3n maquillaje agosto 2021\" class=\"centro_sinmarco\" src=\"http:\/\/hoycordobaweb.com\/wp-content\/uploads\/2021\/08\/asi-de-ideal-y-low-cost-es-la-coleccion-de-maquillaje-de-catrice-con-la-que-resaltar-nuestro-bronceado-este-verano-1.jpg\"><\/noscript> <\/div><\/div>\n<\/div>\n<p>As\u00ed, este mes de agosto, <a href=\"https:\/\/www.trendencias.com\/belleza\/asi-essence-marca-creada-empresario-espanol-que-triunfa-europa-cosmeticos-sostenibles-veganos\">la firma de Cosnova<\/a> ha lazando <strong>Bronze Away To\u2026<\/strong> con cinco productos de belleza ideales para este verano y para aprovechar tambi\u00e9n m\u00e1s adelante porque con ellos podemos conseguir ese favorecedor <a href=\"https:\/\/www.trendencias.com\/belleza\/sabes-cuales-son-las-claves-para-conseguir-un-maquillaje-soleado-y-natural\">efecto piel besada por el sol.<\/a><\/p>\n<p><!-- BREAK 2 --> <\/p>\n<div class=\"article-asset-image article-asset-normal article-asset-center\">\n<div class=\"asset-content\">\n<div class=\"base-wrapper-image\"> <img class=\"sf-lazy centro_sinmarco\" data-sf-srcset=\"http:\/\/hoycordobaweb.com\/wp-content\/uploads\/2021\/08\/asi-de-ideal-y-low-cost-es-la-coleccion-de-maquillaje-de-catrice-con-la-que-resaltar-nuestro-bronceado-este-verano-2.jpg 450w, http:\/\/hoycordobaweb.com\/wp-content\/uploads\/2021\/08\/asi-de-ideal-y-low-cost-es-la-coleccion-de-maquillaje-de-catrice-con-la-que-resaltar-nuestro-bronceado-este-verano-13.jpg 681w,http:\/\/hoycordobaweb.com\/wp-content\/uploads\/2021\/08\/asi-de-ideal-y-low-cost-es-la-coleccion-de-maquillaje-de-catrice-con-la-que-resaltar-nuestro-bronceado-este-verano-14.jpg 1024w, http:\/\/hoycordobaweb.com\/wp-content\/uploads\/2021\/08\/asi-de-ideal-y-low-cost-es-la-coleccion-de-maquillaje-de-catrice-con-la-que-resaltar-nuestro-bronceado-este-verano-15.jpg 1366w,\" data-sf-src=\"http:\/\/hoycordobaweb.com\/wp-content\/uploads\/2021\/08\/asi-de-ideal-y-low-cost-es-la-coleccion-de-maquillaje-de-catrice-con-la-que-resaltar-nuestro-bronceado-este-verano-2.jpg\" alt=\"catrice colecci\u00f3n maquillaje agosto 2021\"> <noscript><img alt=\"catrice colecci\u00f3n maquillaje agosto 2021\" class=\"centro_sinmarco\" src=\"http:\/\/hoycordobaweb.com\/wp-content\/uploads\/2021\/08\/asi-de-ideal-y-low-cost-es-la-coleccion-de-maquillaje-de-catrice-con-la-que-resaltar-nuestro-bronceado-este-verano-2.jpg\"><\/noscript> <\/div><\/div>\n<\/div>\n<p>En primer lugar tenemos que hablar de la <strong>Eyeshadow Palette<\/strong>, una paleta de sombras de ojos con nueve tonos <strong>altamente pigmentados<\/strong> &nbsp;que inspiran los mejores looks veraniegos.<\/p>\n<p><!-- BREAK 3 --><\/p>\n<p>Tenemos una combinaci\u00f3n de colores <strong>c\u00e1lidos f\u00e1ciles de usar que se unen a otros como el turquesa<\/strong> se vuelve protagonista y que nos transportar\u00e1 a las orillas del mar con acabados que van desde el mate hasta el brillante y el met\u00e1lico. &nbsp;Su precio es de <a href=\"https:\/\/www.primor.eu\/catrice\/75622-paleta-sombra-de-ojos-bronze-away-to.html#\/volumen-1_unidad\">8,99 euros.<\/a><\/p>\n<p><!-- BREAK 4 --><\/p>\n<div class=\"article-asset-image article-asset-normal article-asset-center\">\n<div class=\"asset-content\">\n<div class=\"base-wrapper-image\"> <img class=\"sf-lazy centro_sinmarco\" data-sf-srcset=\"http:\/\/hoycordobaweb.com\/wp-content\/uploads\/2021\/08\/asi-de-ideal-y-low-cost-es-la-coleccion-de-maquillaje-de-catrice-con-la-que-resaltar-nuestro-bronceado-este-verano-3.jpg 450w, http:\/\/hoycordobaweb.com\/wp-content\/uploads\/2021\/08\/asi-de-ideal-y-low-cost-es-la-coleccion-de-maquillaje-de-catrice-con-la-que-resaltar-nuestro-bronceado-este-verano-16.jpg 681w,http:\/\/hoycordobaweb.com\/wp-content\/uploads\/2021\/08\/asi-de-ideal-y-low-cost-es-la-coleccion-de-maquillaje-de-catrice-con-la-que-resaltar-nuestro-bronceado-este-verano-17.jpg 1024w, http:\/\/hoycordobaweb.com\/wp-content\/uploads\/2021\/08\/asi-de-ideal-y-low-cost-es-la-coleccion-de-maquillaje-de-catrice-con-la-que-resaltar-nuestro-bronceado-este-verano-18.jpg 1366w,\" data-sf-src=\"http:\/\/hoycordobaweb.com\/wp-content\/uploads\/2021\/08\/asi-de-ideal-y-low-cost-es-la-coleccion-de-maquillaje-de-catrice-con-la-que-resaltar-nuestro-bronceado-este-verano-3.jpg\" alt=\"catrice colecci\u00f3n maquillaje agosto 2021\"> <noscript><img alt=\"catrice colecci\u00f3n maquillaje agosto 2021\" class=\"centro_sinmarco\" src=\"http:\/\/hoycordobaweb.com\/wp-content\/uploads\/2021\/08\/asi-de-ideal-y-low-cost-es-la-coleccion-de-maquillaje-de-catrice-con-la-que-resaltar-nuestro-bronceado-este-verano-3.jpg\"><\/noscript> <\/div><\/div>\n<\/div>\n<p>Seguimos con los<a href=\"https:\/\/www.trendencias.com\/belleza\/nueve-polvos-sol-muy-sutiles-que-conseguir-ese-efecto-primer-bronceado-primavera\"> polvos bronceadores <\/a>que no pueden faltar nunca. Estos son ultrafinos para una piel besada por el sol en verano con acabado mate y que son muy f\u00e1ciles de difuminar. Su precio es de &nbsp;<a href=\"https:\/\/www.primor.eu\/catrice\/75632-polvo-bronceador-cara-y-cuerpo-bronze-away-to-maui.html\">5,69 euros.&nbsp;<\/a><\/p>\n<p><!-- BREAK 5 --><\/p>\n<div class=\"article-asset-image article-asset-normal article-asset-center\">\n<div class=\"asset-content\">\n<div class=\"base-wrapper-image\"> <img class=\"sf-lazy centro_sinmarco\" data-sf-srcset=\"http:\/\/hoycordobaweb.com\/wp-content\/uploads\/2021\/08\/asi-de-ideal-y-low-cost-es-la-coleccion-de-maquillaje-de-catrice-con-la-que-resaltar-nuestro-bronceado-este-verano-4.jpg 450w, http:\/\/hoycordobaweb.com\/wp-content\/uploads\/2021\/08\/asi-de-ideal-y-low-cost-es-la-coleccion-de-maquillaje-de-catrice-con-la-que-resaltar-nuestro-bronceado-este-verano-19.jpg 681w,http:\/\/hoycordobaweb.com\/wp-content\/uploads\/2021\/08\/asi-de-ideal-y-low-cost-es-la-coleccion-de-maquillaje-de-catrice-con-la-que-resaltar-nuestro-bronceado-este-verano-20.jpg 1024w, http:\/\/hoycordobaweb.com\/wp-content\/uploads\/2021\/08\/asi-de-ideal-y-low-cost-es-la-coleccion-de-maquillaje-de-catrice-con-la-que-resaltar-nuestro-bronceado-este-verano-21.jpg 1366w,\" data-sf-src=\"http:\/\/hoycordobaweb.com\/wp-content\/uploads\/2021\/08\/asi-de-ideal-y-low-cost-es-la-coleccion-de-maquillaje-de-catrice-con-la-que-resaltar-nuestro-bronceado-este-verano-4.jpg\" alt=\"catrice colecci\u00f3n maquillaje agosto 2021\"> <noscript><img alt=\"catrice colecci\u00f3n maquillaje agosto 2021\" class=\"centro_sinmarco\" src=\"http:\/\/hoycordobaweb.com\/wp-content\/uploads\/2021\/08\/asi-de-ideal-y-low-cost-es-la-coleccion-de-maquillaje-de-catrice-con-la-que-resaltar-nuestro-bronceado-este-verano-4.jpg\"><\/noscript> <\/div><\/div>\n<\/div>\n<p>Reconozco que este producto me ha conquistado mucho. Se trata de la <strong>Baked Bronzing &amp; Highlighting Palette<\/strong> con cuatro tonos diferentes con los que crear un bronceado natural y luminoso, con textura sedosa de polvo cocido al horno y con un precio de <a href=\"https:\/\/www.primor.eu\/catrice\/75618-paleta-iluminadora-y-bronceadora-bronze-away-to.html\">10,19 euros.<\/a><\/p>\n<p><!-- BREAK 6 --><\/p>\n<div class=\"article-asset article-asset-normal article-asset-center\">\n<div class=\"desvio-container\">\n<div class=\"desvio\">\n<div class=\"desvio-figure js-desvio-figure\"> <a href=\"https:\/\/www.trendencias.com\/belleza\/estas-propuestas-low-cost-catrice-para-cuidar-nuestra-piel-este-invierno\"> <img alt=\"Estas son las propuestas low cost de Catrice para cuidar de nuestra piel este invierno y la pr\u00f3xima primavera\" src=\"http:\/\/hoycordobaweb.com\/wp-content\/uploads\/2021\/08\/asi-de-ideal-y-low-cost-es-la-coleccion-de-maquillaje-de-catrice-con-la-que-resaltar-nuestro-bronceado-este-verano-5.jpg\"> <\/a> <\/div><\/div><\/div>\n<\/div>\n<div class=\"article-asset-image article-asset-normal article-asset-center\">\n<div class=\"asset-content\">\n<div class=\"base-wrapper-image\"> <img class=\"sf-lazy centro_sinmarco\" data-sf-srcset=\"http:\/\/hoycordobaweb.com\/wp-content\/uploads\/2021\/08\/asi-de-ideal-y-low-cost-es-la-coleccion-de-maquillaje-de-catrice-con-la-que-resaltar-nuestro-bronceado-este-verano-6.jpg 450w, http:\/\/hoycordobaweb.com\/wp-content\/uploads\/2021\/08\/asi-de-ideal-y-low-cost-es-la-coleccion-de-maquillaje-de-catrice-con-la-que-resaltar-nuestro-bronceado-este-verano-22.jpg 681w,http:\/\/hoycordobaweb.com\/wp-content\/uploads\/2021\/08\/asi-de-ideal-y-low-cost-es-la-coleccion-de-maquillaje-de-catrice-con-la-que-resaltar-nuestro-bronceado-este-verano-23.jpg 1024w, http:\/\/hoycordobaweb.com\/wp-content\/uploads\/2021\/08\/asi-de-ideal-y-low-cost-es-la-coleccion-de-maquillaje-de-catrice-con-la-que-resaltar-nuestro-bronceado-este-verano-24.jpg 1366w,\" data-sf-src=\"http:\/\/hoycordobaweb.com\/wp-content\/uploads\/2021\/08\/asi-de-ideal-y-low-cost-es-la-coleccion-de-maquillaje-de-catrice-con-la-que-resaltar-nuestro-bronceado-este-verano-6.jpg\" alt=\"catrice colecci\u00f3n maquillaje agosto 2021\"> <noscript><img alt=\"catrice colecci\u00f3n maquillaje agosto 2021\" class=\"centro_sinmarco\" src=\"http:\/\/hoycordobaweb.com\/wp-content\/uploads\/2021\/08\/asi-de-ideal-y-low-cost-es-la-coleccion-de-maquillaje-de-catrice-con-la-que-resaltar-nuestro-bronceado-este-verano-6.jpg\"><\/noscript> <\/div><\/div>\n<\/div>\n<p>No falta el<strong> Hydrating Fixing Spray<\/strong> que es una bruma fresca, un spray fijador hidratante y superligero que se convierte en el compa\u00f1ero perfecto para un maquillaje duradero. Adem\u00e1s, se puede utilizar como prebase antes del maquillaje, para fijarlo o incluso para aportar frescura durante el d\u00eda y con aroma a coco. Su precio es de <a href=\"https:\/\/www.primor.eu\/catrice\/75631-spray-fijador-de-maquillaje-bronze-away-to-fiji.html#\/volumen-50_ml\" rel=\"noopener noreferrer\" data-id=\"noopener noreferrer\">5,69 euros.<\/a><\/p>\n<p><!-- BREAK 7 --><\/p>\n<div class=\"article-asset-image article-asset-normal article-asset-center\">\n<div class=\"asset-content\">\n<div class=\"base-wrapper-image\"> <img class=\"sf-lazy centro_sinmarco\" data-sf-srcset=\"http:\/\/hoycordobaweb.com\/wp-content\/uploads\/2021\/08\/asi-de-ideal-y-low-cost-es-la-coleccion-de-maquillaje-de-catrice-con-la-que-resaltar-nuestro-bronceado-este-verano-7.jpg 450w, http:\/\/hoycordobaweb.com\/wp-content\/uploads\/2021\/08\/asi-de-ideal-y-low-cost-es-la-coleccion-de-maquillaje-de-catrice-con-la-que-resaltar-nuestro-bronceado-este-verano-25.jpg 681w,http:\/\/hoycordobaweb.com\/wp-content\/uploads\/2021\/08\/asi-de-ideal-y-low-cost-es-la-coleccion-de-maquillaje-de-catrice-con-la-que-resaltar-nuestro-bronceado-este-verano-26.jpg 1024w, http:\/\/hoycordobaweb.com\/wp-content\/uploads\/2021\/08\/asi-de-ideal-y-low-cost-es-la-coleccion-de-maquillaje-de-catrice-con-la-que-resaltar-nuestro-bronceado-este-verano-27.jpg 1366w,\" data-sf-src=\"http:\/\/hoycordobaweb.com\/wp-content\/uploads\/2021\/08\/asi-de-ideal-y-low-cost-es-la-coleccion-de-maquillaje-de-catrice-con-la-que-resaltar-nuestro-bronceado-este-verano-7.jpg\" alt=\"catrice maquillaje verano 2021\"> <noscript><img alt=\"catrice maquillaje verano 2021\" class=\"centro_sinmarco\" src=\"http:\/\/hoycordobaweb.com\/wp-content\/uploads\/2021\/08\/asi-de-ideal-y-low-cost-es-la-coleccion-de-maquillaje-de-catrice-con-la-que-resaltar-nuestro-bronceado-este-verano-7.jpg\"><\/noscript> <\/div><\/div>\n<\/div>\n<p>La colecci\u00f3n termina con una brocha, pero no una cualquiera sino un Maxi Brush con cerdas sint\u00e9ticas ultrasuaves y densas muy vers\u00e1til que es adecuado tanto para texturas l\u00edquidas como en polvo y facilita la distribuci\u00f3n y mezcla de los pigmentos. Su precio es de <a href=\"https:\/\/www.primor.eu\/catrice\/75628-brocha-polvos-cara-y-cuerpo-bronze-away-to-bali.html#\/volumen-1_unidad\">6,89 euros.&nbsp;<\/a><\/p>\n<p><!-- BREAK 8 --><\/p>\n<div class=\"article-asset-image article-asset-normal article-asset-center\">\n<div class=\"asset-content\">\n<div class=\"base-wrapper-image\"> <img class=\"sf-lazy centro_sinmarco\" data-sf-srcset=\"http:\/\/hoycordobaweb.com\/wp-content\/uploads\/2021\/08\/asi-de-ideal-y-low-cost-es-la-coleccion-de-maquillaje-de-catrice-con-la-que-resaltar-nuestro-bronceado-este-verano-8.jpg 450w, http:\/\/hoycordobaweb.com\/wp-content\/uploads\/2021\/08\/asi-de-ideal-y-low-cost-es-la-coleccion-de-maquillaje-de-catrice-con-la-que-resaltar-nuestro-bronceado-este-verano-28.jpg 681w,http:\/\/hoycordobaweb.com\/wp-content\/uploads\/2021\/08\/asi-de-ideal-y-low-cost-es-la-coleccion-de-maquillaje-de-catrice-con-la-que-resaltar-nuestro-bronceado-este-verano-29.jpg 1024w, http:\/\/hoycordobaweb.com\/wp-content\/uploads\/2021\/08\/asi-de-ideal-y-low-cost-es-la-coleccion-de-maquillaje-de-catrice-con-la-que-resaltar-nuestro-bronceado-este-verano-30.jpg 1366w,\" data-sf-src=\"http:\/\/hoycordobaweb.com\/wp-content\/uploads\/2021\/08\/asi-de-ideal-y-low-cost-es-la-coleccion-de-maquillaje-de-catrice-con-la-que-resaltar-nuestro-bronceado-este-verano-8.jpg\" alt=\"catrice colecci\u00f3n maquillaje agosto 2021\"> <noscript><img alt=\"catrice colecci\u00f3n maquillaje agosto 2021\" class=\"centro_sinmarco\" src=\"http:\/\/hoycordobaweb.com\/wp-content\/uploads\/2021\/08\/asi-de-ideal-y-low-cost-es-la-coleccion-de-maquillaje-de-catrice-con-la-que-resaltar-nuestro-bronceado-este-verano-8.jpg\"><\/noscript> <\/div><\/div>\n<\/div>\n<p>Lo dicho, una colecci\u00f3n ideal por dentro y s\u00ed, tambi\u00e9n por fuera ya que las palmeras y motivos tropicales le dan un buen rollo estupendo con precios <em>low cost <\/em>con los que darnos un capricho este mes de agosto que es cuando se lanza.&nbsp;<\/p>\n<p><!-- BREAK 9 --><\/p>\n<p>Fotos | Catrice<\/p>\n","protected":false},"excerpt":{"rendered":"<p>Todav\u00eda nos queda mucho verano por delante y cualquier propuesta es buena para lucir divinas. Eso s\u00ed, si son de las baratas, esas con las que no nos dejamos un sueldo, mejor que mejor. Por ello, no pod\u00edamos pasar por alto lo nuevo de Catrice que nos ha encantado y estamos deseando fichar porque realmente [&hellip;]<\/p>\n","protected":false},"author":1,"featured_media":26891,"comment_status":"closed","ping_status":"closed","sticky":false,"template":"","format":"standard","meta":[],"categories":[1],"tags":[],"_links":{"self":[{"href":"http:\/\/hoycordobaweb.com\/index.php\/wp-json\/wp\/v2\/posts\/26890"}],"collection":[{"href":"http:\/\/hoycordobaweb.com\/index.php\/wp-json\/wp\/v2\/posts"}],"about":[{"href":"http:\/\/hoycordobaweb.com\/index.php\/wp-json\/wp\/v2\/types\/post"}],"author":[{"embeddable":true,"href":"http:\/\/hoycordobaweb.com\/index.php\/wp-json\/wp\/v2\/users\/1"}],"replies":[{"embeddable":true,"href":"http:\/\/hoycordobaweb.com\/index.php\/wp-json\/wp\/v2\/comments?post=26890"}],"version-history":[{"count":0,"href":"http:\/\/hoycordobaweb.com\/index.php\/wp-json\/wp\/v2\/posts\/26890\/revisions"}],"wp:featuredmedia":[{"embeddable":true,"href":"http:\/\/hoycordobaweb.com\/index.php\/wp-json\/wp\/v2\/media\/26891"}],"wp:attachment":[{"href":"http:\/\/hoycordobaweb.com\/index.php\/wp-json\/wp\/v2\/media?parent=26890"}],"wp:term":[{"taxonomy":"category","embeddable":true,"href":"http:\/\/hoycordobaweb.com\/index.php\/wp-json\/wp\/v2\/categories?post=26890"},{"taxonomy":"post_tag","embeddable":true,"href":"http:\/\/hoycordobaweb.com\/index.php\/wp-json\/wp\/v2\/tags?post=26890"}],"curies":[{"name":"wp","href":"https:\/\/api.w.org\/{rel}","templated":true}]}}