{"id":2684,"date":"2020-10-03T11:03:00","date_gmt":"2020-10-03T11:03:00","guid":{"rendered":"https:\/\/fm-comunicar.com.ar\/contenido\/16171\/la-burocracia-estatal-privo-a-nuestra-region-de-una-ambulancia-donada-por-la-coo"},"modified":"2020-10-03T11:03:00","modified_gmt":"2020-10-03T11:03:00","slug":"la-burocracia-estatal-privo-a-nuestra-region-de-una-ambulancia-donada-por-la-cooperativa","status":"publish","type":"post","link":"http:\/\/hoycordobaweb.com\/index.php\/2020\/10\/03\/la-burocracia-estatal-privo-a-nuestra-region-de-una-ambulancia-donada-por-la-cooperativa\/","title":{"rendered":"La burocracia estatal priv\u00f3 a nuestra regi\u00f3n de una ambulancia donada por la Cooperativa"},"content":{"rendered":"<p>A principios de abril, el Consejo de Administraci\u00f3n de la entidad anunci\u00f3 que donar\u00eda una unidad al Hospital, pero durante cinco meses estuvo frenado el tr\u00e1mite en el Registro del Automotor. Tras la muerte del vecino caroyense el pasado jueves, prometieron solucionar el tema en dos d\u00edas.<img src=\"http:\/\/hoycordobaweb.com\/wp-content\/uploads\/2020\/10\/la-burocracia-estatal-privo-a-nuestra-region-de-una-ambulancia-donada-por-la-cooperativa.jpg\"><\/p>\n","protected":false},"excerpt":{"rendered":"<p>A principios de abril, el Consejo de Administraci\u00f3n de la entidad anunci\u00f3 que donar\u00eda una unidad al Hospital, pero durante cinco meses estuvo frenado el tr\u00e1mite en el Registro del Automotor. Tras la muerte del vecino caroyense el pasado jueves, prometieron solucionar el tema en dos d\u00edas.<\/p>\n","protected":false},"author":1,"featured_media":2685,"comment_status":"closed","ping_status":"closed","sticky":false,"template":"","format":"standard","meta":[],"categories":[18],"tags":[],"_links":{"self":[{"href":"http:\/\/hoycordobaweb.com\/index.php\/wp-json\/wp\/v2\/posts\/2684"}],"collection":[{"href":"http:\/\/hoycordobaweb.com\/index.php\/wp-json\/wp\/v2\/posts"}],"about":[{"href":"http:\/\/hoycordobaweb.com\/index.php\/wp-json\/wp\/v2\/types\/post"}],"author":[{"embeddable":true,"href":"http:\/\/hoycordobaweb.com\/index.php\/wp-json\/wp\/v2\/users\/1"}],"replies":[{"embeddable":true,"href":"http:\/\/hoycordobaweb.com\/index.php\/wp-json\/wp\/v2\/comments?post=2684"}],"version-history":[{"count":0,"href":"http:\/\/hoycordobaweb.com\/index.php\/wp-json\/wp\/v2\/posts\/2684\/revisions"}],"wp:featuredmedia":[{"embeddable":true,"href":"http:\/\/hoycordobaweb.com\/index.php\/wp-json\/wp\/v2\/media\/2685"}],"wp:attachment":[{"href":"http:\/\/hoycordobaweb.com\/index.php\/wp-json\/wp\/v2\/media?parent=2684"}],"wp:term":[{"taxonomy":"category","embeddable":true,"href":"http:\/\/hoycordobaweb.com\/index.php\/wp-json\/wp\/v2\/categories?post=2684"},{"taxonomy":"post_tag","embeddable":true,"href":"http:\/\/hoycordobaweb.com\/index.php\/wp-json\/wp\/v2\/tags?post=2684"}],"curies":[{"name":"wp","href":"https:\/\/api.w.org\/{rel}","templated":true}]}}