{"id":26819,"date":"2021-08-09T19:00:28","date_gmt":"2021-08-09T19:00:28","guid":{"rendered":"https:\/\/www.trendencias.com\/tecnologia\/prepara-tu-camara-consejos-para-fotografiar-perseidas-movil-durante-12-13-agosto"},"modified":"2021-08-09T19:00:28","modified_gmt":"2021-08-09T19:00:28","slug":"prepara-tu-camara-consejos-para-fotografiar-las-perseidas-con-el-movil-durante-el-12-y-13-de-agosto","status":"publish","type":"post","link":"http:\/\/hoycordobaweb.com\/index.php\/2021\/08\/09\/prepara-tu-camara-consejos-para-fotografiar-las-perseidas-con-el-movil-durante-el-12-y-13-de-agosto\/","title":{"rendered":"Prepara tu c\u00e1mara: consejos para fotografiar las perseidas con el m\u00f3vil durante el 12 y 13 de agosto"},"content":{"rendered":"<p>Llega agosto y con \u00e9l uno de los fen\u00f3menos astron\u00f3micos m\u00e1s conocidos<br \/>del a\u00f1o, <a href=\"https:\/\/www.trendencias.com\/general\/perseidas-2020-cuando-verlas-siete-parajes-inmejorables-que-contemplar-cielo-todo-su-esplendor\">las perseidas<\/a>. Este a\u00f1o, los d\u00edas de mayor actividad astral ser\u00e1n las <strong>noches del 12 al 13 de agosto<\/strong>.<\/p>\n<p><!-- BREAK 1 --><\/p>\n<p>Si te planteas <strong>inmortalizar esta lluvia de estrellas con tu tel\u00e9fono<\/strong>, hay una serie de aspectos que debes tener en cuenta para <a href=\"https:\/\/www.trendencias.com\/redes-sociales\/trucos-para-conseguir-fotos-perfectas-para-tu-perfil-instagram-selfies-incluidos\">sacar el m\u00e1ximo partido a la c\u00e1mara de tu dispositivo<\/a>:<\/p>\n<p><!-- BREAK 2 --> <\/p>\n<div class=\"article-asset-image article-asset-normal article-asset-center\">\n<div class=\"asset-content\">\n<div class=\"base-wrapper-image\"> <img class=\"sf-lazy centro_sinmarco\" data-sf-srcset=\"http:\/\/hoycordobaweb.com\/wp-content\/uploads\/2021\/08\/prepara-tu-camara-consejos-para-fotografiar-las-perseidas-con-el-movil-durante-el-12-y-13-de-agosto.jpg 450w, http:\/\/hoycordobaweb.com\/wp-content\/uploads\/2021\/08\/prepara-tu-camara-consejos-para-fotografiar-las-perseidas-con-el-movil-durante-el-12-y-13-de-agosto-6.jpg 681w,http:\/\/hoycordobaweb.com\/wp-content\/uploads\/2021\/08\/prepara-tu-camara-consejos-para-fotografiar-las-perseidas-con-el-movil-durante-el-12-y-13-de-agosto-7.jpg 1024w, http:\/\/hoycordobaweb.com\/wp-content\/uploads\/2021\/08\/prepara-tu-camara-consejos-para-fotografiar-las-perseidas-con-el-movil-durante-el-12-y-13-de-agosto-8.jpg 1366w,\" data-sf-src=\"http:\/\/hoycordobaweb.com\/wp-content\/uploads\/2021\/08\/prepara-tu-camara-consejos-para-fotografiar-las-perseidas-con-el-movil-durante-el-12-y-13-de-agosto.jpg\" alt=\"Juskteez Vu Tirxot28znc Unsplash\"> <noscript><img alt=\"Juskteez Vu Tirxot28znc Unsplash\" class=\"centro_sinmarco\" src=\"http:\/\/hoycordobaweb.com\/wp-content\/uploads\/2021\/08\/prepara-tu-camara-consejos-para-fotografiar-las-perseidas-con-el-movil-durante-el-12-y-13-de-agosto.jpg\"><\/noscript> <\/div><\/div>\n<\/div>\n<h2>C\u00f3mo hacer las mejores fotograf\u00edas a las perseidas con el tel\u00e9fono m\u00f3vil<\/h2>\n<p>Los <a href=\"https:\/\/www.realme.com\/es\/\" rel=\"noopener noreferrer\" data-id=\"noopener noreferrer\">expertos de Realme<\/a> nos recomiendan prestar atenci\u00f3n a los siguientes factores: \u00abEl primer paso y quiz\u00e1 el m\u00e1s sencillo es escoger un lugar para tomar la fotograf\u00eda que <a href=\"https:\/\/www.trendencias.com\/noticias-de-la-industria\/estudio-determina-que-reciclaje-alquiler-ropa-no-dos-modelos-consumo-realmente-sostenibles\">est\u00e9 lejos de la contaminaci\u00f3n<\/a><strong> lum\u00ednica<\/strong>. Adem\u00e1s hay que tener en cuenta que la meteorolog\u00eda y la fase en la que se encuentre la luna, <strong>pueden influir en nuestras fotograf\u00edas<\/strong>\u00ab. Respecto a la parte m\u00e1s t\u00e9cnica, es necesario atender a los siguientes puntos:<\/p>\n<p><!-- BREAK 3 --><\/p>\n<h3>Configuraci\u00f3n<\/h3>\n<p>Gran parte del resultado final depender\u00e1 de la <strong>serie de configuraciones<\/strong> que realices en tu dispositivo:<\/p>\n<p><!-- BREAK 4 --><\/p>\n<ul>\n<li>Lo primero es <strong>ajustar el diafragma<\/strong> de nuestro dispositivo abri\u00e9ndolo al m\u00e1ximo posible. De este modo, <a href=\"https:\/\/www.xatakafoto.com\/tutoriales\/como-elegir-diafragma-tiempo-obturacion-iso-a-hora-hacer-fotografia\">la lente del smartphone captar\u00e1 la mayor cantidad posible de luz<\/a>.<\/li>\n<li>Tras el diafragma pasamos al <strong>ISO, que es la sensibilidad de la<br \/>c\u00e1mara del dispositivo<\/strong>: \u00abEn este caso, es importante bajarla al m\u00e1ximo para evitar que la captura de ruido pueda enturbiar el resultado final\u00bb.<\/li>\n<\/ul>\n<div class=\"article-asset article-asset-normal article-asset-center\">\n<div class=\"desvio-container\">\n<div class=\"desvio\">\n<div class=\"desvio-figure js-desvio-figure\"> <a href=\"https:\/\/www.trendencias.com\/tecnologia\/momento-remember-moviles-miticos-2000-que-millennials-nos-ponemos-nostalgicas\"> <img alt=\"Momento remember: los m\u00f3viles m\u00e1s m\u00edticos de los 2000 con los que las millennials nos ponemos nost\u00e1lgicas\" src=\"http:\/\/hoycordobaweb.com\/wp-content\/uploads\/2021\/08\/prepara-tu-camara-consejos-para-fotografiar-las-perseidas-con-el-movil-durante-el-12-y-13-de-agosto-1.jpg\"> <\/a> <\/div><\/div><\/div>\n<\/div>\n<ul>\n<li>Por \u00faltimo, hay que <strong>ajustar la velocidad de obturaci\u00f3n<\/strong>, tambi\u00e9n llamado tiempo de exposici\u00f3n, que se refiere al tiempo que nuestra c\u00e1mara necesita para capturar la luz. \u00abPara conseguir la mejor instant\u00e1nea ese tiempo de exposici\u00f3n debe ser el mayor posible para que la c\u00e1mara del smartphone pueda capturar las estrellas\u00bb, informan.<\/li>\n<\/ul>\n<h3>Estabilizaci\u00f3n (la parte m\u00e1s humana)<\/h3>\n<p>Tras la configuraci\u00f3n de estos aspectos m\u00e1s t\u00e9cnicos toca prestar atenci\u00f3n a la parte m\u00e1s humana, la <strong>estabilizaci\u00f3n del smartphone.<\/strong> En estos casos, un tr\u00edpode es el mejor aliado para evitar una imagen borrosa causada por el movimiento.<\/p>\n<p><!-- BREAK 5 --><\/p>\n<h3>Ajustes extras<\/h3>\n<p>Nos cuentan que es recomendable <strong>activar el modo noche de nuestra c\u00e1mara as\u00ed como el HDR<\/strong>, y contar con alguna aplicaci\u00f3n recomendada para realizar fotograf\u00edas nocturnas.<\/p>\n<p><!-- BREAK 6 --><\/p>\n<p>Existen smartphones que cuentan con modos de c\u00e1mara espec\u00edficos para estas situaciones. <a href=\"https:\/\/www.realme.com\/es\/\">Realme<\/a>, en concreto, apost\u00f3 por el <strong>Modo Constelaci\u00f3n o Starry Mode.<\/strong><\/p>\n<p><!-- BREAK 7 --><\/p>\n<h3>El modo \u00abnoche estrellada\u00bb<\/h3>\n<div class=\"article-asset-image article-asset-normal article-asset-center\">\n<div class=\"asset-content\">\n<div class=\"base-wrapper-image\"> <img class=\"sf-lazy centro_sinmarco\" data-sf-srcset=\"http:\/\/hoycordobaweb.com\/wp-content\/uploads\/2021\/08\/prepara-tu-camara-consejos-para-fotografiar-las-perseidas-con-el-movil-durante-el-12-y-13-de-agosto-2.jpg 450w, http:\/\/hoycordobaweb.com\/wp-content\/uploads\/2021\/08\/prepara-tu-camara-consejos-para-fotografiar-las-perseidas-con-el-movil-durante-el-12-y-13-de-agosto-9.jpg 681w,http:\/\/hoycordobaweb.com\/wp-content\/uploads\/2021\/08\/prepara-tu-camara-consejos-para-fotografiar-las-perseidas-con-el-movil-durante-el-12-y-13-de-agosto-10.jpg 1024w, http:\/\/hoycordobaweb.com\/wp-content\/uploads\/2021\/08\/prepara-tu-camara-consejos-para-fotografiar-las-perseidas-con-el-movil-durante-el-12-y-13-de-agosto-11.jpg 1366w,\" data-sf-src=\"http:\/\/hoycordobaweb.com\/wp-content\/uploads\/2021\/08\/prepara-tu-camara-consejos-para-fotografiar-las-perseidas-con-el-movil-durante-el-12-y-13-de-agosto-2.jpg\" alt=\"Re\"> <noscript><img alt=\"Re\" class=\"centro_sinmarco\" src=\"http:\/\/hoycordobaweb.com\/wp-content\/uploads\/2021\/08\/prepara-tu-camara-consejos-para-fotografiar-las-perseidas-con-el-movil-durante-el-12-y-13-de-agosto-2.jpg\"><\/noscript> <\/div><\/div>\n<\/div>\n<p>Los expertos nos cuentan que los modos para <strong>fotografiar el firmamento nocturno<\/strong> utilizan algoritmos que tratan de eliminar los rastros lum\u00ednicos de las estrellas, reduciendo as\u00ed el ruido y mejorando la pureza de la imagen. As\u00ed, <strong>la imagen es procesada por software para aclarar las estrellas<\/strong>, consiguiendo una imagen m\u00e1s n\u00edtida y clara del cielo estrellado.<\/p>\n<p><!-- BREAK 8 --><\/p>\n<p>\u00abCada vez existen funciones m\u00e1s novedosas de este tipo. Por ejemplo, la <a href=\"https:\/\/www.xataka.com\/analisis\/realme-8-pro-analisis-caracteristicas-precio-especificaciones\">nueva c\u00e1mara del realme 8 Pro<\/a> es la primera en incorporar el modo time-lapse en este tipo de fotograf\u00edas. Su algoritmo de v\u00eddeo <strong>tarda 480 segundos en hacer 30 fotos<\/strong> y genera <strong>un v\u00eddeo time-lapse de 1s<\/strong>, que nos permite inmortalizar, por ejemplo, la belleza de las estrellas fugaces\u00bb, apuntan.<\/p>\n<p><!-- BREAK 9 --><\/p>\n<div class=\"article-asset article-asset-normal article-asset-center\">\n<div class=\"desvio-container\">\n<div class=\"desvio\">\n<div class=\"desvio-figure js-desvio-figure\"> <a href=\"https:\/\/www.trendencias.com\/tecnologia\/aplicacion-autofirma-puedes-almacenar-tu-firma-electronica-digitalmente-para-no-tener-que-imprimir-documentos\"> <img alt=\"Con la aplicaci\u00f3n Autofirma puedes almacenar tu firma electr\u00f3nica digitalmente para no tener que imprimir documentos \" src=\"http:\/\/hoycordobaweb.com\/wp-content\/uploads\/2021\/08\/prepara-tu-camara-consejos-para-fotografiar-las-perseidas-con-el-movil-durante-el-12-y-13-de-agosto-3.jpg\"> <\/a> <\/div><\/div><\/div>\n<\/div>\n<h2>Astroturismo: d\u00f3nde sacarle el m\u00e1ximo partido a este efecto<\/h2>\n<div class=\"article-asset-image article-asset-normal article-asset-center\">\n<div class=\"asset-content\">\n<div class=\"base-wrapper-image\"> <img class=\"sf-lazy centro_sinmarco\" data-sf-srcset=\"http:\/\/hoycordobaweb.com\/wp-content\/uploads\/2021\/08\/prepara-tu-camara-consejos-para-fotografiar-las-perseidas-con-el-movil-durante-el-12-y-13-de-agosto-4.jpg 450w, http:\/\/hoycordobaweb.com\/wp-content\/uploads\/2021\/08\/prepara-tu-camara-consejos-para-fotografiar-las-perseidas-con-el-movil-durante-el-12-y-13-de-agosto-12.jpg 681w,http:\/\/hoycordobaweb.com\/wp-content\/uploads\/2021\/08\/prepara-tu-camara-consejos-para-fotografiar-las-perseidas-con-el-movil-durante-el-12-y-13-de-agosto-13.jpg 1024w, http:\/\/hoycordobaweb.com\/wp-content\/uploads\/2021\/08\/prepara-tu-camara-consejos-para-fotografiar-las-perseidas-con-el-movil-durante-el-12-y-13-de-agosto-14.jpg 1366w,\" data-sf-src=\"http:\/\/hoycordobaweb.com\/wp-content\/uploads\/2021\/08\/prepara-tu-camara-consejos-para-fotografiar-las-perseidas-con-el-movil-durante-el-12-y-13-de-agosto-4.jpg\" alt=\"Uday Mittal Q Yyvuq E3s Unsplash\"> <noscript><img alt=\"Uday Mittal Q Yyvuq E3s Unsplash\" class=\"centro_sinmarco\" src=\"http:\/\/hoycordobaweb.com\/wp-content\/uploads\/2021\/08\/prepara-tu-camara-consejos-para-fotografiar-las-perseidas-con-el-movil-durante-el-12-y-13-de-agosto-4.jpg\"><\/noscript> <\/div><\/div>\n<\/div>\n<p>En Espa\u00f1a existe una docena de sitios recomendados para el <strong>astroturismo<\/strong>. En las <strong>Islas Canarias <\/strong>encontramos <a href=\"https:\/\/www.fundacionstarlight.org\/\">la Fundaci\u00f3n Starlight<\/a> que, junto con el aval de la Unesco, certifica qu\u00e9 sitios son los mejores para la pr\u00e1ctica del turismo astron\u00f3mico otorgando el Certificado de &#8216;Reserva Starlight&#8217;.<\/p>\n<p><!-- BREAK 10 --><\/p>\n<p>Algunos de ellos son <strong>Gredos Norte<\/strong> (\u00c1vila), serran\u00eda de <strong>Cuenca<\/strong>, <strong>Menorca, Parque Nacional de Monfrag\u00fce<\/strong>, Comarca Cuencas Mineras (<strong>Teruel<\/strong>), <strong>Sierra Morena<\/strong>&#8230; En el caso de <strong>Madrid<\/strong> recomiendan experimentarlo desde <strong>Buitrago de Lozoya, Robledo de Chavela o la Sierra del Hoyo del Manzanares.<\/strong><\/p>\n<p><!-- BREAK 11 --><\/p>\n<p>Fotos|Unplash<\/p>\n","protected":false},"excerpt":{"rendered":"<p>Llega agosto y con \u00e9l uno de los fen\u00f3menos astron\u00f3micos m\u00e1s conocidosdel a\u00f1o, las perseidas. Este a\u00f1o, los d\u00edas de mayor actividad astral ser\u00e1n las noches del 12 al 13 de agosto. Si te planteas inmortalizar esta lluvia de estrellas con tu tel\u00e9fono, hay una serie de aspectos que debes tener en cuenta para sacar [&hellip;]<\/p>\n","protected":false},"author":1,"featured_media":26820,"comment_status":"closed","ping_status":"closed","sticky":false,"template":"","format":"standard","meta":[],"categories":[1],"tags":[],"_links":{"self":[{"href":"http:\/\/hoycordobaweb.com\/index.php\/wp-json\/wp\/v2\/posts\/26819"}],"collection":[{"href":"http:\/\/hoycordobaweb.com\/index.php\/wp-json\/wp\/v2\/posts"}],"about":[{"href":"http:\/\/hoycordobaweb.com\/index.php\/wp-json\/wp\/v2\/types\/post"}],"author":[{"embeddable":true,"href":"http:\/\/hoycordobaweb.com\/index.php\/wp-json\/wp\/v2\/users\/1"}],"replies":[{"embeddable":true,"href":"http:\/\/hoycordobaweb.com\/index.php\/wp-json\/wp\/v2\/comments?post=26819"}],"version-history":[{"count":0,"href":"http:\/\/hoycordobaweb.com\/index.php\/wp-json\/wp\/v2\/posts\/26819\/revisions"}],"wp:featuredmedia":[{"embeddable":true,"href":"http:\/\/hoycordobaweb.com\/index.php\/wp-json\/wp\/v2\/media\/26820"}],"wp:attachment":[{"href":"http:\/\/hoycordobaweb.com\/index.php\/wp-json\/wp\/v2\/media?parent=26819"}],"wp:term":[{"taxonomy":"category","embeddable":true,"href":"http:\/\/hoycordobaweb.com\/index.php\/wp-json\/wp\/v2\/categories?post=26819"},{"taxonomy":"post_tag","embeddable":true,"href":"http:\/\/hoycordobaweb.com\/index.php\/wp-json\/wp\/v2\/tags?post=26819"}],"curies":[{"name":"wp","href":"https:\/\/api.w.org\/{rel}","templated":true}]}}