{"id":26813,"date":"2021-08-09T11:57:38","date_gmt":"2021-08-09T11:57:38","guid":{"rendered":"https:\/\/www.mujerhoy.com\/moda\/no-te-pierdas\/top-corse-blanco-asos-favorece-talla-grande-combina-con-todo-arrasa-verano-instagram-20210809135652-nt.html"},"modified":"2021-08-09T11:57:38","modified_gmt":"2021-08-09T11:57:38","slug":"las-influencers-vip-espanolas-coinciden-el-top-corse-blanco-es-el-mas-deseado-del-verano","status":"publish","type":"post","link":"http:\/\/hoycordobaweb.com\/index.php\/2021\/08\/09\/las-influencers-vip-espanolas-coinciden-el-top-corse-blanco-es-el-mas-deseado-del-verano\/","title":{"rendered":"Las influencers VIP espa\u00f1olas coinciden: el top cors\u00e9 blanco es el m\u00e1s deseado del verano"},"content":{"rendered":"<p><!-- AUTHOR --><!-- COMPONENTS --><\/p>\n<p class=\"voc-paragraph\">La lucha por convertirse en el <a data-voc-vtm-id=\"in-text-traffic\" href=\"https:\/\/www.mujerhoy.com\/moda\/no-te-pierdas\/202005\/12\/tops-blancos-baratos-verano-zara-hym-mango-stradivarius-110141093823-ga.html\">top m\u00e1s deseado del verano 2021<\/a> contin\u00faa con tres contendientes finalistas: el top negro minimalista en versi\u00f3n tubo o palabra de honor o con asimetr\u00edas y detalles cut out; los <a data-voc-vtm-id=\"in-text-traffic\" href=\"https:\/\/www.mujerhoy.com\/moda\/tendencias\/202105\/17\/tops-crochet-bonitos-baratos-para-combinar-con-vaqueros-tendencia-verano-mango-stradivarius-pull-and-bear-bershka-140392328335-ga.html\">tops de crochet<\/a> inspirados en el &#8216;revival&#8217; de la tendencia a\u00f1os 70 y, por \u00faltimo,<br \/>\n<strong> el top cors\u00e9<\/strong>. Confesamos que este \u00faltimo es el m\u00e1s dif\u00edcil de llevar en pleno agosto, pues supone una rigidez que se hace cuesta arriba con el calor. Sin embargo, <strong>Teresa Bass <\/strong>tiene raz\u00f3n: merece la pena el sacrificio porque <a data-voc-vtm-id=\"in-text-traffic\" href=\"https:\/\/www.mujerhoy.com\/moda\/tendencias\/top-lefties-combinar-pantalones-tiro-alto-disponible-tres-colores-menos-siete-euros-20210624213137-nt.html\">este top <\/a>hace una silueta preciosa. Tanto, que <strong>Gala Gonz\u00e1lez <\/strong>ha decidido sacar una variante veraniega y ligera en su marca, Amlul.\n<\/p>\n<p class=\"voc-paragraph\">La verdad es que nos entusiasma <strong>esta versi\u00f3n light del top cors\u00e9 <\/strong>que se ha marcado la poderosa influencer espa\u00f1ola <strong>Gala Gonz\u00e1lez <\/strong>para su marca. En realidad es un h\u00edbrido: mezcla el patr\u00f3n corsetero del pecho con el cuerpo propio de una camiseta . La genialidad de<br \/>\n<strong> a\u00f1adir botones en el frontal para poder abrirlo <\/strong>es uno de esos detalles de dise\u00f1o que justifican el precio de este top \u00fanico: lo tienes en <strong>la tienda online de Amlul <\/strong>por 110 euros (por suerte est\u00e1 rebajado, porque costaba 210 euros).\n<\/p>\n<div class=\"voc-detail-photo-zoom\"><picture data-toggle=\"modal\" data-target=\"#photoZoomModal-5\" target=\"modal\">\n<div class=\"voc-img-icon-link\"><img loading=\"lazy\" data-original=\"\/\/static.mujerhoy.com\/www\/multimedia\/202108\/03\/media\/cortadas\/top-corse-blanco-asos-3-kIaG--460x637@MujerHoy.jpg\" class=\"lazy\"><noscript><img src=\"http:\/\/hoycordobaweb.com\/wp-content\/uploads\/2021\/08\/las-influencers-vip-espanolas-coinciden-el-top-corse-blanco-es-el-mas-deseado-del-verano.png\" alt><\/noscript><i class=\"voc-icons zoom voc-multimedia-box voc-ico-l\"><\/i><\/div><figcaption class=\"figure-caption\"><\/figcaption><\/picture><\/div>\n<div id=\"photoZoomModal-5\" class=\"voc-lightbox modal fade voc-lightbox--photo-zoom\" role=\"dialog\" data-voc-photozoom-lightbox>\n<div class=\"voc-lightbox__dialog\" role=\"document\">\n<div class=\"voc-lightbox__content\"><!-- Modal header --><!-- Modal content --><\/p>\n<div class=\"voc-lightbox__photo-container\"><picture class><img loading=\"lazy\" data-original=\"\/\/static.mujerhoy.com\/www\/multimedia\/202108\/03\/media\/cortadas\/top-corse-blanco-asos-3-kIaG--460x637@MujerHoy.jpg\" alt class=\"lazy\"><noscript><img src=\"http:\/\/hoycordobaweb.com\/wp-content\/uploads\/2021\/08\/las-influencers-vip-espanolas-coinciden-el-top-corse-blanco-es-el-mas-deseado-del-verano.png\" alt><\/noscript><\/picture><\/div>\n<\/div>\n<\/div>\n<\/div>\n<p class=\"voc-paragraph\">Si prefieres <strong>una versi\u00f3n m\u00e1s ortodoxa del top cors\u00e9 blanco<\/strong>, como la que luce <strong>Teresa Bass<\/strong>, el low cost te propone varias opciones en un rango de precio bastante amplio. Ya sabes: todo depende de la calidad de los materiales y acabados. Si va a ser una prenda que saques poco del armario y no le vas a dar mucho uso, puedes optar por el <strong>cors\u00e9 de sat\u00e9n de Missguided<\/strong>, perfecto para las noches de verano: est\u00e1 rebajado y pasa de 36,99 euros a 14,99 euros.\n<\/p>\n<div class=\"voc-detail-photo-zoom\"><picture data-toggle=\"modal\" data-target=\"#photoZoomModal-507\" target=\"modal\">\n<div class=\"voc-img-icon-link\"><img loading=\"lazy\" data-original=\"\/\/static3.mujerhoy.com\/www\/multimedia\/202108\/03\/media\/cortadas\/top-corse-blanco-asos-1-kIaG--460x637@MujerHoy.jpg\" class=\"lazy\"><noscript><img src=\"http:\/\/hoycordobaweb.com\/wp-content\/uploads\/2021\/08\/las-influencers-vip-espanolas-coinciden-el-top-corse-blanco-es-el-mas-deseado-del-verano-1.png\" alt><\/noscript><i class=\"voc-icons zoom voc-multimedia-box voc-ico-l\"><\/i><\/div><figcaption class=\"figure-caption\"><\/figcaption><\/picture><\/div>\n<div id=\"photoZoomModal-507\" class=\"voc-lightbox modal fade voc-lightbox--photo-zoom\" role=\"dialog\" data-voc-photozoom-lightbox>\n<div class=\"voc-lightbox__dialog\" role=\"document\">\n<div class=\"voc-lightbox__content\"><!-- Modal header --><!-- Modal content --><\/p>\n<div class=\"voc-lightbox__photo-container\"><picture class><img loading=\"lazy\" data-original=\"\/\/static3.mujerhoy.com\/www\/multimedia\/202108\/03\/media\/cortadas\/top-corse-blanco-asos-1-kIaG--460x637@MujerHoy.jpg\" alt class=\"lazy\"><noscript><img src=\"http:\/\/hoycordobaweb.com\/wp-content\/uploads\/2021\/08\/las-influencers-vip-espanolas-coinciden-el-top-corse-blanco-es-el-mas-deseado-del-verano-1.png\" alt><\/noscript><\/picture><\/div>\n<\/div>\n<\/div>\n<\/div>\n<p class=\"voc-paragraph\">Si te gusta tanto que el <strong>top cors\u00e9 blanco <\/strong>puede convertirse en una prenda recurrente en tus estilismos, te recomendamos un top algo m\u00e1s elaborado y consistente, de la marca<br \/>\n<strong> Jaded Rose<\/strong>. Lo tienes disponible en la tienda online de la multimarca Asos y es de un precioso color crema. Lleva, adem\u00e1s, el cl\u00e1sico escote cuadrado y el mismo pico que luce<br \/>\n<strong> el top cors\u00e9 de Teresa Bass<\/strong>. El precio: 41,99 euros.\n<\/p>\n<div class=\"voc-detail__cmp voc-detail__cmp--pad-lr voc-detail__cmp--pad-lr--bdr\">\n<div class=\"voc-ficha-detail__wrapper\">\n<section class=\"voc-ficha-detail\">\n<h4 class=\"voc-ficha-detail-title voc-title-section\">Te recomendamos<\/h4>\n<\/section>\n<\/div>\n<\/div>\n<p><!-- TOPICS --><\/p>\n","protected":false},"excerpt":{"rendered":"<p>La lucha por convertirse en el top m\u00e1s deseado del verano 2021 contin\u00faa con tres contendientes finalistas: el top negro minimalista en versi\u00f3n tubo o palabra de honor o con asimetr\u00edas y detalles cut out; los tops de crochet inspirados en el &#8216;revival&#8217; de la tendencia a\u00f1os 70 y, por \u00faltimo, el top cors\u00e9. Confesamos [&hellip;]<\/p>\n","protected":false},"author":1,"featured_media":26814,"comment_status":"closed","ping_status":"closed","sticky":false,"template":"","format":"standard","meta":[],"categories":[1],"tags":[],"_links":{"self":[{"href":"http:\/\/hoycordobaweb.com\/index.php\/wp-json\/wp\/v2\/posts\/26813"}],"collection":[{"href":"http:\/\/hoycordobaweb.com\/index.php\/wp-json\/wp\/v2\/posts"}],"about":[{"href":"http:\/\/hoycordobaweb.com\/index.php\/wp-json\/wp\/v2\/types\/post"}],"author":[{"embeddable":true,"href":"http:\/\/hoycordobaweb.com\/index.php\/wp-json\/wp\/v2\/users\/1"}],"replies":[{"embeddable":true,"href":"http:\/\/hoycordobaweb.com\/index.php\/wp-json\/wp\/v2\/comments?post=26813"}],"version-history":[{"count":0,"href":"http:\/\/hoycordobaweb.com\/index.php\/wp-json\/wp\/v2\/posts\/26813\/revisions"}],"wp:featuredmedia":[{"embeddable":true,"href":"http:\/\/hoycordobaweb.com\/index.php\/wp-json\/wp\/v2\/media\/26814"}],"wp:attachment":[{"href":"http:\/\/hoycordobaweb.com\/index.php\/wp-json\/wp\/v2\/media?parent=26813"}],"wp:term":[{"taxonomy":"category","embeddable":true,"href":"http:\/\/hoycordobaweb.com\/index.php\/wp-json\/wp\/v2\/categories?post=26813"},{"taxonomy":"post_tag","embeddable":true,"href":"http:\/\/hoycordobaweb.com\/index.php\/wp-json\/wp\/v2\/tags?post=26813"}],"curies":[{"name":"wp","href":"https:\/\/api.w.org\/{rel}","templated":true}]}}