{"id":26811,"date":"2021-08-09T12:01:37","date_gmt":"2021-08-09T12:01:37","guid":{"rendered":"https:\/\/www.mujerhoy.com\/moda\/no-te-pierdas\/top-negro-zara-stradivarius-hym-barato-combina-con-todo-arrasa-instagram-20210809135943-nt.html"},"modified":"2021-08-09T12:01:37","modified_gmt":"2021-08-09T12:01:37","slug":"si-este-es-el-unico-top-negro-que-importa-este-verano-y-lo-tenemos-por-triplicado-porque-favorece-muchisimo","status":"publish","type":"post","link":"http:\/\/hoycordobaweb.com\/index.php\/2021\/08\/09\/si-este-es-el-unico-top-negro-que-importa-este-verano-y-lo-tenemos-por-triplicado-porque-favorece-muchisimo\/","title":{"rendered":"S\u00ed, este es el \u00fanico top negro que importa este verano y lo tenemos por triplicado (porque favorece much\u00edsimo)"},"content":{"rendered":"<p><!-- AUTHOR --><!-- COMPONENTS --><\/p>\n<p class=\"voc-paragraph\">Si eres una verdadera seguidora de la<br \/>\n<strong> tendencia de moda<\/strong>, tu experiencia de compra te hace saber que uno de los colores favoritos de agosto es <a data-voc-vtm-id=\"in-text-traffic\" href=\"https:\/\/www.mujerhoy.com\/moda\/tendencias\/tops-negro-look-fiesta-barato-zara-mango-stradivarius-20210719145810-ga.html\">el negro<\/a>. No es por llevarle la contraria <a data-voc-vtm-id=\"in-text-traffic\" href=\"https:\/\/www.mujerhoy.com\/moda\/no-te-pierdas\/top-negro-zara-looks-verano-combina-con-vaqueros-20210725101907-nt.html\">al verano<\/a>: es un tono que queda fant\u00e1stico cuando la piel est\u00e1 ya de sobra bronceada. Ahora mismo, entrar en cualquier tienda del low cost a comprar<br \/>\n<strong> dise\u00f1os de color negro <\/strong>es un mareo, porque la oferta es brutal. Sobre todo en la secci\u00f3n tops o cuerpos, el n\u00famero de prendas apabulla. Aunque, en realidad, este que te mostramos es el \u00fanico <a data-voc-vtm-id=\"in-text-traffic\" href=\"https:\/\/www.mujerhoy.com\/moda\/no-te-pierdas\/202104\/20\/tamara-falco-top-negro-original-barato-arrasa-instagram-look-elegante-facil-ponible-20210420100633.html\">top negro<\/a> que importa este verano.\n<\/p>\n<div class=\"voc-detail-photo-zoom\"><picture data-toggle=\"modal\" data-target=\"#photoZoomModal-824\" target=\"modal\">\n<div class=\"voc-img-icon-link\"><img loading=\"lazy\" data-original=\"\/\/static1.mujerhoy.com\/www\/multimedia\/202108\/02\/media\/cortadas\/top-negro-zara-stradivarius-hym-2-kYQH--460x637@MujerHoy.jpg\" class=\"lazy\"><noscript><img src=\"http:\/\/hoycordobaweb.com\/wp-content\/uploads\/2021\/08\/si-este-es-el-unico-top-negro-que-importa-este-verano-y-lo-tenemos-por-triplicado-porque-favorece-muchisimo.png\" alt><\/noscript><i class=\"voc-icons zoom voc-multimedia-box voc-ico-l\"><\/i><\/div><figcaption class=\"figure-caption\"><\/figcaption><\/picture><\/div>\n<div id=\"photoZoomModal-824\" class=\"voc-lightbox modal fade voc-lightbox--photo-zoom\" role=\"dialog\" data-voc-photozoom-lightbox>\n<div class=\"voc-lightbox__dialog\" role=\"document\">\n<div class=\"voc-lightbox__content\"><!-- Modal header --><!-- Modal content --><\/p>\n<div class=\"voc-lightbox__photo-container\"><picture class><img loading=\"lazy\" data-original=\"\/\/static1.mujerhoy.com\/www\/multimedia\/202108\/02\/media\/cortadas\/top-negro-zara-stradivarius-hym-2-kYQH--460x637@MujerHoy.jpg\" alt class=\"lazy\"><noscript><img src=\"http:\/\/hoycordobaweb.com\/wp-content\/uploads\/2021\/08\/si-este-es-el-unico-top-negro-que-importa-este-verano-y-lo-tenemos-por-triplicado-porque-favorece-muchisimo.png\" alt><\/noscript><\/picture><\/div>\n<\/div>\n<\/div>\n<\/div>\n<p class=\"voc-paragraph\">Es justo y necesario clarificar un poco la <strong>tendencia <\/strong>porque, si no, nos volvemos locas a la hora de comprar. Aunque las marcas favorecen todo tipo de estilos para que ninguna compradora se quede sin resolver su preferencia, <strong>el top que se ha llevado la tendencia de calle este verano es minimalista y cropped<\/strong>, tanto en versi\u00f3n tubo, sin tirantes, como con estos tirantes espagueti que los reafirman. El top que m\u00e1s se parece al que lleva la influencer <strong>Caroline Daur <\/strong>es de H&amp;M, est\u00e1 confeccionado en punto y cuesta 2,99 euros.\n<\/p>\n<div class=\"voc-detail-photo-zoom\"><picture data-toggle=\"modal\" data-target=\"#photoZoomModal-314\" target=\"modal\">\n<div class=\"voc-img-icon-link\"><img loading=\"lazy\" data-original=\"\/\/static1.mujerhoy.com\/www\/multimedia\/202108\/02\/media\/cortadas\/top-negro-zara-stradivarius-hym-3-kYQH--460x637@MujerHoy.jpg\" class=\"lazy\"><noscript><img src=\"http:\/\/hoycordobaweb.com\/wp-content\/uploads\/2021\/08\/si-este-es-el-unico-top-negro-que-importa-este-verano-y-lo-tenemos-por-triplicado-porque-favorece-muchisimo-1.png\" alt><\/noscript><i class=\"voc-icons zoom voc-multimedia-box voc-ico-l\"><\/i><\/div><figcaption class=\"figure-caption\"><\/figcaption><\/picture><\/div>\n<div id=\"photoZoomModal-314\" class=\"voc-lightbox modal fade voc-lightbox--photo-zoom\" role=\"dialog\" data-voc-photozoom-lightbox>\n<div class=\"voc-lightbox__dialog\" role=\"document\">\n<div class=\"voc-lightbox__content\"><!-- Modal header --><!-- Modal content --><\/p>\n<div class=\"voc-lightbox__photo-container\"><picture class><img loading=\"lazy\" data-original=\"\/\/static1.mujerhoy.com\/www\/multimedia\/202108\/02\/media\/cortadas\/top-negro-zara-stradivarius-hym-3-kYQH--460x637@MujerHoy.jpg\" alt class=\"lazy\"><noscript><img src=\"http:\/\/hoycordobaweb.com\/wp-content\/uploads\/2021\/08\/si-este-es-el-unico-top-negro-que-importa-este-verano-y-lo-tenemos-por-triplicado-porque-favorece-muchisimo-1.png\" alt><\/noscript><\/picture><\/div>\n<\/div>\n<\/div>\n<\/div>\n<p class=\"voc-paragraph\">Por suerte, tenemos alternativas a este top si nos apetece darle otro aire. En la nueva colecci\u00f3n de Stradivarius tenemos un<br \/>\n<strong> top negro perfecto <\/strong>si no nos apetece mostrar las abdominales: es algo m\u00e1s largo y<br \/>\n<strong> tapa casi hasta la cintura<\/strong>. Adem\u00e1s, los tirantes son a\u00fan m\u00e1s finos y el contraste queda precioso sobre todo en la espalda, que va <strong>pr\u00e1cticamente descubierta <\/strong>(5,99 euros).\n<\/p>\n<div class=\"voc-detail-photo-zoom\"><picture data-toggle=\"modal\" data-target=\"#photoZoomModal-85\" target=\"modal\">\n<div class=\"voc-img-icon-link\"><img loading=\"lazy\" data-original=\"\/\/static2.mujerhoy.com\/www\/multimedia\/202108\/02\/media\/cortadas\/top-negro-zara-stradivarius-hym-1-kYQH--460x637@MujerHoy.jpg\" class=\"lazy\"><noscript><img src=\"http:\/\/hoycordobaweb.com\/wp-content\/uploads\/2021\/08\/si-este-es-el-unico-top-negro-que-importa-este-verano-y-lo-tenemos-por-triplicado-porque-favorece-muchisimo-2.png\" alt><\/noscript><i class=\"voc-icons zoom voc-multimedia-box voc-ico-l\"><\/i><\/div><figcaption class=\"figure-caption\"><\/figcaption><\/picture><\/div>\n<div id=\"photoZoomModal-85\" class=\"voc-lightbox modal fade voc-lightbox--photo-zoom\" role=\"dialog\" data-voc-photozoom-lightbox>\n<div class=\"voc-lightbox__dialog\" role=\"document\">\n<div class=\"voc-lightbox__content\"><!-- Modal header --><!-- Modal content --><\/p>\n<div class=\"voc-lightbox__photo-container\"><picture class><img loading=\"lazy\" data-original=\"\/\/static2.mujerhoy.com\/www\/multimedia\/202108\/02\/media\/cortadas\/top-negro-zara-stradivarius-hym-1-kYQH--460x637@MujerHoy.jpg\" alt class=\"lazy\"><noscript><img src=\"http:\/\/hoycordobaweb.com\/wp-content\/uploads\/2021\/08\/si-este-es-el-unico-top-negro-que-importa-este-verano-y-lo-tenemos-por-triplicado-porque-favorece-muchisimo-2.png\" alt><\/noscript><\/picture><\/div>\n<\/div>\n<\/div>\n<\/div>\n<p class=\"voc-paragraph\">La tercera opci\u00f3n del<br \/>\n<strong> top negro <\/strong>que m\u00e1s importa este verano est\u00e1 en Zara, aunque lo cierto es que la nueva colecci\u00f3n propone media docena de tops negros en esta misma l\u00ednea: merece la pena explorarla. El top que hemos elegido subrayar aqu\u00ed lleva una<br \/>\n<strong> decoraci\u00f3n frontal muy bonita, un frunce<\/strong>, y lazada al cuello (12,95 euros).\n<\/p>\n<div class=\"voc-detail__cmp voc-detail__cmp--pad-lr voc-detail__cmp--pad-lr--bdr\">\n<div class=\"voc-ficha-detail__wrapper\">\n<section class=\"voc-ficha-detail\">\n<h4 class=\"voc-ficha-detail-title voc-title-section\">Te recomendamos<\/h4>\n<\/section>\n<\/div>\n<\/div>\n<p><!-- TOPICS --><\/p>\n","protected":false},"excerpt":{"rendered":"<p>Si eres una verdadera seguidora de la tendencia de moda, tu experiencia de compra te hace saber que uno de los colores favoritos de agosto es el negro. No es por llevarle la contraria al verano: es un tono que queda fant\u00e1stico cuando la piel est\u00e1 ya de sobra bronceada. Ahora mismo, entrar en cualquier [&hellip;]<\/p>\n","protected":false},"author":1,"featured_media":26812,"comment_status":"closed","ping_status":"closed","sticky":false,"template":"","format":"standard","meta":[],"categories":[1],"tags":[],"_links":{"self":[{"href":"http:\/\/hoycordobaweb.com\/index.php\/wp-json\/wp\/v2\/posts\/26811"}],"collection":[{"href":"http:\/\/hoycordobaweb.com\/index.php\/wp-json\/wp\/v2\/posts"}],"about":[{"href":"http:\/\/hoycordobaweb.com\/index.php\/wp-json\/wp\/v2\/types\/post"}],"author":[{"embeddable":true,"href":"http:\/\/hoycordobaweb.com\/index.php\/wp-json\/wp\/v2\/users\/1"}],"replies":[{"embeddable":true,"href":"http:\/\/hoycordobaweb.com\/index.php\/wp-json\/wp\/v2\/comments?post=26811"}],"version-history":[{"count":0,"href":"http:\/\/hoycordobaweb.com\/index.php\/wp-json\/wp\/v2\/posts\/26811\/revisions"}],"wp:featuredmedia":[{"embeddable":true,"href":"http:\/\/hoycordobaweb.com\/index.php\/wp-json\/wp\/v2\/media\/26812"}],"wp:attachment":[{"href":"http:\/\/hoycordobaweb.com\/index.php\/wp-json\/wp\/v2\/media?parent=26811"}],"wp:term":[{"taxonomy":"category","embeddable":true,"href":"http:\/\/hoycordobaweb.com\/index.php\/wp-json\/wp\/v2\/categories?post=26811"},{"taxonomy":"post_tag","embeddable":true,"href":"http:\/\/hoycordobaweb.com\/index.php\/wp-json\/wp\/v2\/tags?post=26811"}],"curies":[{"name":"wp","href":"https:\/\/api.w.org\/{rel}","templated":true}]}}