{"id":26789,"date":"2021-08-09T16:32:50","date_gmt":"2021-08-09T16:32:50","guid":{"rendered":"http:\/\/ladecimaweb.com\/?p=10433"},"modified":"2021-08-09T16:32:50","modified_gmt":"2021-08-09T16:32:50","slug":"salvemos-a-mia-una-nena-de-siete-anos-de-la-zona-sur-que-necesita-de-todos","status":"publish","type":"post","link":"http:\/\/hoycordobaweb.com\/index.php\/2021\/08\/09\/salvemos-a-mia-una-nena-de-siete-anos-de-la-zona-sur-que-necesita-de-todos\/","title":{"rendered":"\u201cSalvemos a M\u00eda\u201d: una nena de siete a\u00f1os de la zona sur que necesita de todos"},"content":{"rendered":"<p>Mia Barrionuevo es una nena de la zona sur que necesita de la ayuda de todos para seguir con vida.<\/p>\n<p>A Mia le diagnosticaron un &#8220;tumor tronco cerebral&#8221; en enero pasado y, desde ese momento, su vida y la de su familia cambi\u00f3 para siempre.<\/p>\n<p>El \u00fanico objetivo ahora es salvarle la vida, por eso organizaron la campa\u00f1a &#8220;Salvemos a M\u00eda&#8221;, que busca recaudar fondos para que la ni\u00f1a reciba tratamiento m\u00e9dico en Estados Unidos.<\/p>\n<p>Diego Luj\u00e1n, pareja de la mam\u00e1 de M\u00eda, cont\u00f3 que se ha llegado a un l\u00edmite con las quimioterapias y que los m\u00e9dicos del hospital Privado le recomendaron un tratamiento con tecnolog\u00eda de avanzada para salvarle la vida a la ni\u00f1a.<\/p>\n<figure id=\"attachment_10435\" aria-describedby=\"caption-attachment-10435\" style=\"width: 288px\" class=\"wp-caption aligncenter\"><img loading=\"lazy\" class=\"wp-image-10435\" src=\"http:\/\/hoycordobaweb.com\/wp-content\/uploads\/2021\/08\/salvemos-a-mia-una-nena-de-siete-anos-de-la-zona-sur-que-necesita-de-todos.jpg\" alt=\"\" width=\"288\" height=\"360\" srcset=\"http:\/\/hoycordobaweb.com\/wp-content\/uploads\/2021\/08\/salvemos-a-mia-una-nena-de-siete-anos-de-la-zona-sur-que-necesita-de-todos.jpg 556w, http:\/\/hoycordobaweb.com\/wp-content\/uploads\/2021\/08\/salvemos-a-mia-una-nena-de-siete-anos-de-la-zona-sur-que-necesita-de-todos-1.jpg 356w\" sizes=\"(max-width: 288px) 100vw, 288px\" \/><figcaption id=\"caption-attachment-10435\" class=\"wp-caption-text\">Copia de la historia cl\u00ednica de la ni\u00f1a<\/figcaption><\/figure>\n<p>&#8220;Mia ya perdi\u00f3 el habla, no camina, y necesitamos la ayuda de la gente, del gobierno, para llevarla afuera y salvarle la vida&#8221;, dijo Luj\u00e1n a La D\u00e9cima. &#8220;Sabemos que es mucha plata la que necesitamos, pero si no lo intentamos ella se muere&#8221;, agreg\u00f3 la actual pareja de la mam\u00e1. El tratamiento en Estados Unidos costar\u00eda alrededor de 350 mil d\u00f3lares.<\/p>\n<p>La mam\u00e1 trabaja en una empresa de limpieza lo que le permite contar con una obra social para cubrir los gastos m\u00e9dicos.\u00a0&#8220;Pero ahora ella necesitar\u00eda dejar de trabajar para cuidar a M\u00eda y no lo pueden hacer porque le dijeron que si deja el trabajo se corta la obra social&#8221;, cont\u00f3 Luj\u00e1n.<\/p>\n<p>La familia de Mia, que reside en barrio Santa Isabel Segunda Secci\u00f3n (Cajamarca y Cumbre del Perchel), ha iniciado una campa\u00f1a para juntar fondos a trav\u00e9s de la apertura de una cuenta bancaria y de un muro de facebook &#8220;Salvemos a Mia&#8221; para visibilizar el problema.<\/p>\n<p>&nbsp;<\/p>\n<p>La entrada <a rel=\"nofollow\" href=\"https:\/\/ladecimaweb.com\/salvemos-a-mia-una-nena-de-siete-anos-de-la-zona-sur-que-necesita-de-todos\/\">&#8220;Salvemos a M\u00eda&#8221;: una nena de siete a\u00f1os de la zona sur que necesita de todos<\/a> se public\u00f3 primero en <a rel=\"nofollow\" href=\"https:\/\/ladecimaweb.com\">LaDecima<\/a>.<\/p>\n","protected":false},"excerpt":{"rendered":"<p>Mia Barrionuevo es una nena de la zona sur que necesita de la ayuda de todos para seguir con vida. A Mia le diagnosticaron un &#8220;tumor tronco cerebral&#8221; en enero pasado y, desde ese momento, su vida y la de su familia cambi\u00f3 para siempre. El \u00fanico objetivo ahora es salvarle la vida, por eso [&hellip;]<\/p>\n","protected":false},"author":1,"featured_media":26790,"comment_status":"closed","ping_status":"closed","sticky":false,"template":"","format":"standard","meta":[],"categories":[19],"tags":[],"_links":{"self":[{"href":"http:\/\/hoycordobaweb.com\/index.php\/wp-json\/wp\/v2\/posts\/26789"}],"collection":[{"href":"http:\/\/hoycordobaweb.com\/index.php\/wp-json\/wp\/v2\/posts"}],"about":[{"href":"http:\/\/hoycordobaweb.com\/index.php\/wp-json\/wp\/v2\/types\/post"}],"author":[{"embeddable":true,"href":"http:\/\/hoycordobaweb.com\/index.php\/wp-json\/wp\/v2\/users\/1"}],"replies":[{"embeddable":true,"href":"http:\/\/hoycordobaweb.com\/index.php\/wp-json\/wp\/v2\/comments?post=26789"}],"version-history":[{"count":0,"href":"http:\/\/hoycordobaweb.com\/index.php\/wp-json\/wp\/v2\/posts\/26789\/revisions"}],"wp:featuredmedia":[{"embeddable":true,"href":"http:\/\/hoycordobaweb.com\/index.php\/wp-json\/wp\/v2\/media\/26790"}],"wp:attachment":[{"href":"http:\/\/hoycordobaweb.com\/index.php\/wp-json\/wp\/v2\/media?parent=26789"}],"wp:term":[{"taxonomy":"category","embeddable":true,"href":"http:\/\/hoycordobaweb.com\/index.php\/wp-json\/wp\/v2\/categories?post=26789"},{"taxonomy":"post_tag","embeddable":true,"href":"http:\/\/hoycordobaweb.com\/index.php\/wp-json\/wp\/v2\/tags?post=26789"}],"curies":[{"name":"wp","href":"https:\/\/api.w.org\/{rel}","templated":true}]}}