{"id":26688,"date":"2021-08-07T18:31:33","date_gmt":"2021-08-07T18:31:33","guid":{"rendered":"https:\/\/www.trendencias.com\/belleza\/durante-verano-arrugas-contorno-ojos-se-marcan-estos-cinco-serums-especificos-piel-se-volvera-a-ver-tersa-e-hidratada"},"modified":"2021-08-07T18:31:33","modified_gmt":"2021-08-07T18:31:33","slug":"durante-el-verano-las-arrugas-del-contorno-de-los-ojos-se-marcan-mas-y-con-estos-cinco-serums-especificos-la-piel-se-volvera-a-ver-tersa-e-hidratada","status":"publish","type":"post","link":"http:\/\/hoycordobaweb.com\/index.php\/2021\/08\/07\/durante-el-verano-las-arrugas-del-contorno-de-los-ojos-se-marcan-mas-y-con-estos-cinco-serums-especificos-la-piel-se-volvera-a-ver-tersa-e-hidratada\/","title":{"rendered":"Durante el verano las arrugas del contorno de los ojos se marcan m\u00e1s y con estos cinco s\u00e9rums espec\u00edficos la piel se volver\u00e1 a ver tersa e hidratada"},"content":{"rendered":"<p><strong>El contorno de los ojos es una piel sumamente delicada<\/strong>, y sufre m\u00e1s que ninguna otra zona del rostro el paso del tiempo, las finas arruguitas comienzan a marcarse, <strong>y es durante el verano cuando m\u00e1s se acent\u00faan los gestos de expresi\u00f3n<\/strong>, fruncimos m\u00e1s el ce\u00f1o y los ojos, ya que la luz del sol es m\u00e1s intensa, y adem\u00e1s pasamos m\u00e1s tiempo al aire libre.<\/p>\n<p><!-- BREAK 1 --><\/p>\n<p>Por este motivo, el contorno <a href=\"https:\/\/www.trendencias.com\/belleza\/parches-klorane-otras-tres-estupendas-alternativas-para-cuidar-contorno-ojos-refrescar-mirada\">es una de las zonas que m\u00e1s debemos cuidar en esta \u00e9poca del a\u00f1o<\/a>, sin dejar de mencionar que el calor tambi\u00e9n contribuye a que los ojos est\u00e9n m\u00e1s hinchados, por lo que como mejor aliado tendremos &nbsp;<strong>los s\u00e9rums espec\u00edficos para el contorno de ojos<\/strong>, que aportan hidrataci\u00f3n, descongestionan gracias a su acci\u00f3n drenante y reducen las arrugas.<\/p>\n<p><!-- BREAK 2 --> <\/p>\n<div class=\"article-asset article-asset-normal article-asset-center\">\n<div class=\"desvio-container\">\n<div class=\"desvio\">\n<div class=\"desvio-figure js-desvio-figure\"> <a href=\"https:\/\/www.trendencias.com\/belleza\/estos-dos-productos-estelle-thild-que-nos-han-conquitado-ser-eficaces-respetuosos-piel\"> <img alt=\"Estos son los dos productos de Estelle &amp; Thild que nos han conquistado por ser tan eficaces y respetuosos con la piel\" src=\"http:\/\/hoycordobaweb.com\/wp-content\/uploads\/2021\/08\/durante-el-verano-las-arrugas-del-contorno-de-los-ojos-se-marcan-mas-y-con-estos-cinco-serums-especificos-la-piel-se-volvera-a-ver-tersa-e-hidratada.jpg\"> <\/a> <\/div><\/div><\/div>\n<\/div>\n<div class=\"article-asset-image article-asset-normal article-asset-center\">\n<div class=\"asset-content\">\n<div class=\"base-wrapper-image\"> <img class=\"sf-lazy centro_sinmarco\" data-sf-srcset=\"http:\/\/hoycordobaweb.com\/wp-content\/uploads\/2021\/08\/durante-el-verano-las-arrugas-del-contorno-de-los-ojos-se-marcan-mas-y-con-estos-cinco-serums-especificos-la-piel-se-volvera-a-ver-tersa-e-hidratada-1.jpg 450w, http:\/\/hoycordobaweb.com\/wp-content\/uploads\/2021\/08\/durante-el-verano-las-arrugas-del-contorno-de-los-ojos-se-marcan-mas-y-con-estos-cinco-serums-especificos-la-piel-se-volvera-a-ver-tersa-e-hidratada-12.jpg 681w,http:\/\/hoycordobaweb.com\/wp-content\/uploads\/2021\/08\/durante-el-verano-las-arrugas-del-contorno-de-los-ojos-se-marcan-mas-y-con-estos-cinco-serums-especificos-la-piel-se-volvera-a-ver-tersa-e-hidratada-13.jpg 1024w, http:\/\/hoycordobaweb.com\/wp-content\/uploads\/2021\/08\/durante-el-verano-las-arrugas-del-contorno-de-los-ojos-se-marcan-mas-y-con-estos-cinco-serums-especificos-la-piel-se-volvera-a-ver-tersa-e-hidratada-14.jpg 1366w,\" data-sf-src=\"http:\/\/hoycordobaweb.com\/wp-content\/uploads\/2021\/08\/durante-el-verano-las-arrugas-del-contorno-de-los-ojos-se-marcan-mas-y-con-estos-cinco-serums-especificos-la-piel-se-volvera-a-ver-tersa-e-hidratada-1.jpg\" alt=\"vit c\"> <noscript><img alt=\"vit c\" class=\"centro_sinmarco\" src=\"http:\/\/hoycordobaweb.com\/wp-content\/uploads\/2021\/08\/durante-el-verano-las-arrugas-del-contorno-de-los-ojos-se-marcan-mas-y-con-estos-cinco-serums-especificos-la-piel-se-volvera-a-ver-tersa-e-hidratada-1.jpg\"><\/noscript> <\/div><\/div>\n<\/div>\n<p>&#8211;<strong>Kiehl&#8217;s S\u00e9rum de Ojos con Vitamina C para.<\/strong> Sabemos que la <strong>vit C <\/strong>es un gran ingrediente <strong>para mejorar la textura y la luminosidad de la piel<\/strong>, por eso este s\u00e9rum reduce las l\u00edneas de expresi\u00f3n y las ojeras. La piel tambi\u00e9n estar\u00e1 <strong>m\u00e1s hidratada y se ver\u00e1 rellena<\/strong> gracias a ingredientes como \u00e1cido hialur\u00f3nico y la glicerina. Precio <a href=\"https:\/\/www.trendencias.com\/redirect?url=https%3A%2F%2Fwww.lookfantastic.es%2Fkiehl-s-powerful-strength-line-reducing-and-dark-circle-diminishing-vitamin-c-eye-serum-15ml%2F12916246.html&amp;category=belleza\">38,45 euros<\/a>.<\/p>\n<p><!-- BREAK 3 --><!-- PIVOT START --><\/p>\n<div class=\"pivot-ecommerce-container\">\n<div class=\"pivot-ecommerce\" readability=\"4.4869565217391\">\n<div class=\"pivot-ecommerce-figure\"> <img alt=\"Kiehl's S\u00e9rum de Ojos con Vitamina C para Reducir las L\u00edneas y Disminuir las Ojeras\" src=\"http:\/\/hoycordobaweb.com\/wp-content\/uploads\/2021\/08\/durante-el-verano-las-arrugas-del-contorno-de-los-ojos-se-marcan-mas-y-con-estos-cinco-serums-especificos-la-piel-se-volvera-a-ver-tersa-e-hidratada-2.jpg\"> <\/div>\n<div class=\"pivot-ecommerce-summary\" readability=\"5.2347826086957\">\n<p class=\"pivot-ecommerce-desc\">Kiehl&#8217;s S\u00e9rum de Ojos con Vitamina C para Reducir las L\u00edneas y Disminuir las Ojeras<\/p>\n<\/p><\/div><\/div>\n<\/div>\n<p><!-- PIVOT END --><\/p>\n<div class=\"article-asset-image article-asset-normal article-asset-center\">\n<div class=\"asset-content\">\n<div class=\"base-wrapper-image\"> <img class=\"sf-lazy centro_sinmarco\" data-sf-srcset=\"http:\/\/hoycordobaweb.com\/wp-content\/uploads\/2021\/08\/durante-el-verano-las-arrugas-del-contorno-de-los-ojos-se-marcan-mas-y-con-estos-cinco-serums-especificos-la-piel-se-volvera-a-ver-tersa-e-hidratada-3.jpg 450w, http:\/\/hoycordobaweb.com\/wp-content\/uploads\/2021\/08\/durante-el-verano-las-arrugas-del-contorno-de-los-ojos-se-marcan-mas-y-con-estos-cinco-serums-especificos-la-piel-se-volvera-a-ver-tersa-e-hidratada-15.jpg 681w,http:\/\/hoycordobaweb.com\/wp-content\/uploads\/2021\/08\/durante-el-verano-las-arrugas-del-contorno-de-los-ojos-se-marcan-mas-y-con-estos-cinco-serums-especificos-la-piel-se-volvera-a-ver-tersa-e-hidratada-16.jpg 1024w, http:\/\/hoycordobaweb.com\/wp-content\/uploads\/2021\/08\/durante-el-verano-las-arrugas-del-contorno-de-los-ojos-se-marcan-mas-y-con-estos-cinco-serums-especificos-la-piel-se-volvera-a-ver-tersa-e-hidratada-17.jpg 1366w,\" data-sf-src=\"http:\/\/hoycordobaweb.com\/wp-content\/uploads\/2021\/08\/durante-el-verano-las-arrugas-del-contorno-de-los-ojos-se-marcan-mas-y-con-estos-cinco-serums-especificos-la-piel-se-volvera-a-ver-tersa-e-hidratada-3.jpg\" alt=\"s\u00e9rum\"> <noscript><img alt=\"s\u00e9rum\" class=\"centro_sinmarco\" src=\"http:\/\/hoycordobaweb.com\/wp-content\/uploads\/2021\/08\/durante-el-verano-las-arrugas-del-contorno-de-los-ojos-se-marcan-mas-y-con-estos-cinco-serums-especificos-la-piel-se-volvera-a-ver-tersa-e-hidratada-3.jpg\"><\/noscript> <\/div><\/div>\n<\/div>\n<p>&#8211;<strong>Pro-Collagen Advanced Eye Treatment Elemis<\/strong>. Para eliminar la hinchaz\u00f3n del contorno de los ojos, contiene ingredientes como la padina pav\u00f3nica que reafirma la piel a la vez que <strong>minimiza las l\u00edneas &nbsp;finas y las arrugas<\/strong>, por lo que la piel se ver\u00e1 rejuvenecida y m\u00e1s revitalizada. Precio <a href=\"https:\/\/www.trendencias.com\/redirect?url=https%3A%2F%2Fwww.lookfantastic.es%2Felemis-pro-collagen-advanced-eye-treatment-15ml%2F10621773.html&amp;category=belleza\">58,45 euros<\/a>.<\/p>\n<p><!-- BREAK 4 --><!-- PIVOT START --><\/p>\n<div class=\"pivot-ecommerce-container\">\n<div class=\"pivot-ecommerce\" readability=\"3.4411764705882\">\n<div class=\"pivot-ecommerce-figure\"> <img alt=\"Collagen Advanced Eye Treatment Elemis\" src=\"http:\/\/hoycordobaweb.com\/wp-content\/uploads\/2021\/08\/durante-el-verano-las-arrugas-del-contorno-de-los-ojos-se-marcan-mas-y-con-estos-cinco-serums-especificos-la-piel-se-volvera-a-ver-tersa-e-hidratada-4.jpg\"> <\/div>\n<div class=\"pivot-ecommerce-summary\" readability=\"4.0147058823529\">\n<p class=\"pivot-ecommerce-desc\">Collagen Advanced Eye Treatment Elemis<\/p>\n<\/p><\/div><\/div>\n<\/div>\n<p><!-- PIVOT END --><\/p>\n<div class=\"article-asset-image article-asset-normal article-asset-center\">\n<div class=\"asset-content\">\n<div class=\"base-wrapper-image\"> <img class=\"sf-lazy centro_sinmarco\" data-sf-srcset=\"http:\/\/hoycordobaweb.com\/wp-content\/uploads\/2021\/08\/durante-el-verano-las-arrugas-del-contorno-de-los-ojos-se-marcan-mas-y-con-estos-cinco-serums-especificos-la-piel-se-volvera-a-ver-tersa-e-hidratada-5.jpg 450w, http:\/\/hoycordobaweb.com\/wp-content\/uploads\/2021\/08\/durante-el-verano-las-arrugas-del-contorno-de-los-ojos-se-marcan-mas-y-con-estos-cinco-serums-especificos-la-piel-se-volvera-a-ver-tersa-e-hidratada-18.jpg 681w,http:\/\/hoycordobaweb.com\/wp-content\/uploads\/2021\/08\/durante-el-verano-las-arrugas-del-contorno-de-los-ojos-se-marcan-mas-y-con-estos-cinco-serums-especificos-la-piel-se-volvera-a-ver-tersa-e-hidratada-19.jpg 1024w, http:\/\/hoycordobaweb.com\/wp-content\/uploads\/2021\/08\/durante-el-verano-las-arrugas-del-contorno-de-los-ojos-se-marcan-mas-y-con-estos-cinco-serums-especificos-la-piel-se-volvera-a-ver-tersa-e-hidratada-20.jpg 1366w,\" data-sf-src=\"http:\/\/hoycordobaweb.com\/wp-content\/uploads\/2021\/08\/durante-el-verano-las-arrugas-del-contorno-de-los-ojos-se-marcan-mas-y-con-estos-cinco-serums-especificos-la-piel-se-volvera-a-ver-tersa-e-hidratada-5.jpg\" alt=\"olay\"> <noscript><img alt=\"olay\" class=\"centro_sinmarco\" src=\"http:\/\/hoycordobaweb.com\/wp-content\/uploads\/2021\/08\/durante-el-verano-las-arrugas-del-contorno-de-los-ojos-se-marcan-mas-y-con-estos-cinco-serums-especificos-la-piel-se-volvera-a-ver-tersa-e-hidratada-5.jpg\"><\/noscript> <\/div><\/div>\n<\/div>\n<p>&#8211;<strong>Olay Eyes Firming Niacinamide S\u00e9rum<\/strong>. La delicada piel del contorno cambia su aspecto gracias a que este s\u00e9rum <strong>combate la aparici\u00f3n de arrugas, despigmenta las ojeras y baja la hinchaz\u00f3n<\/strong>. Enriquecido con un complejo de amino-p\u00e9ptidos, el &nbsp;s\u00e9rum redensifica la piel con hidrataci\u00f3n para elevar y reafirmar la piel fl\u00e1cida. &nbsp;Precio <a href=\"https:\/\/www.trendencias.com\/redirect?url=https%3A%2F%2Fwww.lookfantastic.es%2Folay-eyes-firming-niacinamide-serum-15ml%2F11428424.html&amp;category=belleza\">28,45 euros<\/a>.<\/p>\n<p><!-- BREAK 5 --><!-- PIVOT START --><\/p>\n<div class=\"pivot-ecommerce-container\">\n<div class=\"pivot-ecommerce\" readability=\"3.5142857142857\">\n<div class=\"pivot-ecommerce-figure\"> <img alt=\"Olay Eyes Firming Niacinamide Serum 15ml\" src=\"http:\/\/hoycordobaweb.com\/wp-content\/uploads\/2021\/08\/durante-el-verano-las-arrugas-del-contorno-de-los-ojos-se-marcan-mas-y-con-estos-cinco-serums-especificos-la-piel-se-volvera-a-ver-tersa-e-hidratada-6.jpg\"> <\/div>\n<div class=\"pivot-ecommerce-summary\" readability=\"4.1\">\n<p class=\"pivot-ecommerce-desc\">Olay Eyes Firming Niacinamide Serum 15ml<\/p>\n<\/p><\/div><\/div>\n<\/div>\n<p><!-- PIVOT END --><\/p>\n<div class=\"article-asset-image article-asset-normal article-asset-center\">\n<div class=\"asset-content\">\n<div class=\"base-wrapper-image\"> <img class=\"sf-lazy centro_sinmarco\" data-sf-srcset=\"http:\/\/hoycordobaweb.com\/wp-content\/uploads\/2021\/08\/durante-el-verano-las-arrugas-del-contorno-de-los-ojos-se-marcan-mas-y-con-estos-cinco-serums-especificos-la-piel-se-volvera-a-ver-tersa-e-hidratada-7.jpg 450w, http:\/\/hoycordobaweb.com\/wp-content\/uploads\/2021\/08\/durante-el-verano-las-arrugas-del-contorno-de-los-ojos-se-marcan-mas-y-con-estos-cinco-serums-especificos-la-piel-se-volvera-a-ver-tersa-e-hidratada-21.jpg 681w,http:\/\/hoycordobaweb.com\/wp-content\/uploads\/2021\/08\/durante-el-verano-las-arrugas-del-contorno-de-los-ojos-se-marcan-mas-y-con-estos-cinco-serums-especificos-la-piel-se-volvera-a-ver-tersa-e-hidratada-22.jpg 1024w, http:\/\/hoycordobaweb.com\/wp-content\/uploads\/2021\/08\/durante-el-verano-las-arrugas-del-contorno-de-los-ojos-se-marcan-mas-y-con-estos-cinco-serums-especificos-la-piel-se-volvera-a-ver-tersa-e-hidratada-23.jpg 1366w,\" data-sf-src=\"http:\/\/hoycordobaweb.com\/wp-content\/uploads\/2021\/08\/durante-el-verano-las-arrugas-del-contorno-de-los-ojos-se-marcan-mas-y-con-estos-cinco-serums-especificos-la-piel-se-volvera-a-ver-tersa-e-hidratada-7.jpg\" alt=\"clarins\"> <noscript><img alt=\"clarins\" class=\"centro_sinmarco\" src=\"http:\/\/hoycordobaweb.com\/wp-content\/uploads\/2021\/08\/durante-el-verano-las-arrugas-del-contorno-de-los-ojos-se-marcan-mas-y-con-estos-cinco-serums-especificos-la-piel-se-volvera-a-ver-tersa-e-hidratada-7.jpg\"><\/noscript> <\/div><\/div>\n<\/div>\n<p>&#8211;<strong>S\u00e9rum Ojos Tensor y Anti Bolsas V Shaping Facial Lift &nbsp;Eye Concentrate Clarins<\/strong>. Las bolsas se reducen y la piel del contorno se reafirma gracias a este s\u00e9rum concentrado, que est\u00e1 dise\u00f1ado para reducir visiblemente el aspecto de los ojos hinchados. Su f\u00f3rmula enriquecida<strong> con extractos bot\u00e1nicos<\/strong> deshinchan y reafirman la zona, y el aplicador de metal refresca y ayuda a drenar las bolsas. Precio <a href=\"https:\/\/www.trendencias.com\/redirect?url=https%3A%2F%2Fwww.elcorteingles.es%2Fcanarias%2Fperfumeria%2FA39886820-serum-ojos-tensor-y-anti-bolsas-v-shaping-facial-lift-eye-concentrate-15-ml-clarins%2F%3Fgclid%3DCjwKCAjw55-HBhAHEiwARMCszrDvSXV5glGaEeMg8bMMds8l190RPpt9_14LJChiaQebmqEd1noJIBoCVXgQAvD_BwE%3Futm_source%26utm_medium%3Daffiliates%26utm_campaign%3D740039%26awc%3D13034_1628348794_d6c9664bc3d91bb6fe3b97fe9db7458b%26navigation_mode%3Dcanarias&amp;category=belleza\">53,10 euros<\/a>.<\/p>\n<p><!-- BREAK 6 --><!-- PIVOT START --><\/p>\n<div class=\"pivot-ecommerce-container\">\n<div class=\"pivot-ecommerce\" readability=\"4.3448275862069\">\n<div class=\"pivot-ecommerce-figure\"> <img alt=\"Serum Ojos Tensor y Anti Bolsas V Shaping Facial Lift Eye Concentrate 15 ml Clarins\" src=\"http:\/\/hoycordobaweb.com\/wp-content\/uploads\/2021\/08\/durante-el-verano-las-arrugas-del-contorno-de-los-ojos-se-marcan-mas-y-con-estos-cinco-serums-especificos-la-piel-se-volvera-a-ver-tersa-e-hidratada-8.jpg\"> <\/div>\n<div class=\"pivot-ecommerce-summary\" readability=\"5.0689655172414\">\n<p class=\"pivot-ecommerce-desc\">Serum Ojos Tensor y Anti Bolsas V Shaping Facial Lift Eye Concentrate 15 ml Clarins<\/p>\n<\/p><\/div><\/div>\n<\/div>\n<p><!-- PIVOT END --><\/p>\n<div class=\"article-asset-image article-asset-normal article-asset-center\">\n<div class=\"asset-content\">\n<div class=\"base-wrapper-image\"> <img class=\"sf-lazy centro_sinmarco\" data-sf-srcset=\"http:\/\/hoycordobaweb.com\/wp-content\/uploads\/2021\/08\/durante-el-verano-las-arrugas-del-contorno-de-los-ojos-se-marcan-mas-y-con-estos-cinco-serums-especificos-la-piel-se-volvera-a-ver-tersa-e-hidratada-9.jpg 450w, http:\/\/hoycordobaweb.com\/wp-content\/uploads\/2021\/08\/durante-el-verano-las-arrugas-del-contorno-de-los-ojos-se-marcan-mas-y-con-estos-cinco-serums-especificos-la-piel-se-volvera-a-ver-tersa-e-hidratada-24.jpg 681w,http:\/\/hoycordobaweb.com\/wp-content\/uploads\/2021\/08\/durante-el-verano-las-arrugas-del-contorno-de-los-ojos-se-marcan-mas-y-con-estos-cinco-serums-especificos-la-piel-se-volvera-a-ver-tersa-e-hidratada-25.jpg 1024w, http:\/\/hoycordobaweb.com\/wp-content\/uploads\/2021\/08\/durante-el-verano-las-arrugas-del-contorno-de-los-ojos-se-marcan-mas-y-con-estos-cinco-serums-especificos-la-piel-se-volvera-a-ver-tersa-e-hidratada-26.jpg 1366w,\" data-sf-src=\"http:\/\/hoycordobaweb.com\/wp-content\/uploads\/2021\/08\/durante-el-verano-las-arrugas-del-contorno-de-los-ojos-se-marcan-mas-y-con-estos-cinco-serums-especificos-la-piel-se-volvera-a-ver-tersa-e-hidratada-9.jpg\" alt=\"s\u00e9rum\"> <noscript><img alt=\"s\u00e9rum\" class=\"centro_sinmarco\" src=\"http:\/\/hoycordobaweb.com\/wp-content\/uploads\/2021\/08\/durante-el-verano-las-arrugas-del-contorno-de-los-ojos-se-marcan-mas-y-con-estos-cinco-serums-especificos-la-piel-se-volvera-a-ver-tersa-e-hidratada-9.jpg\"><\/noscript> <\/div><\/div>\n<\/div>\n<p>&#8211;<strong>Aesop Parsley Seed Anti-Oxidant Eye S\u00e9rum<\/strong>. &nbsp;Un contorno de ojos muy interesante es este que rehidrata la piel y devuelve la vitalidad a la mirada. Su f\u00f3rmula tiene ingredientes como la lavanda, la zanahoria, el pomelo o el extracto de semilla de perejil, que tienen funci\u00f3n antioxidante; la vit C ayuda a conseguir un tono m\u00e1s uniforme y luminoso reduciendo las ojeras. Precio <a href=\"https:\/\/www.trendencias.com\/redirect?url=https%3A%2F%2Fwww.lookfantastic.es%2Faesop-parsley-seed-anti-oxidant-eye-serum-15ml%2F10363561.html&amp;category=belleza\">69,45 euros<\/a>.<\/p>\n<p><!-- BREAK 7 --><!-- PIVOT START --><\/p>\n<div class=\"pivot-ecommerce-container\">\n<div class=\"pivot-ecommerce\" readability=\"3.7105263157895\">\n<div class=\"pivot-ecommerce-figure\"> <img alt=\"Aesop Parsley Seed Anti-Oxidant Eye Serum 15ml\" src=\"http:\/\/hoycordobaweb.com\/wp-content\/uploads\/2021\/08\/durante-el-verano-las-arrugas-del-contorno-de-los-ojos-se-marcan-mas-y-con-estos-cinco-serums-especificos-la-piel-se-volvera-a-ver-tersa-e-hidratada-10.jpg\"> <\/div>\n<div class=\"pivot-ecommerce-summary\" readability=\"4.3289473684211\">\n<p class=\"pivot-ecommerce-desc\">Aesop Parsley Seed Anti-Oxidant Eye Serum 15ml<\/p>\n<\/p><\/div><\/div>\n<\/div>\n<p><!-- PIVOT END --><\/p>\n<p><em>Nota: algunos de los enlaces aqu\u00ed publicados son de afiliados. A pesar de ello, ninguno de los art\u00edculos mencionados han sido propuestos ni por las marcas ni por las tiendas, siendo su introducci\u00f3n una decisi\u00f3n \u00fanica del equipo de editores.<\/em><\/p>\n<p><!-- BREAK 8 --><\/p>\n<p>Foto | Mango<\/p>\n","protected":false},"excerpt":{"rendered":"<p>El contorno de los ojos es una piel sumamente delicada, y sufre m\u00e1s que ninguna otra zona del rostro el paso del tiempo, las finas arruguitas comienzan a marcarse, y es durante el verano cuando m\u00e1s se acent\u00faan los gestos de expresi\u00f3n, fruncimos m\u00e1s el ce\u00f1o y los ojos, ya que la luz del sol [&hellip;]<\/p>\n","protected":false},"author":1,"featured_media":26689,"comment_status":"closed","ping_status":"closed","sticky":false,"template":"","format":"standard","meta":[],"categories":[1],"tags":[],"_links":{"self":[{"href":"http:\/\/hoycordobaweb.com\/index.php\/wp-json\/wp\/v2\/posts\/26688"}],"collection":[{"href":"http:\/\/hoycordobaweb.com\/index.php\/wp-json\/wp\/v2\/posts"}],"about":[{"href":"http:\/\/hoycordobaweb.com\/index.php\/wp-json\/wp\/v2\/types\/post"}],"author":[{"embeddable":true,"href":"http:\/\/hoycordobaweb.com\/index.php\/wp-json\/wp\/v2\/users\/1"}],"replies":[{"embeddable":true,"href":"http:\/\/hoycordobaweb.com\/index.php\/wp-json\/wp\/v2\/comments?post=26688"}],"version-history":[{"count":0,"href":"http:\/\/hoycordobaweb.com\/index.php\/wp-json\/wp\/v2\/posts\/26688\/revisions"}],"wp:featuredmedia":[{"embeddable":true,"href":"http:\/\/hoycordobaweb.com\/index.php\/wp-json\/wp\/v2\/media\/26689"}],"wp:attachment":[{"href":"http:\/\/hoycordobaweb.com\/index.php\/wp-json\/wp\/v2\/media?parent=26688"}],"wp:term":[{"taxonomy":"category","embeddable":true,"href":"http:\/\/hoycordobaweb.com\/index.php\/wp-json\/wp\/v2\/categories?post=26688"},{"taxonomy":"post_tag","embeddable":true,"href":"http:\/\/hoycordobaweb.com\/index.php\/wp-json\/wp\/v2\/tags?post=26688"}],"curies":[{"name":"wp","href":"https:\/\/api.w.org\/{rel}","templated":true}]}}