{"id":26652,"date":"2021-08-07T16:56:33","date_gmt":"2021-08-07T16:56:33","guid":{"rendered":"http:\/\/ladecimaweb.com\/?p=10427"},"modified":"2021-08-07T16:56:33","modified_gmt":"2021-08-07T16:56:33","slug":"responsabilizan-al-padre-por-el-suicidio-de-una-joven-abusada-por-el-durante-anos","status":"publish","type":"post","link":"http:\/\/hoycordobaweb.com\/index.php\/2021\/08\/07\/responsabilizan-al-padre-por-el-suicidio-de-una-joven-abusada-por-el-durante-anos\/","title":{"rendered":"Responsabilizan al padre por el suicidio de una joven abusada por \u00e9l durante a\u00f1os"},"content":{"rendered":"<p><a href=\"https:\/\/www.justiciacordoba.gob.ar\/JusticiaCordoba\/Inicio\/indexDetalle.aspx?codNovedad=32491\"><em>(Publicado por Justicia C\u00f3rdoba)<\/em> <\/a>La C\u00e1mara en lo Criminal y Correccional de 3\u00b0 Nominaci\u00f3n de la ciudad de C\u00f3rdoba dio a conocer los fundamentos de la sentencia que conden\u00f3 a <strong>prisi\u00f3n perpetua a Walter Manuel Insaurralde por abusar sexualmente de su hija durante varios a\u00f1os y as\u00ed desencadenar afecciones en su salud ps\u00edquica que la llevaron a suicidarse.<\/strong><\/p>\n<p>El tribunal, integrado por los camaristas \u00c1ngeles Palacio de Arato, Gustavo Ispani y Leandro Quijada y por jurados populares, calific\u00f3 la conducta del imputado como <strong>homicidio con motivo de abuso sexual con acceso carnal calificado, por el v\u00ednculo y la convivencia preexistente<\/strong>; en concurso ideal con promoci\u00f3n a la corrupci\u00f3n de menores de 18 a\u00f1os de edad, doblemente agravada por el v\u00ednculo y por el medio intimidatorio.<\/p>\n<p>Entre otros argumentos, la sentencia expresa: \u201cSin duda alguna, <strong>el incoado por medio de sus abusos, puso en riesgo la salud ps\u00edquica de su hija y su vida<\/strong>, y esa contingencia, conocida por \u00e9l, se reflej\u00f3 en los ataques que ella misma le propin\u00f3 a su cuerpo en un principio, y por \u00faltimo a su vida, con el consabido resultado muerte, ya que finalmente fruto del desorden mental que le produjeron, termin\u00f3 por dispararse en la cabeza\u201d.<\/p>\n<p>El vocal Ispani -autor del voto- precis\u00f3 que si bien la muerte de la v\u00edctima fue resultado de una conducta autoinflingida no se trat\u00f3 de una decisi\u00f3n libre de ella, \u201csino que provino del comportamiento prohibido de Insaurralde\u201d. \u201cEsos abusos sexuales, provocaron un grave da\u00f1o ps\u00edquico que motivaron, sin duda alguna, las actitudes impulsivas consistentes en varios intentos de autoagresi\u00f3n, hasta que se produjo el desenlace fatal\u201d, agreg\u00f3 el magistrado.<\/p>\n<p>La resoluci\u00f3n remarca que <strong>la damnificada intent\u00f3 suicidarse en varias ocasiones, \u201cya que no pod\u00eda olvidarse de los acontecimientos sufridos desde su infancia\u201d y \u201cestaba atormentada\u201d.<\/strong> Y que una de las amigas m\u00e1s cercanas de la v\u00edctima declar\u00f3 en la causa que lo \u00fanico que la aquejaba \u201cera el recuerdo de los abusos de su padre\u201d.<\/p>\n<p>\u201cWalter Manue<strong>l Insaurralde<\/strong> estaba al tanto de esa situaci\u00f3n\u00a0 desesperante para S.A.I. Sab\u00eda de su depresi\u00f3n, de sus autolesiones, como tambi\u00e9n que (\u2026) hab\u00eda intentado suicidarse. De m\u00e1s est\u00e1 decir que <strong>nada hizo para frenar el martirio por el que transitaba su hija\u201d<\/strong>, se\u00f1ala la sentencia.<\/p>\n<p>El camarista Ispani indic\u00f3 que se trata del primer caso de estas caracter\u00edsticas, por lo menos, a nivel nacional. Tambi\u00e9n se\u00f1al\u00f3 que el nombre correcto de la conducta es \u201chomicidio con motivo de abuso sexual\u201d, puesto que <strong>se produjo una acci\u00f3n dolosa en la que se pretende lesionar a una persona, pero termina por provocar la muerte<\/strong>. A modo de ejemplo, mencion\u00f3 casos id\u00e9nticos en cuanto a su apelativo como homicidio en ri\u00f1a o agresi\u00f3n (art. 95 C\u00f3digo Penal [CP]); homicidio con motivo y ocasi\u00f3n de robo (art. 165 CP).<\/p>\n<p>\u201cEl homicidio es un suceso eventual que no se debe enmarcar dentro de los designios del autor, debido a que en ese caso entrar\u00edamos dentro del contexto de otra figura penal. Si bien debe existir un nexo causal entre el abuso y el deceso, el t\u00e9rmino \u201cresultare la muerte\u201d abarca tambi\u00e9n a las violencias que no sean propias del ataque sexual\u201d, puntualiz\u00f3.<\/p>\n<p>Finalmente, <strong>el vocal Ispani exhort\u00f3 al Poder Legislativo para que analice y estudie una gradaci\u00f3n penal para este tipo de conductas que solo pueden ser sancionadas con una pena \u00fanica de prisi\u00f3n perpetua.<\/strong> El magistrado sostuvo que con la normativa actual se debe imponer igual pena aunque el homicidio se haya producido de manera voluntaria o dolosa, es decir, si la muerte fue ocasionada de manera accidental, por suicido o por una acci\u00f3n intencional.<\/p>\n<p><em>Causa: \u201cInsaurralde, Walter Manuel p.s.a. abuso sexual con acceso carnal calificado, etc.\u201d.<\/em><br \/>\n<em>Fecha: 6 de agosto de 2021. Resoluci\u00f3n: Sentencia n.\u00b0 34.<\/em><\/p>\n<div class=\"ubm_banner\"><a href=\"https:\/\/youtu.be\/PPZcx3DZupk\" target=\"_blank\" rel=\"dofollow noopener noreferrer\"><img src=\"http:\/\/hoycordobaweb.com\/wp-content\/uploads\/2021\/08\/responsabilizan-al-padre-por-el-suicidio-de-una-joven-abusada-por-el-durante-anos.gif\" alt=\"\"><\/a><\/div>\n<p>La entrada <a rel=\"nofollow\" href=\"https:\/\/ladecimaweb.com\/responsabilizan-al-padre-por-el-suicidio-de-una-joven-abusada-por-el-durante-anos\/\">Responsabilizan al padre por el suicidio de una joven abusada por \u00e9l durante a\u00f1os<\/a> se public\u00f3 primero en <a rel=\"nofollow\" href=\"https:\/\/ladecimaweb.com\">LaDecima<\/a>.<\/p>\n","protected":false},"excerpt":{"rendered":"<p>(Publicado por Justicia C\u00f3rdoba) La C\u00e1mara en lo Criminal y Correccional de 3\u00b0 Nominaci\u00f3n de la ciudad de C\u00f3rdoba dio a conocer los fundamentos de la sentencia que conden\u00f3 a prisi\u00f3n perpetua a Walter Manuel Insaurralde por abusar sexualmente de su hija durante varios a\u00f1os y as\u00ed desencadenar afecciones en su salud ps\u00edquica que la [&hellip;]<\/p>\n","protected":false},"author":1,"featured_media":26653,"comment_status":"closed","ping_status":"closed","sticky":false,"template":"","format":"standard","meta":[],"categories":[19],"tags":[],"_links":{"self":[{"href":"http:\/\/hoycordobaweb.com\/index.php\/wp-json\/wp\/v2\/posts\/26652"}],"collection":[{"href":"http:\/\/hoycordobaweb.com\/index.php\/wp-json\/wp\/v2\/posts"}],"about":[{"href":"http:\/\/hoycordobaweb.com\/index.php\/wp-json\/wp\/v2\/types\/post"}],"author":[{"embeddable":true,"href":"http:\/\/hoycordobaweb.com\/index.php\/wp-json\/wp\/v2\/users\/1"}],"replies":[{"embeddable":true,"href":"http:\/\/hoycordobaweb.com\/index.php\/wp-json\/wp\/v2\/comments?post=26652"}],"version-history":[{"count":0,"href":"http:\/\/hoycordobaweb.com\/index.php\/wp-json\/wp\/v2\/posts\/26652\/revisions"}],"wp:featuredmedia":[{"embeddable":true,"href":"http:\/\/hoycordobaweb.com\/index.php\/wp-json\/wp\/v2\/media\/26653"}],"wp:attachment":[{"href":"http:\/\/hoycordobaweb.com\/index.php\/wp-json\/wp\/v2\/media?parent=26652"}],"wp:term":[{"taxonomy":"category","embeddable":true,"href":"http:\/\/hoycordobaweb.com\/index.php\/wp-json\/wp\/v2\/categories?post=26652"},{"taxonomy":"post_tag","embeddable":true,"href":"http:\/\/hoycordobaweb.com\/index.php\/wp-json\/wp\/v2\/tags?post=26652"}],"curies":[{"name":"wp","href":"https:\/\/api.w.org\/{rel}","templated":true}]}}