{"id":26641,"date":"2021-08-07T20:14:00","date_gmt":"2021-08-07T20:14:00","guid":{"rendered":"https:\/\/fm-comunicar.com.ar\/contenido\/18027\/general-paz-recibio-una-unidad-de-traslado-para-su-sistema-de-salud"},"modified":"2021-08-07T20:14:00","modified_gmt":"2021-08-07T20:14:00","slug":"general-paz-recibio-una-unidad-de-traslado-para-su-sistema-de-salud","status":"publish","type":"post","link":"http:\/\/hoycordobaweb.com\/index.php\/2021\/08\/07\/general-paz-recibio-una-unidad-de-traslado-para-su-sistema-de-salud\/","title":{"rendered":"General Paz recibi\u00f3 una unidad de traslado para su sistema de salud"},"content":{"rendered":"<p>Los funcionarios provinciales tambi\u00e9n pasaron por la localidad y fueron recibidos por el Intendente Carlos Borgobello. Adem\u00e1s equiparon el servicio de odontolog\u00eda.<img src=\"http:\/\/hoycordobaweb.com\/wp-content\/uploads\/2021\/08\/general-paz-recibio-una-unidad-de-traslado-para-su-sistema-de-salud.jpg\"><\/p>\n","protected":false},"excerpt":{"rendered":"<p>Los funcionarios provinciales tambi\u00e9n pasaron por la localidad y fueron recibidos por el Intendente Carlos Borgobello. Adem\u00e1s equiparon el servicio de odontolog\u00eda.<\/p>\n","protected":false},"author":1,"featured_media":26642,"comment_status":"closed","ping_status":"closed","sticky":false,"template":"","format":"standard","meta":[],"categories":[18],"tags":[],"_links":{"self":[{"href":"http:\/\/hoycordobaweb.com\/index.php\/wp-json\/wp\/v2\/posts\/26641"}],"collection":[{"href":"http:\/\/hoycordobaweb.com\/index.php\/wp-json\/wp\/v2\/posts"}],"about":[{"href":"http:\/\/hoycordobaweb.com\/index.php\/wp-json\/wp\/v2\/types\/post"}],"author":[{"embeddable":true,"href":"http:\/\/hoycordobaweb.com\/index.php\/wp-json\/wp\/v2\/users\/1"}],"replies":[{"embeddable":true,"href":"http:\/\/hoycordobaweb.com\/index.php\/wp-json\/wp\/v2\/comments?post=26641"}],"version-history":[{"count":0,"href":"http:\/\/hoycordobaweb.com\/index.php\/wp-json\/wp\/v2\/posts\/26641\/revisions"}],"wp:featuredmedia":[{"embeddable":true,"href":"http:\/\/hoycordobaweb.com\/index.php\/wp-json\/wp\/v2\/media\/26642"}],"wp:attachment":[{"href":"http:\/\/hoycordobaweb.com\/index.php\/wp-json\/wp\/v2\/media?parent=26641"}],"wp:term":[{"taxonomy":"category","embeddable":true,"href":"http:\/\/hoycordobaweb.com\/index.php\/wp-json\/wp\/v2\/categories?post=26641"},{"taxonomy":"post_tag","embeddable":true,"href":"http:\/\/hoycordobaweb.com\/index.php\/wp-json\/wp\/v2\/tags?post=26641"}],"curies":[{"name":"wp","href":"https:\/\/api.w.org\/{rel}","templated":true}]}}