{"id":26620,"date":"2021-08-07T04:26:00","date_gmt":"2021-08-07T04:26:00","guid":{"rendered":"http:\/\/hoycordobaweb.com\/index.php\/2021\/08\/07\/argentina-como-en-seul-1988-va-por-la-medalla-de-bronce-olimpico-ante-brasil\/"},"modified":"2021-08-07T04:26:00","modified_gmt":"2021-08-07T04:26:00","slug":"argentina-como-en-seul-1988-va-por-la-medalla-de-bronce-olimpico-ante-brasil","status":"publish","type":"post","link":"http:\/\/hoycordobaweb.com\/index.php\/2021\/08\/07\/argentina-como-en-seul-1988-va-por-la-medalla-de-bronce-olimpico-ante-brasil\/","title":{"rendered":"Argentina, como en Se\u00fal 1988, va por la medalla de bronce ol\u00edmpico ante Brasil"},"content":{"rendered":"<p><img src=\"http:\/\/hoycordobaweb.com\/wp-content\/uploads\/2021\/08\/argentina-como-en-seul-1988-va-por-la-medalla-de-bronce-olimpico-ante-brasil.jpg\"><\/p>\n<div><img src=\"http:\/\/hoycordobaweb.com\/wp-content\/uploads\/2021\/08\/argentina-como-en-seul-1988-va-por-la-medalla-de-bronce-olimpico-ante-brasil-2.jpg\" class=\"ff-og-image-inserted\"><\/div>\n<div class=\"data\" readability=\"7\">\n<p>07\/08\/2021 01:26 &#8211; Juegos Ol\u00edmpicos<\/p>\n<\/p><\/div>\n<h2>Argentina, como en Se\u00fal 1988, va por la medalla de bronce ol\u00edmpico ante Brasil<\/h2>\n<p>El combinado nacional, dirigido por Marcelo Mendez, enfrenta a los \u00faltimos ganadores de la VNL en un duelo que entregar\u00e1 el \u00faltimo lugar del podio ol\u00edmpico.&nbsp;<\/p>\n","protected":false},"excerpt":{"rendered":"<p>07\/08\/2021 01:26 &#8211; Juegos Ol\u00edmpicos Argentina, como en Se\u00fal 1988, va por la medalla de bronce ol\u00edmpico ante Brasil El combinado nacional, dirigido por Marcelo Mendez, enfrenta a los \u00faltimos ganadores de la VNL en un duelo que entregar\u00e1 el \u00faltimo lugar del podio ol\u00edmpico.&nbsp;<\/p>\n","protected":false},"author":1,"featured_media":26621,"comment_status":"open","ping_status":"closed","sticky":false,"template":"","format":"standard","meta":[],"categories":[19],"tags":[],"_links":{"self":[{"href":"http:\/\/hoycordobaweb.com\/index.php\/wp-json\/wp\/v2\/posts\/26620"}],"collection":[{"href":"http:\/\/hoycordobaweb.com\/index.php\/wp-json\/wp\/v2\/posts"}],"about":[{"href":"http:\/\/hoycordobaweb.com\/index.php\/wp-json\/wp\/v2\/types\/post"}],"author":[{"embeddable":true,"href":"http:\/\/hoycordobaweb.com\/index.php\/wp-json\/wp\/v2\/users\/1"}],"replies":[{"embeddable":true,"href":"http:\/\/hoycordobaweb.com\/index.php\/wp-json\/wp\/v2\/comments?post=26620"}],"version-history":[{"count":0,"href":"http:\/\/hoycordobaweb.com\/index.php\/wp-json\/wp\/v2\/posts\/26620\/revisions"}],"wp:featuredmedia":[{"embeddable":true,"href":"http:\/\/hoycordobaweb.com\/index.php\/wp-json\/wp\/v2\/media\/26621"}],"wp:attachment":[{"href":"http:\/\/hoycordobaweb.com\/index.php\/wp-json\/wp\/v2\/media?parent=26620"}],"wp:term":[{"taxonomy":"category","embeddable":true,"href":"http:\/\/hoycordobaweb.com\/index.php\/wp-json\/wp\/v2\/categories?post=26620"},{"taxonomy":"post_tag","embeddable":true,"href":"http:\/\/hoycordobaweb.com\/index.php\/wp-json\/wp\/v2\/tags?post=26620"}],"curies":[{"name":"wp","href":"https:\/\/api.w.org\/{rel}","templated":true}]}}