{"id":26579,"date":"2021-08-06T17:29:00","date_gmt":"2021-08-06T17:29:00","guid":{"rendered":"http:\/\/hoycordobaweb.com\/index.php\/2021\/08\/06\/satisfaccion-y-tranquilidad-de-clientes-y-comerciantes-por-el-pase-verde-covid\/"},"modified":"2021-08-06T17:29:00","modified_gmt":"2021-08-06T17:29:00","slug":"satisfaccion-y-tranquilidad-de-clientes-y-comerciantes-por-el-pase-verde-covid","status":"publish","type":"post","link":"http:\/\/hoycordobaweb.com\/index.php\/2021\/08\/06\/satisfaccion-y-tranquilidad-de-clientes-y-comerciantes-por-el-pase-verde-covid\/","title":{"rendered":"Satisfacci\u00f3n y tranquilidad de clientes y comerciantes por el \u00abpase verde\u00bb Covid"},"content":{"rendered":"<p><img src=\"http:\/\/hoycordobaweb.com\/wp-content\/uploads\/2021\/08\/satisfaccion-y-tranquilidad-de-clientes-y-comerciantes-por-el-pase-verde-covid.jpg\"><\/p>\n<div class=\"image\" id=\"image\" readability=\"8\"> <img src=\"http:\/\/hoycordobaweb.com\/wp-content\/uploads\/2021\/08\/satisfaccion-y-tranquilidad-de-clientes-y-comerciantes-por-el-pase-verde-covid-2.jpg\" alt=\"El test r\u00e1pido necesario para obtener el certificado costar\u00e1 ocho euros para las personas de 12 a 18 a\u00f1os y 15 euros para los mayores de edad\" title=\"El test r\u00e1pido necesario para obtener el certificado costar\u00e1 ocho euros para las personas de 12 a 18 a\u00f1os y 15 euros para los mayores de edad\"><\/p>\n<p>El test r\u00e1pido necesario para obtener el certificado costar\u00e1 ocho euros para las personas de 12 a 18 a\u00f1os y 15 euros para los mayores de edad<\/p>\n<\/div>\n<p>Clientes y comerciantes de Roma destacaron este viernes la entrada en vigencia del denominado \u00abpase verde\u00bb sanitario que a partir de este viernes solo permitir\u00e1 a personas vacunadas o que acrediten no tener coronavirus el acceso a bares, restaurantes, museos y otros eventos en espacios cerrados, y que en septiembre se extender\u00e1 a las escuelas y universidades y al transporte de larga distancia.<\/p>\n<p>\u00abEs una tranquilidad para todos\u00bb, describi\u00f3 ante T\u00e9lam Massimo, uno de los encargados del restaurante Osteria dei Pontefice, a metros del Vaticano, donde uno de los empleados controla desde primera hora que cada uno de los clientes tenga su \u00abpase verde\u00bb para poder entrar a consumir.<\/p>\n<p><strong>El certificado, que se descarga al tel\u00e9fono y ofrece un c\u00f3digo QR, es gratuito y estar\u00e1 al alcance de las personas que tengan al menos una dosis de vacuna<\/strong>&nbsp;contra el coronavirus, a quienes se hayan recuperado de la enfermedad en los \u00faltimos seis meses y a quienes se hagan un test con resultado negativo con un m\u00e1ximo de 48 horas de antig\u00fcedad.<\/p>\n<p>Para los vacunados tiene una duraci\u00f3n de nueve meses desde que se completa la inmunizaci\u00f3n y para los que demuestren anticuerpos frente a la Covid-19, la vigencia ser\u00e1 de seis meses.<\/p>\n<div class=\"image\" id=\"image\" readability=\"9\"> <img src=\"http:\/\/hoycordobaweb.com\/wp-content\/uploads\/2021\/08\/satisfaccion-y-tranquilidad-de-clientes-y-comerciantes-por-el-pase-verde-covid-3.jpg\" alt=\"Para quienes infrinjan las normas o no realicen los controles, se impone una sanci\u00f3n de entre 400 y 1.000 euros \" title=\"Para quienes infrinjan las normas o no realicen los controles, se impone una sanci\u00f3n de entre 400 y 1.000 euros \"><\/p>\n<p>Para quienes infrinjan las normas o no realicen los controles, se impone una sanci\u00f3n de entre 400 y 1.000 euros <\/p>\n<\/div>\n<p>Para facilitar el acceso al \u00abpase verde\u00bb, el Gobierno anunci\u00f3 este jueves que el test r\u00e1pido necesario para obtener el certificado costar\u00e1 ocho euros para las personas de 12 a 18 a\u00f1os y 15 euros para los mayores de edad, al menos hasta fines de septiembre.<\/p>\n<p>\u00abVac\u00fanense y sigan las reglas\u00bb, pidi\u00f3 este viernes el premier Mario Draghi en un encuentro con la prensa parlamentaria durante el que apoy\u00f3 la implementaci\u00f3n del \u00abpase verde\u00bb.<\/p>\n<p><strong>\u00abHay que estar seguros de que hemos hecho todo lo posible para evitar que la pandemia se agrave\u00bb,&nbsp;<\/strong>agreg\u00f3 el premier, a ra\u00edz del nuevo decreto que prorroga la obligaci\u00f3n del \u00abpase verde\u00bb a partir de septiembre para profesores, estudiantes universitarios y para quienes utilicen el transporte de larga distancia.<\/p>\n<p>En los Museos Vaticanos, el segundo lugar m\u00e1s visitado de toda Italia hasta antes de la pandemia, la espa\u00f1ola Julia Conde hac\u00eda fila para entrar, con su QR descargado a la espera de pasar el control dispuesto en el ingreso principal.<\/p>\n<p>\u00abEl pase verde nos da tranquilidad porque nos permitir\u00e1 disfrutar de las actividades m\u00e1s relajados\u00bb, analiz\u00f3 ante la consulta de T\u00e9lam, m\u00e1s all\u00e1 de que dentro de los museos se seguir\u00e1 exigiendo el uso obligatorio de barbijo.<\/p>\n<div class=\"image\" id=\"image\" readability=\"8\"> <img src=\"http:\/\/hoycordobaweb.com\/wp-content\/uploads\/2021\/08\/satisfaccion-y-tranquilidad-de-clientes-y-comerciantes-por-el-pase-verde-covid-4.jpg\" alt=\"&quot;Vac\u00fanense y sigan las reglas&quot;, pidi\u00f3 este viernes el premier Mario Draghi.\" title=\"&quot;Vac\u00fanense y sigan las reglas&quot;, pidi\u00f3 este viernes el premier Mario Draghi.\"><\/p>\n<p>\u00abVac\u00fanense y sigan las reglas\u00bb, pidi\u00f3 este viernes el premier Mario Draghi.<\/p>\n<\/div>\n<p>Seg\u00fan plantearon a T\u00e9lam las autoridades, ninguna de las cerca de 4.500 personas que acudieron este viernes a los Museos, todas con reserva previa y un crecimiento frente a las 1.200 diarias de inicios de mayo, tuvieron problemas para ingresar.<\/p>\n<p>En los bares y restaurantes de los alrededores vaticanos, uno de los epicentos tur\u00edsticos de Roma, las postales ofrec\u00edan en las primeras horas de vigencia del pase verde la novedad de varios encargados o empleados en las puertas de los locales dotados de la App oficial para leer el QR de los admitidos, Verifica C19.<\/p>\n<p>De todos modos, como el decreto solo hace referencia a quienes se sienten dentro de los locales, el tradicional \u00abcaf\u00e9 en la barra\u00bb, que es una postal cl\u00e1sica de las ma\u00f1anas italianas, qued\u00f3 exento de la obligatoriedad del certificado, explicaron varios propietarios a T\u00e9lam.<\/p>\n<p><strong>El \u00abpase verde\u00bb tambi\u00e9n es obligatorio desde este viernes&nbsp; para cines y teatros<\/strong>, aunque las capacidades m\u00e1ximas de los lugares se duplic\u00f3 y podr\u00e1n hospedar hasta 5.000 personas al aire libre y 2.500 bajo techo siempre y cuando se mantenga la denominaci\u00f3n de \u00abzona blanca\u00bb que ya tienen las 20 regiones del pa\u00eds.<\/p>\n<div class=\"image\" id=\"image\" readability=\"9\"> <img src=\"http:\/\/hoycordobaweb.com\/wp-content\/uploads\/2021\/08\/satisfaccion-y-tranquilidad-de-clientes-y-comerciantes-por-el-pase-verde-covid-5.jpg\" alt=\"Para los vacunados, el pase tiene una duraci\u00f3n de nueve meses desde que se completa la inmunizaci\u00f3n\" title=\"Para los vacunados, el pase tiene una duraci\u00f3n de nueve meses desde que se completa la inmunizaci\u00f3n\"><\/p>\n<p>Para los vacunados, el pase tiene una duraci\u00f3n de nueve meses desde que se completa la inmunizaci\u00f3n<\/p>\n<\/div>\n<p>Para eventos deportivos y competiciones en las \u00abzonas blancas\u00bb, la capacidad permitida no puede exceder el 50% del m\u00e1ximo autorizado en exteriores y el 25% en interiores. En la zona amarilla, la capacidad permitida no puede pasar el 25% y, en cualquier caso, el n\u00famero m\u00e1ximo de espectadores no puede superar los 2.500 para exteriores y 1.000 para interiores, todos con \u00abpase verde\u00bb obligatorio.<\/p>\n<p>Para quienes infrinjan las normas o no realicen los controles, se impone una sanci\u00f3n de entre 400 y 1000 euros tanto al operador como al usuario, con la amenaza de cierre de hasta 10 d\u00edas si los comercios cometen tres infracciones.<\/p>\n<p><strong>Las reacciones negativas, impulsadas por grupos antivacunas y de ultraderecha, tienen desde este viernes algunos refugios en la web<\/strong>, como por ejemplo con el grupo Io Apro (yo abro), que difunde a trav\u00e9s de aplicaciones de mensajer\u00eda celular listas de restaurantes, gimnasios y bares en los que no se pide el \u00abpase verde\u00bb entre sus casi 14.000 suscriptores.<\/p>\n<p>Desde el 1 de septiembre, anunci\u00f3 este jueves el Gobierno, el \u00abpase verde\u00bb se har\u00e1 obligatorio tambi\u00e9n para el personal docente de todos los niveles, para estudiantes universitarios y para aviones, trenes y buses entre regiones.<\/p>\n<p><strong>Este viernes, el Ministerio de Salud inform\u00f3 6.599 nuevos casos de coronavirus en las ultimas 24 horas, con una tasa de positividad de 2,7 casos cada 100 test hechos a nivel nacional<\/strong>, en l\u00ednea con los n\u00fameros de la semana, adem\u00e1s de 24 muertes. <\/p>\n","protected":false},"excerpt":{"rendered":"<p>El test r\u00e1pido necesario para obtener el certificado costar\u00e1 ocho euros para las personas de 12 a 18 a\u00f1os y 15 euros para los mayores de edad Clientes y comerciantes de Roma destacaron este viernes la entrada en vigencia del denominado \u00abpase verde\u00bb sanitario que a partir de este viernes solo permitir\u00e1 a personas vacunadas [&hellip;]<\/p>\n","protected":false},"author":1,"featured_media":26580,"comment_status":"open","ping_status":"closed","sticky":false,"template":"","format":"standard","meta":[],"categories":[24],"tags":[],"_links":{"self":[{"href":"http:\/\/hoycordobaweb.com\/index.php\/wp-json\/wp\/v2\/posts\/26579"}],"collection":[{"href":"http:\/\/hoycordobaweb.com\/index.php\/wp-json\/wp\/v2\/posts"}],"about":[{"href":"http:\/\/hoycordobaweb.com\/index.php\/wp-json\/wp\/v2\/types\/post"}],"author":[{"embeddable":true,"href":"http:\/\/hoycordobaweb.com\/index.php\/wp-json\/wp\/v2\/users\/1"}],"replies":[{"embeddable":true,"href":"http:\/\/hoycordobaweb.com\/index.php\/wp-json\/wp\/v2\/comments?post=26579"}],"version-history":[{"count":0,"href":"http:\/\/hoycordobaweb.com\/index.php\/wp-json\/wp\/v2\/posts\/26579\/revisions"}],"wp:featuredmedia":[{"embeddable":true,"href":"http:\/\/hoycordobaweb.com\/index.php\/wp-json\/wp\/v2\/media\/26580"}],"wp:attachment":[{"href":"http:\/\/hoycordobaweb.com\/index.php\/wp-json\/wp\/v2\/media?parent=26579"}],"wp:term":[{"taxonomy":"category","embeddable":true,"href":"http:\/\/hoycordobaweb.com\/index.php\/wp-json\/wp\/v2\/categories?post=26579"},{"taxonomy":"post_tag","embeddable":true,"href":"http:\/\/hoycordobaweb.com\/index.php\/wp-json\/wp\/v2\/tags?post=26579"}],"curies":[{"name":"wp","href":"https:\/\/api.w.org\/{rel}","templated":true}]}}