{"id":26574,"date":"2021-08-07T01:07:30","date_gmt":"2021-08-07T01:07:30","guid":{"rendered":"http:\/\/hoycordobaweb.com\/index.php\/2021\/08\/07\/que-canal-transmite-banfield-vs-talleres-por-la-fecha-5-de-la-liga-profesional\/"},"modified":"2021-08-07T01:07:30","modified_gmt":"2021-08-07T01:07:30","slug":"que-canal-transmite-banfield-vs-talleres-por-la-fecha-5-de-la-liga-profesional","status":"publish","type":"post","link":"http:\/\/hoycordobaweb.com\/index.php\/2021\/08\/07\/que-canal-transmite-banfield-vs-talleres-por-la-fecha-5-de-la-liga-profesional\/","title":{"rendered":"Qu\u00e9 canal transmite Banfield vs. Talleres por la fecha 5 de la Liga Profesional"},"content":{"rendered":"<p>Desde el regreso de Platense a la m\u00e1xima categor\u00eda del <b>f\u00fatbol argentino<\/b>, todav\u00eda no se hab\u00edan visto las caras. \u00bfQui\u00e9n lograr\u00e1 imponerse en este&nbsp;&#8230; <\/p>\n","protected":false},"excerpt":{"rendered":"<p>Desde el regreso de Platense a la m\u00e1xima categor\u00eda del f\u00fatbol argentino, todav\u00eda no se hab\u00edan visto las caras. \u00bfQui\u00e9n lograr\u00e1 imponerse en este&nbsp;&#8230;<\/p>\n","protected":false},"author":1,"featured_media":0,"comment_status":"closed","ping_status":"closed","sticky":false,"template":"","format":"standard","meta":[],"categories":[22],"tags":[],"_links":{"self":[{"href":"http:\/\/hoycordobaweb.com\/index.php\/wp-json\/wp\/v2\/posts\/26574"}],"collection":[{"href":"http:\/\/hoycordobaweb.com\/index.php\/wp-json\/wp\/v2\/posts"}],"about":[{"href":"http:\/\/hoycordobaweb.com\/index.php\/wp-json\/wp\/v2\/types\/post"}],"author":[{"embeddable":true,"href":"http:\/\/hoycordobaweb.com\/index.php\/wp-json\/wp\/v2\/users\/1"}],"replies":[{"embeddable":true,"href":"http:\/\/hoycordobaweb.com\/index.php\/wp-json\/wp\/v2\/comments?post=26574"}],"version-history":[{"count":0,"href":"http:\/\/hoycordobaweb.com\/index.php\/wp-json\/wp\/v2\/posts\/26574\/revisions"}],"wp:attachment":[{"href":"http:\/\/hoycordobaweb.com\/index.php\/wp-json\/wp\/v2\/media?parent=26574"}],"wp:term":[{"taxonomy":"category","embeddable":true,"href":"http:\/\/hoycordobaweb.com\/index.php\/wp-json\/wp\/v2\/categories?post=26574"},{"taxonomy":"post_tag","embeddable":true,"href":"http:\/\/hoycordobaweb.com\/index.php\/wp-json\/wp\/v2\/tags?post=26574"}],"curies":[{"name":"wp","href":"https:\/\/api.w.org\/{rel}","templated":true}]}}