{"id":26444,"date":"2021-08-04T13:57:43","date_gmt":"2021-08-04T13:57:43","guid":{"rendered":"http:\/\/ladecimaweb.com\/?p=10387"},"modified":"2021-08-04T13:57:43","modified_gmt":"2021-08-04T13:57:43","slug":"ya-suman-26-los-infectados-por-la-variante-delta-en-cordoba-y-mas-de-800-los-aislados","status":"publish","type":"post","link":"http:\/\/hoycordobaweb.com\/index.php\/2021\/08\/04\/ya-suman-26-los-infectados-por-la-variante-delta-en-cordoba-y-mas-de-800-los-aislados\/","title":{"rendered":"Ya suman 26 los infectados por la variante Delta en C\u00f3rdoba y m\u00e1s de 800 los aislados"},"content":{"rendered":"<p><em>(Agencia T\u00e9lam)<\/em> Otras tres personas fueron diagnosticadas como contagiadas con la variante Delta de coronavirus en la provincia de C\u00f3rdoba, por lo que en total <strong>suman 26 los casos<\/strong> y m\u00e1s de 800 personas permanec\u00edan aisladas, informaron fuentes provinciales.<\/p>\n<p><strong>Desde la introducci\u00f3n de la variante en la provincia la semana pasada y el brote que provoc\u00f3 el hombre proveniente de Per\u00fa que no respet\u00f3 el aislamiento, ya se confirm\u00f3 que 24 casos se desprenden del nexo epidemiol\u00f3gico intrafamiliar<\/strong>\u00a0que ocasion\u00f3 el viajero.<\/p>\n<p><strong>Uno de los otros corresponde a un hombre con residencia en C\u00f3rdoba capital, proveniente de Espa\u00f1a, quien se encontraba realizando aislamiento, acorde al protocolo vigente, y el restante a un ciudadano de San Francisco que se encuentra en aislamiento en su domicilio<\/strong>\u00a0tras regresar de Estados Unidos.<\/p>\n<div class=\"auth\"><strong>El rastreo de casos<\/strong><\/div>\n<p>En el marco de la investigaci\u00f3n epidemiol\u00f3gica originada por el primer caso,\u00a0<strong>se llevaron a cabo operativos en tres barrios de la ciudad de C\u00f3rdoba y se realizaron 283 estudios, de los cuales 89 corresponden a PCR y 194 a test de detecci\u00f3n de ant\u00edgenos, y m\u00e1s de 800 deb\u00edan mantener aislamiento<\/strong>\u00a0por ser contactos de contactos estrechos.<\/p>\n<p>El denominado \u2018caso cero\u2019, el hombre que regres\u00f3 a C\u00f3rdoba proveniente desde Lima, Per\u00fa, permanece internado en terapia intensiva del Hospital Rawson de la capital debido a un cuadro de neumon\u00eda bilateral grave.<\/p>\n<p>El hombre, de 62 a\u00f1os, no est\u00e1 vacunado contra el coronavirus y es paciente de riesgo, confirmaron desde el centro de salud.<\/p>\n<p>Mientras, en la provincia de C\u00f3rdoba se reportaron 2.704 nuevos casos de Covid-19 y 24 fallecimientos, mientras que la ocupaci\u00f3n de camas cr\u00edticas mostr\u00f3 un leve incremento y est\u00e1 en 31,3% (el lunesnera de 30,8%).<\/p>\n<p>&nbsp;<\/p>\n<div class=\"ubm_banner\"><a href=\"https:\/\/youtu.be\/PPZcx3DZupk\" target=\"_blank\" rel=\"dofollow noopener noreferrer\"><img src=\"http:\/\/hoycordobaweb.com\/wp-content\/uploads\/2021\/08\/ya-suman-26-los-infectados-por-la-variante-delta-en-cordoba-y-mas-de-800-los-aislados.gif\" alt=\"\"><\/a><\/div>\n<p>La entrada <a rel=\"nofollow\" href=\"https:\/\/ladecimaweb.com\/ya-suman-26-los-infectados-por-la-variante-delta-en-cordoba-y-mas-de-800-los-aislados\/\">Ya suman 26 los infectados por la variante Delta en C\u00f3rdoba y m\u00e1s de 800 los aislados<\/a> se public\u00f3 primero en <a rel=\"nofollow\" href=\"https:\/\/ladecimaweb.com\">LaDecima<\/a>.<\/p>\n","protected":false},"excerpt":{"rendered":"<p>(Agencia T\u00e9lam) Otras tres personas fueron diagnosticadas como contagiadas con la variante Delta de coronavirus en la provincia de C\u00f3rdoba, por lo que en total suman 26 los casos y m\u00e1s de 800 personas permanec\u00edan aisladas, informaron fuentes provinciales. Desde la introducci\u00f3n de la variante en la provincia la semana pasada y el brote que [&hellip;]<\/p>\n","protected":false},"author":1,"featured_media":26445,"comment_status":"closed","ping_status":"closed","sticky":false,"template":"","format":"standard","meta":[],"categories":[19],"tags":[],"_links":{"self":[{"href":"http:\/\/hoycordobaweb.com\/index.php\/wp-json\/wp\/v2\/posts\/26444"}],"collection":[{"href":"http:\/\/hoycordobaweb.com\/index.php\/wp-json\/wp\/v2\/posts"}],"about":[{"href":"http:\/\/hoycordobaweb.com\/index.php\/wp-json\/wp\/v2\/types\/post"}],"author":[{"embeddable":true,"href":"http:\/\/hoycordobaweb.com\/index.php\/wp-json\/wp\/v2\/users\/1"}],"replies":[{"embeddable":true,"href":"http:\/\/hoycordobaweb.com\/index.php\/wp-json\/wp\/v2\/comments?post=26444"}],"version-history":[{"count":0,"href":"http:\/\/hoycordobaweb.com\/index.php\/wp-json\/wp\/v2\/posts\/26444\/revisions"}],"wp:featuredmedia":[{"embeddable":true,"href":"http:\/\/hoycordobaweb.com\/index.php\/wp-json\/wp\/v2\/media\/26445"}],"wp:attachment":[{"href":"http:\/\/hoycordobaweb.com\/index.php\/wp-json\/wp\/v2\/media?parent=26444"}],"wp:term":[{"taxonomy":"category","embeddable":true,"href":"http:\/\/hoycordobaweb.com\/index.php\/wp-json\/wp\/v2\/categories?post=26444"},{"taxonomy":"post_tag","embeddable":true,"href":"http:\/\/hoycordobaweb.com\/index.php\/wp-json\/wp\/v2\/tags?post=26444"}],"curies":[{"name":"wp","href":"https:\/\/api.w.org\/{rel}","templated":true}]}}