{"id":26429,"date":"2021-08-04T21:17:27","date_gmt":"2021-08-04T21:17:27","guid":{"rendered":"https:\/\/www.espinof.com\/series-de-ficcion\/love-is-in-the-air-temporada-2-serie-turca-tiene-fecha-estreno-espana"},"modified":"2021-08-04T21:17:27","modified_gmt":"2021-08-04T21:17:27","slug":"love-is-in-the-air-la-temporada-2-de-la-serie-turca-ya-tiene-fecha-de-estreno-en-espana","status":"publish","type":"post","link":"http:\/\/hoycordobaweb.com\/index.php\/2021\/08\/04\/love-is-in-the-air-la-temporada-2-de-la-serie-turca-ya-tiene-fecha-de-estreno-en-espana\/","title":{"rendered":"&#8216;Love is in the Air&#8217;: la temporada 2 de la serie turca ya tiene fecha de estreno en Espa\u00f1a"},"content":{"rendered":"<p>El estreno de <a href=\"https:\/\/www.espinof.com\/fecha-de-estreno\/love-is-in-the-air-todo-que-sabemos-temporada-2-serie-turca-kerem-bursin-hande-ercel\">la segunda temporada<\/a> de <a href=\"https:\/\/www.espinof.com\/tag\/love-is-in-the-air\">&#8216;Love is in the Air&#8217;<\/a> en Espa\u00f1a est\u00e1 a la vuelta de la esquina. <strong>Divinity<\/strong> ha confirmado que empezar\u00e1 a emitirla el pr\u00f3ximo <strong>lunes 9 de agosto a partir de las 17:45<\/strong>.<\/p>\n<p><!-- BREAK 1 --><\/p>\n<p>La cadena de Mediaset llevaba ya un tiempo anunciando el inminente desembarco de la segunda tanda de episodios de la serie turca en Divinity, pero es que adem\u00e1s ni siquiera van a tomarse un peque\u00f1o respiro desde el final de la primera. <strong>Una muy buena noticia para sus seguidores.<\/strong><\/p>\n<p><!-- BREAK 2 --> <\/p>\n<div class=\"article-asset article-asset-normal article-asset-center\">\n<div class=\"desvio-container\">\n<div class=\"desvio\">\n<div class=\"desvio-figure js-desvio-figure\"> <a href=\"https:\/\/www.espinof.com\/fecha-de-estreno\/love-is-in-the-air-todo-que-sabemos-temporada-2-serie-turca-kerem-bursin-hande-ercel\"> <img alt=\"'Love is in the Air': todo lo que sabemos sobre la temporada 2 de la serie turca con Kerem B\u00fcrsin y Hande Er\u00e7el\" src=\"http:\/\/hoycordobaweb.com\/wp-content\/uploads\/2021\/08\/love-is-in-the-air-la-temporada-2-de-la-serie-turca-ya-tiene-fecha-de-estreno-en-espana.jpg\"> <\/a> <\/div><\/div><\/div>\n<\/div>\n<p>Eso s\u00ed, conviene recordar que Mediaset ha estado promocionando el estreno exclusivo de la segunda temporada en Divinity, por lo que parece probable que, al menos por ahora, no va a emitirse tambi\u00e9n en <strong>Telecinco<\/strong>. Teniendo en cuenta <a href=\"https:\/\/www.espinof.com\/series-de-ficcion\/love-is-in-the-air-desterrada-a-madrugada-telecinco-fans-serie-turca-exigen-respeto-a-mediaset\">el maltrato que ha recibido<\/a> en esa cadena, algunos seguro que pensar\u00e1n que casi mejor que as\u00ed sea.<\/p>\n<p><!-- BREAK 3 --><\/p>\n<p>Por cierto, si no pod\u00e9is esperar m\u00e1s, la segunda temporada <strong>ya se estren\u00f3 en Mitele PLUS<\/strong>, donde ya ten\u00e9is disponibles tres episodios -seg\u00fan la versi\u00f3n espa\u00f1ola de la serie, ya que en nuestro pa\u00eds los cap\u00edtulos de &#8216;Love is in the Air&#8217; se dividen en varios por su abultado metraje-, pero si no quer\u00e9is pasar por caja, atentos el lunes 9 de agosto a partir de las 17:45.<\/p>\n<p><!-- BREAK 4 --><\/p>\n<h2>Lo que nos espera por delante<\/h2>\n<p>La segunda temporada de &#8216;Love is in the Air&#8217; dar\u00e1 un salto en el tiempo de cinco a\u00f1os, pero los caminos de Serkan (<strong>Kerem B\u00fcrsin<\/strong>) y Eda (<strong>Hande Er\u00e7el<\/strong>) vuelven a unirse y todo apunta a que una hija en com\u00fan va a revolucionarlo todo entre ellos.<\/p>\n<p><!-- BREAK 5 --> <\/p>\n","protected":false},"excerpt":{"rendered":"<p>El estreno de la segunda temporada de &#8216;Love is in the Air&#8217; en Espa\u00f1a est\u00e1 a la vuelta de la esquina. Divinity ha confirmado que empezar\u00e1 a emitirla el pr\u00f3ximo lunes 9 de agosto a partir de las 17:45. La cadena de Mediaset llevaba ya un tiempo anunciando el inminente desembarco de la segunda tanda [&hellip;]<\/p>\n","protected":false},"author":1,"featured_media":26430,"comment_status":"open","ping_status":"closed","sticky":false,"template":"","format":"standard","meta":[],"categories":[1],"tags":[],"_links":{"self":[{"href":"http:\/\/hoycordobaweb.com\/index.php\/wp-json\/wp\/v2\/posts\/26429"}],"collection":[{"href":"http:\/\/hoycordobaweb.com\/index.php\/wp-json\/wp\/v2\/posts"}],"about":[{"href":"http:\/\/hoycordobaweb.com\/index.php\/wp-json\/wp\/v2\/types\/post"}],"author":[{"embeddable":true,"href":"http:\/\/hoycordobaweb.com\/index.php\/wp-json\/wp\/v2\/users\/1"}],"replies":[{"embeddable":true,"href":"http:\/\/hoycordobaweb.com\/index.php\/wp-json\/wp\/v2\/comments?post=26429"}],"version-history":[{"count":0,"href":"http:\/\/hoycordobaweb.com\/index.php\/wp-json\/wp\/v2\/posts\/26429\/revisions"}],"wp:featuredmedia":[{"embeddable":true,"href":"http:\/\/hoycordobaweb.com\/index.php\/wp-json\/wp\/v2\/media\/26430"}],"wp:attachment":[{"href":"http:\/\/hoycordobaweb.com\/index.php\/wp-json\/wp\/v2\/media?parent=26429"}],"wp:term":[{"taxonomy":"category","embeddable":true,"href":"http:\/\/hoycordobaweb.com\/index.php\/wp-json\/wp\/v2\/categories?post=26429"},{"taxonomy":"post_tag","embeddable":true,"href":"http:\/\/hoycordobaweb.com\/index.php\/wp-json\/wp\/v2\/tags?post=26429"}],"curies":[{"name":"wp","href":"https:\/\/api.w.org\/{rel}","templated":true}]}}