{"id":26428,"date":"2021-08-04T17:42:08","date_gmt":"2021-08-04T17:42:08","guid":{"rendered":"http:\/\/fono.fcm.unc.edu.ar\/?p=6603"},"modified":"2021-08-04T17:42:08","modified_gmt":"2021-08-04T17:42:08","slug":"retoman-las-actividades-presenciales-de-servicio-a-la-comunidad-en-general","status":"publish","type":"post","link":"http:\/\/hoycordobaweb.com\/index.php\/2021\/08\/04\/retoman-las-actividades-presenciales-de-servicio-a-la-comunidad-en-general\/","title":{"rendered":"Retoman las actividades presenciales de Servicio a la comunidad en general"},"content":{"rendered":"<h2 class=\"fusion-post-title\">Retoman las actividades presenciales de Servicio a la comunidad en general<\/h2>\n<div class=\"post-content\" readability=\"42.244897959184\">\n<p><img loading=\"lazy\" class=\"alignright wp-image-6604 size-fusion-400\" src=\"https:\/\/fono.fcm.unc.edu.ar\/wp-content\/uploads\/sites\/14\/2021\/08\/WhatsApp-Image-2021-08-04-at-11.01.03-400x300.jpeg\" alt width=\"400\" height=\"300\" srcset=\"https:\/\/fono.fcm.unc.edu.ar\/wp-content\/uploads\/sites\/14\/2021\/08\/WhatsApp-Image-2021-08-04-at-11.01.03-200x150.jpeg 200w, https:\/\/fono.fcm.unc.edu.ar\/wp-content\/uploads\/sites\/14\/2021\/08\/WhatsApp-Image-2021-08-04-at-11.01.03-300x225.jpeg 300w, https:\/\/fono.fcm.unc.edu.ar\/wp-content\/uploads\/sites\/14\/2021\/08\/WhatsApp-Image-2021-08-04-at-11.01.03-400x300.jpeg 400w, https:\/\/fono.fcm.unc.edu.ar\/wp-content\/uploads\/sites\/14\/2021\/08\/WhatsApp-Image-2021-08-04-at-11.01.03-600x450.jpeg 600w, https:\/\/fono.fcm.unc.edu.ar\/wp-content\/uploads\/sites\/14\/2021\/08\/WhatsApp-Image-2021-08-04-at-11.01.03-768x576.jpeg 768w, https:\/\/fono.fcm.unc.edu.ar\/wp-content\/uploads\/sites\/14\/2021\/08\/WhatsApp-Image-2021-08-04-at-11.01.03-800x600.jpeg 800w, https:\/\/fono.fcm.unc.edu.ar\/wp-content\/uploads\/sites\/14\/2021\/08\/WhatsApp-Image-2021-08-04-at-11.01.03-1024x768.jpeg 1024w, https:\/\/fono.fcm.unc.edu.ar\/wp-content\/uploads\/sites\/14\/2021\/08\/WhatsApp-Image-2021-08-04-at-11.01.03-1200x900.jpeg 1200w, https:\/\/fono.fcm.unc.edu.ar\/wp-content\/uploads\/sites\/14\/2021\/08\/WhatsApp-Image-2021-08-04-at-11.01.03.jpeg 1280w\" sizes=\"(max-width: 400px) 100vw, 400px\">La Escuela de Fonoaudiolog\u00eda informa que se retoman las actividades presenciales para la realizaci\u00f3n de estudios de la audici\u00f3n dirigidas a la comunidad en general.<\/p>\n<p>Debido a la condici\u00f3n sociosanitaria vigente, el acceso al edificio es <em><strong>s\u00f3lo con turno previo<\/strong><\/em>, respetando el protocolo y el aforo autorizado por el COE.<\/p>\n<p>Se mantiene tambi\u00e9n la atenci\u00f3n a trav\u00e9s de teleasistencia.<\/p>\n<p>Se puede solicitar turno por&nbsp;<strong>WhatsApp&nbsp; 0351-6291854<\/strong>&nbsp;en el horario&nbsp;<strong>de 8:00 a 14:00 horas&nbsp;<\/strong>o por e-mail a&nbsp;<strong>turno-fono@fcm.unc.edu.ar&nbsp;<\/strong>.<\/p>\n<p>Escuela de Fonoaudiolog\u00eda \u2013 Departamento Raquel Maurette.&nbsp;<a href=\"https:\/\/www.google.com.ar\/maps\/place\/Escuela+de+Fonoaudiolog%C3%ADa+(E.F.)+%7C+F.C.M.\/@-31.4358606,-64.1876159,17z\/data=!4m12!1m6!3m5!1s0x9432a2f315772699:0x7a7182561ac96b07!2sEscuela+de+Fonoaudiolog%C3%ADa+(E.F.)+%7C+F.C.M.!8m2!3d-31.4358606!4d-64.1876159!3m4!1s0x9432a2f315772699:0x7a7182561ac96b07!8m2!3d-31.4358606!4d-64.1876159\" target=\"_blank\" rel=\"noopener noreferrer\">Bv. de la Reforma s\/n 1\u00b0 piso. Ciudad Universitaria<\/a><\/p>\n<\/p><\/div>\n","protected":false},"excerpt":{"rendered":"<p>Retoman las actividades presenciales de Servicio a la comunidad en general La Escuela de Fonoaudiolog\u00eda informa que se retoman las actividades presenciales para la realizaci\u00f3n de estudios de la audici\u00f3n dirigidas a la comunidad en general. Debido a la condici\u00f3n sociosanitaria vigente, el acceso al edificio es s\u00f3lo con turno previo, respetando el protocolo y [&hellip;]<\/p>\n","protected":false},"author":1,"featured_media":0,"comment_status":"closed","ping_status":"closed","sticky":false,"template":"","format":"standard","meta":[],"categories":[1],"tags":[],"_links":{"self":[{"href":"http:\/\/hoycordobaweb.com\/index.php\/wp-json\/wp\/v2\/posts\/26428"}],"collection":[{"href":"http:\/\/hoycordobaweb.com\/index.php\/wp-json\/wp\/v2\/posts"}],"about":[{"href":"http:\/\/hoycordobaweb.com\/index.php\/wp-json\/wp\/v2\/types\/post"}],"author":[{"embeddable":true,"href":"http:\/\/hoycordobaweb.com\/index.php\/wp-json\/wp\/v2\/users\/1"}],"replies":[{"embeddable":true,"href":"http:\/\/hoycordobaweb.com\/index.php\/wp-json\/wp\/v2\/comments?post=26428"}],"version-history":[{"count":0,"href":"http:\/\/hoycordobaweb.com\/index.php\/wp-json\/wp\/v2\/posts\/26428\/revisions"}],"wp:attachment":[{"href":"http:\/\/hoycordobaweb.com\/index.php\/wp-json\/wp\/v2\/media?parent=26428"}],"wp:term":[{"taxonomy":"category","embeddable":true,"href":"http:\/\/hoycordobaweb.com\/index.php\/wp-json\/wp\/v2\/categories?post=26428"},{"taxonomy":"post_tag","embeddable":true,"href":"http:\/\/hoycordobaweb.com\/index.php\/wp-json\/wp\/v2\/tags?post=26428"}],"curies":[{"name":"wp","href":"https:\/\/api.w.org\/{rel}","templated":true}]}}