{"id":26364,"date":"2021-08-02T11:00:00","date_gmt":"2021-08-02T11:00:00","guid":{"rendered":"https:\/\/fm-comunicar.com.ar\/contenido\/17997\/desde-este-lunes-vacunan-con-primeras-dosis-a-mayores-de-18-anos-sin-turno"},"modified":"2021-08-02T11:00:00","modified_gmt":"2021-08-02T11:00:00","slug":"desde-este-lunes-vacunan-con-primeras-dosis-a-mayores-de-18-anos-sin-turno","status":"publish","type":"post","link":"http:\/\/hoycordobaweb.com\/index.php\/2021\/08\/02\/desde-este-lunes-vacunan-con-primeras-dosis-a-mayores-de-18-anos-sin-turno\/","title":{"rendered":"Desde este lunes vacunan con primeras dosis a mayores de 18 a\u00f1os sin turno"},"content":{"rendered":"<p>Deben asistir al centro de vacunaci\u00f3n con el DNI. Adem\u00e1s est\u00e1n abiertas las inscripciones para menores de entre 12 y 17 a\u00f1os. En caso de discapacidad o patolog\u00eda previa deben adjuntar certificado m\u00e9dico.<img src=\"http:\/\/hoycordobaweb.com\/wp-content\/uploads\/2021\/08\/desde-este-lunes-vacunan-con-primeras-dosis-a-mayores-de-18-anos-sin-turno.jpg\"><\/p>\n","protected":false},"excerpt":{"rendered":"<p>Deben asistir al centro de vacunaci\u00f3n con el DNI. Adem\u00e1s est\u00e1n abiertas las inscripciones para menores de entre 12 y 17 a\u00f1os. En caso de discapacidad o patolog\u00eda previa deben adjuntar certificado m\u00e9dico.<\/p>\n","protected":false},"author":1,"featured_media":26365,"comment_status":"closed","ping_status":"closed","sticky":false,"template":"","format":"standard","meta":[],"categories":[18],"tags":[],"_links":{"self":[{"href":"http:\/\/hoycordobaweb.com\/index.php\/wp-json\/wp\/v2\/posts\/26364"}],"collection":[{"href":"http:\/\/hoycordobaweb.com\/index.php\/wp-json\/wp\/v2\/posts"}],"about":[{"href":"http:\/\/hoycordobaweb.com\/index.php\/wp-json\/wp\/v2\/types\/post"}],"author":[{"embeddable":true,"href":"http:\/\/hoycordobaweb.com\/index.php\/wp-json\/wp\/v2\/users\/1"}],"replies":[{"embeddable":true,"href":"http:\/\/hoycordobaweb.com\/index.php\/wp-json\/wp\/v2\/comments?post=26364"}],"version-history":[{"count":0,"href":"http:\/\/hoycordobaweb.com\/index.php\/wp-json\/wp\/v2\/posts\/26364\/revisions"}],"wp:featuredmedia":[{"embeddable":true,"href":"http:\/\/hoycordobaweb.com\/index.php\/wp-json\/wp\/v2\/media\/26365"}],"wp:attachment":[{"href":"http:\/\/hoycordobaweb.com\/index.php\/wp-json\/wp\/v2\/media?parent=26364"}],"wp:term":[{"taxonomy":"category","embeddable":true,"href":"http:\/\/hoycordobaweb.com\/index.php\/wp-json\/wp\/v2\/categories?post=26364"},{"taxonomy":"post_tag","embeddable":true,"href":"http:\/\/hoycordobaweb.com\/index.php\/wp-json\/wp\/v2\/tags?post=26364"}],"curies":[{"name":"wp","href":"https:\/\/api.w.org\/{rel}","templated":true}]}}