{"id":26362,"date":"2021-08-02T11:14:00","date_gmt":"2021-08-02T11:14:00","guid":{"rendered":"https:\/\/fm-comunicar.com.ar\/contenido\/17999\/la-semana-mundial-de-la-lactancia-materna-se-celebra-en-radio-comunicar"},"modified":"2021-08-02T11:14:00","modified_gmt":"2021-08-02T11:14:00","slug":"la-semana-mundial-de-la-lactancia-materna-se-celebra-en-radio-comunicar","status":"publish","type":"post","link":"http:\/\/hoycordobaweb.com\/index.php\/2021\/08\/02\/la-semana-mundial-de-la-lactancia-materna-se-celebra-en-radio-comunicar\/","title":{"rendered":"La Semana Mundial de la Lactancia Materna se celebra en Radio Comunicar"},"content":{"rendered":"<p>Con la coordinaci\u00f3n de PRIMAL (Asociaci\u00f3n Cordobesa de Puericultura), este martes y mi\u00e9rcoles tendremos dos programas especiales con entrevistas a a profesionales de la salud y a una madre caroyense que compartir\u00e1 su experiencia.<img src=\"http:\/\/hoycordobaweb.com\/wp-content\/uploads\/2021\/08\/la-semana-mundial-de-la-lactancia-materna-se-celebra-en-radio-comunicar.jpg\"><\/p>\n","protected":false},"excerpt":{"rendered":"<p>Con la coordinaci\u00f3n de PRIMAL (Asociaci\u00f3n Cordobesa de Puericultura), este martes y mi\u00e9rcoles tendremos dos programas especiales con entrevistas a a profesionales de la salud y a una madre caroyense que compartir\u00e1 su experiencia.<\/p>\n","protected":false},"author":1,"featured_media":26363,"comment_status":"closed","ping_status":"closed","sticky":false,"template":"","format":"standard","meta":[],"categories":[18],"tags":[],"_links":{"self":[{"href":"http:\/\/hoycordobaweb.com\/index.php\/wp-json\/wp\/v2\/posts\/26362"}],"collection":[{"href":"http:\/\/hoycordobaweb.com\/index.php\/wp-json\/wp\/v2\/posts"}],"about":[{"href":"http:\/\/hoycordobaweb.com\/index.php\/wp-json\/wp\/v2\/types\/post"}],"author":[{"embeddable":true,"href":"http:\/\/hoycordobaweb.com\/index.php\/wp-json\/wp\/v2\/users\/1"}],"replies":[{"embeddable":true,"href":"http:\/\/hoycordobaweb.com\/index.php\/wp-json\/wp\/v2\/comments?post=26362"}],"version-history":[{"count":0,"href":"http:\/\/hoycordobaweb.com\/index.php\/wp-json\/wp\/v2\/posts\/26362\/revisions"}],"wp:featuredmedia":[{"embeddable":true,"href":"http:\/\/hoycordobaweb.com\/index.php\/wp-json\/wp\/v2\/media\/26363"}],"wp:attachment":[{"href":"http:\/\/hoycordobaweb.com\/index.php\/wp-json\/wp\/v2\/media?parent=26362"}],"wp:term":[{"taxonomy":"category","embeddable":true,"href":"http:\/\/hoycordobaweb.com\/index.php\/wp-json\/wp\/v2\/categories?post=26362"},{"taxonomy":"post_tag","embeddable":true,"href":"http:\/\/hoycordobaweb.com\/index.php\/wp-json\/wp\/v2\/tags?post=26362"}],"curies":[{"name":"wp","href":"https:\/\/api.w.org\/{rel}","templated":true}]}}