{"id":26226,"date":"2021-08-01T22:03:00","date_gmt":"2021-08-01T22:03:00","guid":{"rendered":"https:\/\/fm-comunicar.com.ar\/contenido\/17995\/despues-de-siete-semanas-cordoba-y-la-region-tuvieron-un-aumento-de-casos"},"modified":"2021-08-01T22:03:00","modified_gmt":"2021-08-01T22:03:00","slug":"despues-de-siete-semanas-cordoba-y-la-region-tuvieron-un-aumento-de-casos","status":"publish","type":"post","link":"http:\/\/hoycordobaweb.com\/index.php\/2021\/08\/01\/despues-de-siete-semanas-cordoba-y-la-region-tuvieron-un-aumento-de-casos\/","title":{"rendered":"Despu\u00e9s de siete semanas, C\u00f3rdoba y la regi\u00f3n tuvieron un aumento de casos"},"content":{"rendered":"<p>Seg\u00fan la jurisdicci\u00f3n, el suba fue de entre el 13 y el 43 por ciento en el comparativo intersemanal. La provincia tambi\u00e9n actualiz\u00f3 la situaci\u00f3n sanitaria de los \u00abpositivos\u00bb con la variante Delta.<img src=\"http:\/\/hoycordobaweb.com\/wp-content\/uploads\/2021\/08\/despues-de-siete-semanas-cordoba-y-la-region-tuvieron-un-aumento-de-casos.jpg\"><\/p>\n","protected":false},"excerpt":{"rendered":"<p>Seg\u00fan la jurisdicci\u00f3n, el suba fue de entre el 13 y el 43 por ciento en el comparativo intersemanal. La provincia tambi\u00e9n actualiz\u00f3 la situaci\u00f3n sanitaria de los \u00abpositivos\u00bb con la variante Delta.<\/p>\n","protected":false},"author":1,"featured_media":26227,"comment_status":"closed","ping_status":"closed","sticky":false,"template":"","format":"standard","meta":[],"categories":[18],"tags":[],"_links":{"self":[{"href":"http:\/\/hoycordobaweb.com\/index.php\/wp-json\/wp\/v2\/posts\/26226"}],"collection":[{"href":"http:\/\/hoycordobaweb.com\/index.php\/wp-json\/wp\/v2\/posts"}],"about":[{"href":"http:\/\/hoycordobaweb.com\/index.php\/wp-json\/wp\/v2\/types\/post"}],"author":[{"embeddable":true,"href":"http:\/\/hoycordobaweb.com\/index.php\/wp-json\/wp\/v2\/users\/1"}],"replies":[{"embeddable":true,"href":"http:\/\/hoycordobaweb.com\/index.php\/wp-json\/wp\/v2\/comments?post=26226"}],"version-history":[{"count":0,"href":"http:\/\/hoycordobaweb.com\/index.php\/wp-json\/wp\/v2\/posts\/26226\/revisions"}],"wp:featuredmedia":[{"embeddable":true,"href":"http:\/\/hoycordobaweb.com\/index.php\/wp-json\/wp\/v2\/media\/26227"}],"wp:attachment":[{"href":"http:\/\/hoycordobaweb.com\/index.php\/wp-json\/wp\/v2\/media?parent=26226"}],"wp:term":[{"taxonomy":"category","embeddable":true,"href":"http:\/\/hoycordobaweb.com\/index.php\/wp-json\/wp\/v2\/categories?post=26226"},{"taxonomy":"post_tag","embeddable":true,"href":"http:\/\/hoycordobaweb.com\/index.php\/wp-json\/wp\/v2\/tags?post=26226"}],"curies":[{"name":"wp","href":"https:\/\/api.w.org\/{rel}","templated":true}]}}