{"id":26221,"date":"2021-08-01T17:47:05","date_gmt":"2021-08-01T17:47:05","guid":{"rendered":"http:\/\/fono.fcm.unc.edu.ar\/?p=6548"},"modified":"2021-08-01T17:47:05","modified_gmt":"2021-08-01T17:47:05","slug":"mes-de-la-lactancia-en-la-esfo","status":"publish","type":"post","link":"http:\/\/hoycordobaweb.com\/index.php\/2021\/08\/01\/mes-de-la-lactancia-en-la-esfo\/","title":{"rendered":"Mes de la lactancia en la Esfo"},"content":{"rendered":"<h2 class=\"fusion-post-title\">Mes de la lactancia en la Esfo<\/h2>\n<div class=\"post-content\" readability=\"52\">\n<p><img loading=\"lazy\" class=\"alignright wp-image-6549 size-fusion-400\" src=\"https:\/\/fono.fcm.unc.edu.ar\/wp-content\/uploads\/sites\/14\/2021\/08\/IMG-20210801-WA0026-400x400.jpg\" alt width=\"400\" height=\"400\" srcset=\"https:\/\/fono.fcm.unc.edu.ar\/wp-content\/uploads\/sites\/14\/2021\/08\/IMG-20210801-WA0026-66x66.jpg 66w, https:\/\/fono.fcm.unc.edu.ar\/wp-content\/uploads\/sites\/14\/2021\/08\/IMG-20210801-WA0026-150x150.jpg 150w, https:\/\/fono.fcm.unc.edu.ar\/wp-content\/uploads\/sites\/14\/2021\/08\/IMG-20210801-WA0026-200x200.jpg 200w, https:\/\/fono.fcm.unc.edu.ar\/wp-content\/uploads\/sites\/14\/2021\/08\/IMG-20210801-WA0026-300x300.jpg 300w, https:\/\/fono.fcm.unc.edu.ar\/wp-content\/uploads\/sites\/14\/2021\/08\/IMG-20210801-WA0026-400x400.jpg 400w, https:\/\/fono.fcm.unc.edu.ar\/wp-content\/uploads\/sites\/14\/2021\/08\/IMG-20210801-WA0026-600x600.jpg 600w, https:\/\/fono.fcm.unc.edu.ar\/wp-content\/uploads\/sites\/14\/2021\/08\/IMG-20210801-WA0026-768x768.jpg 768w, https:\/\/fono.fcm.unc.edu.ar\/wp-content\/uploads\/sites\/14\/2021\/08\/IMG-20210801-WA0026-800x800.jpg 800w, https:\/\/fono.fcm.unc.edu.ar\/wp-content\/uploads\/sites\/14\/2021\/08\/IMG-20210801-WA0026-1024x1024.jpg 1024w, https:\/\/fono.fcm.unc.edu.ar\/wp-content\/uploads\/sites\/14\/2021\/08\/IMG-20210801-WA0026.jpg 1080w\" sizes=\"(max-width: 400px) 100vw, 400px\">Este a\u00f1o, para la Semana Mundial de la Lactancia Materna 2021, la Alianza Mundial para la Acci\u00f3n sobre Lactancia Materna (WABA, por su sigla en ingl\u00e9s) ha seleccionado el tema: \u00abProteger la lactancia materna: una responsabilidad compartida\u00bb. El tema est\u00e1 alineado con el \u00e1rea tem\u00e1tica 2 de la campa\u00f1a de la Semana Mundial de la Lactancia Materna-Objetivos de Desarrollo Sostenible 2030, que destaca los v\u00ednculos entre la lactancia materna y la supervivencia, la salud y el bienestar de las mujeres, los ni\u00f1os y las naciones.<\/p>\n<p>WABA afirma que los objetivos de este a\u00f1o son:<\/p>\n<p>\ud83d\udc49\ud83c\udffcInformar a las personas sobre la importancia de proteger la lactancia materna.<\/p>\n<p>\ud83d\udc49\ud83c\udffcAnclar el apoyo a la lactancia materna como una responsabilidad vital de salud p\u00fablica.<\/p>\n<p>\ud83d\udc49\ud83c\udffcInteractuar con individuos y organizaciones para un mayor impacto.<\/p>\n<p>\ud83d\udc49\ud83c\udffcImpulsar la acci\u00f3n en la protecci\u00f3n de la lactancia materna para mejorar la salud p\u00fablica.<\/p>\n<\/p><\/div>\n","protected":false},"excerpt":{"rendered":"<p>Mes de la lactancia en la Esfo Este a\u00f1o, para la Semana Mundial de la Lactancia Materna 2021, la Alianza Mundial para la Acci\u00f3n sobre Lactancia Materna (WABA, por su sigla en ingl\u00e9s) ha seleccionado el tema: \u00abProteger la lactancia materna: una responsabilidad compartida\u00bb. El tema est\u00e1 alineado con el \u00e1rea tem\u00e1tica 2 de la [&hellip;]<\/p>\n","protected":false},"author":1,"featured_media":0,"comment_status":"closed","ping_status":"closed","sticky":false,"template":"","format":"standard","meta":[],"categories":[1],"tags":[],"_links":{"self":[{"href":"http:\/\/hoycordobaweb.com\/index.php\/wp-json\/wp\/v2\/posts\/26221"}],"collection":[{"href":"http:\/\/hoycordobaweb.com\/index.php\/wp-json\/wp\/v2\/posts"}],"about":[{"href":"http:\/\/hoycordobaweb.com\/index.php\/wp-json\/wp\/v2\/types\/post"}],"author":[{"embeddable":true,"href":"http:\/\/hoycordobaweb.com\/index.php\/wp-json\/wp\/v2\/users\/1"}],"replies":[{"embeddable":true,"href":"http:\/\/hoycordobaweb.com\/index.php\/wp-json\/wp\/v2\/comments?post=26221"}],"version-history":[{"count":0,"href":"http:\/\/hoycordobaweb.com\/index.php\/wp-json\/wp\/v2\/posts\/26221\/revisions"}],"wp:attachment":[{"href":"http:\/\/hoycordobaweb.com\/index.php\/wp-json\/wp\/v2\/media?parent=26221"}],"wp:term":[{"taxonomy":"category","embeddable":true,"href":"http:\/\/hoycordobaweb.com\/index.php\/wp-json\/wp\/v2\/categories?post=26221"},{"taxonomy":"post_tag","embeddable":true,"href":"http:\/\/hoycordobaweb.com\/index.php\/wp-json\/wp\/v2\/tags?post=26221"}],"curies":[{"name":"wp","href":"https:\/\/api.w.org\/{rel}","templated":true}]}}