{"id":26197,"date":"2021-07-31T12:23:43","date_gmt":"2021-07-31T12:23:43","guid":{"rendered":"https:\/\/www.mujerhoy.com\/moda\/no-te-pierdas\/falda-midi-blusa-lunares-zara-look-oficina-favorece-estiliza-rejuvenece-20210731142339-nt.html"},"modified":"2021-07-31T12:23:43","modified_gmt":"2021-07-31T12:23:43","slug":"por-fin-un-look-con-falda-midi-vaquera-que-si-llevariamos-a-la-oficina-y-a-todas-partes","status":"publish","type":"post","link":"http:\/\/hoycordobaweb.com\/index.php\/2021\/07\/31\/por-fin-un-look-con-falda-midi-vaquera-que-si-llevariamos-a-la-oficina-y-a-todas-partes\/","title":{"rendered":"Por fin un look con falda midi vaquera que s\u00ed llevar\u00edamos a la oficina (y a todas partes)"},"content":{"rendered":"<p><!-- AUTHOR --><!-- COMPONENTS --><\/p>\n<p class=\"voc-paragraph\">Como seguimos absolutamente inmersas en el <a data-voc-vtm-id=\"in-text-traffic\" href=\"https:\/\/www.mujerhoy.com\/moda\/no-te-pierdas\/faldas-vaqueras-comodas-bonitas-armario-verano-rebajas-20210622101052-ga.html\">revival de verano<\/a> de la tendencia a\u00f1os 70, tenemos que v\u00e9rnoslas con el denim. El tejido vaquero fue favorito entonces y, por tanto, se convierte en <strong>uno de los textiles m\u00e1s trabajados en las colecciones del low cost<\/strong>. Puede que una de las prendas m\u00e1s apetecibles, por favorecedora para casi todos los cuerpos, sea la <a data-voc-vtm-id=\"in-text-traffic\" href=\"https:\/\/www.mujerhoy.com\/moda\/no-te-pierdas\/202007\/02\/faldas-vaqueras-baratas-comodas-zara-hym-bershka-mango-110684442943-ga.html\">c\u00f3moda falda vaquera midi<\/a>, mejor con la abertura frontal que posterior. Solo le vemos un inconveniente: nos cuesta mucho sacar las <a data-voc-vtm-id=\"in-text-traffic\" href=\"https:\/\/blogs.mujerhoy.com\/things-we-love\/galerias\/2019\/04\/07\/faldas-vaqueras-originales-lucir-primavera.html\">faldas vaqueras<\/a> de su inherente tono informal y llevarla al territorio moda. Menos mal que los<br \/>\n<strong> estilistas de Zara <\/strong>nos echan una mano.\n<\/p>\n<div class=\"voc-detail-photo-zoom\"><picture data-toggle=\"modal\" data-target=\"#photoZoomModal-759\" target=\"modal\">\n<div class=\"voc-img-icon-link\"><img loading=\"lazy\" data-original=\"\/\/static2.mujerhoy.com\/www\/multimedia\/202107\/26\/media\/cortadas\/falda-midi-blusa-lunares-zara-look-oficina-favorece-estiliza-kBQC--460x637@MujerHoy.jpg\" class=\"lazy\"><noscript><img src=\"http:\/\/hoycordobaweb.com\/wp-content\/uploads\/2021\/08\/por-fin-un-look-con-falda-midi-vaquera-que-si-llevariamos-a-la-oficina-y-a-todas-partes.png\" alt><\/noscript><i class=\"voc-icons zoom voc-multimedia-box voc-ico-l\"><\/i><\/div><figcaption class=\"figure-caption\"><\/figcaption><\/picture><\/div>\n<div id=\"photoZoomModal-759\" class=\"voc-lightbox modal fade voc-lightbox--photo-zoom\" role=\"dialog\" data-voc-photozoom-lightbox>\n<div class=\"voc-lightbox__dialog\" role=\"document\">\n<div class=\"voc-lightbox__content\"><!-- Modal header --><\/p>\n<header class=\"voc-lightbox__header\"><span class=\"voc-lightbox__title\"><\/span><\/header>\n<p><!-- Modal content --><\/p>\n<div class=\"voc-lightbox__photo-container\"><picture class><img loading=\"lazy\" data-original=\"\/\/static2.mujerhoy.com\/www\/multimedia\/202107\/26\/media\/cortadas\/falda-midi-blusa-lunares-zara-look-oficina-favorece-estiliza-kBQC--460x637@MujerHoy.jpg\" alt class=\"lazy\"><noscript><img src=\"http:\/\/hoycordobaweb.com\/wp-content\/uploads\/2021\/08\/por-fin-un-look-con-falda-midi-vaquera-que-si-llevariamos-a-la-oficina-y-a-todas-partes.png\" alt><\/noscript><\/picture><\/div>\n<\/div>\n<\/div>\n<\/div>\n<p class=\"voc-paragraph\">La verdad es que hac\u00eda mucho tiempo que no ve\u00edamos <strong>un look con falda midi vaquera tan bonito y apetecible como este<\/strong>. De hecho, tiene tanto rollo que lo vemos fant\u00e1stico en la <strong>oficina <\/strong>o en cualquier cita diurna: de ninguna manera va a parecer que te has puesto lo primero que has pillado en el armario. Es importante que<br \/>\n<strong> la falda midi vaquera tiene el color, el largo y el &#8216;fit&#8217; preciso<\/strong>: ni ajustado ni oversize y hasta media pierna (25,95 euros). Y la clave: esa abertura frontal a la que no debes renunciar por nada.\n<\/p>\n<div class=\"voc-detail-photo-zoom\"><picture data-toggle=\"modal\" data-target=\"#photoZoomModal-364\" target=\"modal\">\n<div class=\"voc-img-icon-link\"><img loading=\"lazy\" data-original=\"\/\/static.mujerhoy.com\/www\/multimedia\/202107\/26\/media\/cortadas\/falda-midi-blusa-lunares-zara-look-oficina-kBQC--460x637@MujerHoy.jpg\" class=\"lazy\"><noscript><img src=\"http:\/\/hoycordobaweb.com\/wp-content\/uploads\/2021\/08\/por-fin-un-look-con-falda-midi-vaquera-que-si-llevariamos-a-la-oficina-y-a-todas-partes-1.png\" alt><\/noscript><i class=\"voc-icons zoom voc-multimedia-box voc-ico-l\"><\/i><\/div><figcaption class=\"figure-caption\"><\/figcaption><\/picture><\/div>\n<div id=\"photoZoomModal-364\" class=\"voc-lightbox modal fade voc-lightbox--photo-zoom\" role=\"dialog\" data-voc-photozoom-lightbox>\n<div class=\"voc-lightbox__dialog\" role=\"document\">\n<div class=\"voc-lightbox__content\"><!-- Modal header --><\/p>\n<header class=\"voc-lightbox__header\"><span class=\"voc-lightbox__title\"><\/span><\/header>\n<p><!-- Modal content --><\/p>\n<div class=\"voc-lightbox__photo-container\"><picture class><img loading=\"lazy\" data-original=\"\/\/static.mujerhoy.com\/www\/multimedia\/202107\/26\/media\/cortadas\/falda-midi-blusa-lunares-zara-look-oficina-kBQC--460x637@MujerHoy.jpg\" alt class=\"lazy\"><noscript><img src=\"http:\/\/hoycordobaweb.com\/wp-content\/uploads\/2021\/08\/por-fin-un-look-con-falda-midi-vaquera-que-si-llevariamos-a-la-oficina-y-a-todas-partes-1.png\" alt><\/noscript><\/picture><\/div>\n<\/div>\n<\/div>\n<\/div>\n<p class=\"voc-paragraph\">Con la <strong>falda vaquer midi<\/strong> ya en el bote, atenci\u00f3n al resto del look porque tiene la clave de que este estilismo sea tan bonito y funcione tan bien a todos los niveles. <strong>La blusa de lunares es irrenunciable<\/strong>: el acabado con volantes y el hilo metalizado le da el punto de sofisticaci\u00f3n justo (25,95 euros). No le queremos quitar importancia a los preciosos aretes dorados, pero<br \/>\n<strong> el accesorio verdaderamente imprescindible son las sandalias de tac\u00f3n<\/strong>: sujetas con fin\u00edsimas tiras para atar al tobillo, de piel y con punta y tal\u00f3n cuadrados (39,95 euros). Son imprescindibles para elevar esta falda vaquera hasta el cielo.\n<\/p>\n<div class=\"voc-detail__cmp voc-detail__cmp--pad-lr voc-detail__cmp--pad-lr--bdr\">\n<div class=\"voc-ficha-detail__wrapper\">\n<section class=\"voc-ficha-detail\">\n<h4 class=\"voc-ficha-detail-title voc-title-section\">Te recomendamos<\/h4>\n<\/section>\n<\/div>\n<\/div>\n<p><!-- TOPICS --><\/p>\n","protected":false},"excerpt":{"rendered":"<p>Como seguimos absolutamente inmersas en el revival de verano de la tendencia a\u00f1os 70, tenemos que v\u00e9rnoslas con el denim. El tejido vaquero fue favorito entonces y, por tanto, se convierte en uno de los textiles m\u00e1s trabajados en las colecciones del low cost. Puede que una de las prendas m\u00e1s apetecibles, por favorecedora para [&hellip;]<\/p>\n","protected":false},"author":1,"featured_media":26198,"comment_status":"closed","ping_status":"closed","sticky":false,"template":"","format":"standard","meta":[],"categories":[1],"tags":[],"_links":{"self":[{"href":"http:\/\/hoycordobaweb.com\/index.php\/wp-json\/wp\/v2\/posts\/26197"}],"collection":[{"href":"http:\/\/hoycordobaweb.com\/index.php\/wp-json\/wp\/v2\/posts"}],"about":[{"href":"http:\/\/hoycordobaweb.com\/index.php\/wp-json\/wp\/v2\/types\/post"}],"author":[{"embeddable":true,"href":"http:\/\/hoycordobaweb.com\/index.php\/wp-json\/wp\/v2\/users\/1"}],"replies":[{"embeddable":true,"href":"http:\/\/hoycordobaweb.com\/index.php\/wp-json\/wp\/v2\/comments?post=26197"}],"version-history":[{"count":0,"href":"http:\/\/hoycordobaweb.com\/index.php\/wp-json\/wp\/v2\/posts\/26197\/revisions"}],"wp:featuredmedia":[{"embeddable":true,"href":"http:\/\/hoycordobaweb.com\/index.php\/wp-json\/wp\/v2\/media\/26198"}],"wp:attachment":[{"href":"http:\/\/hoycordobaweb.com\/index.php\/wp-json\/wp\/v2\/media?parent=26197"}],"wp:term":[{"taxonomy":"category","embeddable":true,"href":"http:\/\/hoycordobaweb.com\/index.php\/wp-json\/wp\/v2\/categories?post=26197"},{"taxonomy":"post_tag","embeddable":true,"href":"http:\/\/hoycordobaweb.com\/index.php\/wp-json\/wp\/v2\/tags?post=26197"}],"curies":[{"name":"wp","href":"https:\/\/api.w.org\/{rel}","templated":true}]}}