{"id":26086,"date":"2021-07-30T17:26:00","date_gmt":"2021-07-30T17:26:00","guid":{"rendered":"https:\/\/fm-comunicar.com.ar\/contenido\/17992\/super-ar-abrio-una-sucursal-express-en-el-lote-xv"},"modified":"2021-07-30T17:26:00","modified_gmt":"2021-07-30T17:26:00","slug":"super-ar-abrio-una-sucursal-express-en-el-lote-xv","status":"publish","type":"post","link":"http:\/\/hoycordobaweb.com\/index.php\/2021\/07\/30\/super-ar-abrio-una-sucursal-express-en-el-lote-xv\/","title":{"rendered":"S\u00faper AR abri\u00f3 una sucursal Express en el Lote XV"},"content":{"rendered":"<p>El minimercado est\u00e1 en calle 43 y Udine Norte. Es el tercer local de la firma de Ariel Rivoira y Silvina D\u00edaz. En el primer mes, sortear\u00e1n una bicicleta entre los clientes.<img src=\"http:\/\/hoycordobaweb.com\/wp-content\/uploads\/2021\/07\/super-ar-abrio-una-sucursal-express-en-el-lote-xv.jpg\"><\/p>\n","protected":false},"excerpt":{"rendered":"<p>El minimercado est\u00e1 en calle 43 y Udine Norte. Es el tercer local de la firma de Ariel Rivoira y Silvina D\u00edaz. En el primer mes, sortear\u00e1n una bicicleta entre los clientes.<\/p>\n","protected":false},"author":1,"featured_media":26087,"comment_status":"closed","ping_status":"closed","sticky":false,"template":"","format":"standard","meta":[],"categories":[18],"tags":[],"_links":{"self":[{"href":"http:\/\/hoycordobaweb.com\/index.php\/wp-json\/wp\/v2\/posts\/26086"}],"collection":[{"href":"http:\/\/hoycordobaweb.com\/index.php\/wp-json\/wp\/v2\/posts"}],"about":[{"href":"http:\/\/hoycordobaweb.com\/index.php\/wp-json\/wp\/v2\/types\/post"}],"author":[{"embeddable":true,"href":"http:\/\/hoycordobaweb.com\/index.php\/wp-json\/wp\/v2\/users\/1"}],"replies":[{"embeddable":true,"href":"http:\/\/hoycordobaweb.com\/index.php\/wp-json\/wp\/v2\/comments?post=26086"}],"version-history":[{"count":0,"href":"http:\/\/hoycordobaweb.com\/index.php\/wp-json\/wp\/v2\/posts\/26086\/revisions"}],"wp:featuredmedia":[{"embeddable":true,"href":"http:\/\/hoycordobaweb.com\/index.php\/wp-json\/wp\/v2\/media\/26087"}],"wp:attachment":[{"href":"http:\/\/hoycordobaweb.com\/index.php\/wp-json\/wp\/v2\/media?parent=26086"}],"wp:term":[{"taxonomy":"category","embeddable":true,"href":"http:\/\/hoycordobaweb.com\/index.php\/wp-json\/wp\/v2\/categories?post=26086"},{"taxonomy":"post_tag","embeddable":true,"href":"http:\/\/hoycordobaweb.com\/index.php\/wp-json\/wp\/v2\/tags?post=26086"}],"curies":[{"name":"wp","href":"https:\/\/api.w.org\/{rel}","templated":true}]}}