{"id":26081,"date":"2021-07-30T18:33:50","date_gmt":"2021-07-30T18:33:50","guid":{"rendered":"http:\/\/fono.fcm.unc.edu.ar\/?p=6532"},"modified":"2021-07-30T18:33:50","modified_gmt":"2021-07-30T18:33:50","slug":"reunion-docente","status":"publish","type":"post","link":"http:\/\/hoycordobaweb.com\/index.php\/2021\/07\/30\/reunion-docente\/","title":{"rendered":"Reuni\u00f3n docente"},"content":{"rendered":"<h2 class=\"fusion-post-title\">Reuni\u00f3n docente<\/h2>\n<div class=\"post-content\" readability=\"34\">\n<p>Durante la jornada de hoy se llev\u00f3 a cabo una reuni\u00f3n con el equipo docente de la Escuela de Fonoaudiolog\u00eda para delinear estrategias de trabajo colectivo con tareas virtuales y presenciales.<br \/>Continuamos trabajando junt@s por la educaci\u00f3n superior p\u00fablica de calidad.<\/p>\n<p><img loading=\"lazy\" class=\"aligncenter wp-image-6533 size-fusion-400\" src=\"https:\/\/fono.fcm.unc.edu.ar\/wp-content\/uploads\/sites\/14\/2021\/07\/WhatsApp-Image-2021-07-30-at-15.01.55-400x400.jpeg\" alt width=\"400\" height=\"400\" srcset=\"https:\/\/fono.fcm.unc.edu.ar\/wp-content\/uploads\/sites\/14\/2021\/07\/WhatsApp-Image-2021-07-30-at-15.01.55-66x66.jpeg 66w, https:\/\/fono.fcm.unc.edu.ar\/wp-content\/uploads\/sites\/14\/2021\/07\/WhatsApp-Image-2021-07-30-at-15.01.55-150x150.jpeg 150w, https:\/\/fono.fcm.unc.edu.ar\/wp-content\/uploads\/sites\/14\/2021\/07\/WhatsApp-Image-2021-07-30-at-15.01.55-200x200.jpeg 200w, https:\/\/fono.fcm.unc.edu.ar\/wp-content\/uploads\/sites\/14\/2021\/07\/WhatsApp-Image-2021-07-30-at-15.01.55-300x300.jpeg 300w, https:\/\/fono.fcm.unc.edu.ar\/wp-content\/uploads\/sites\/14\/2021\/07\/WhatsApp-Image-2021-07-30-at-15.01.55-400x400.jpeg 400w, https:\/\/fono.fcm.unc.edu.ar\/wp-content\/uploads\/sites\/14\/2021\/07\/WhatsApp-Image-2021-07-30-at-15.01.55-600x600.jpeg 600w, https:\/\/fono.fcm.unc.edu.ar\/wp-content\/uploads\/sites\/14\/2021\/07\/WhatsApp-Image-2021-07-30-at-15.01.55-768x768.jpeg 768w, https:\/\/fono.fcm.unc.edu.ar\/wp-content\/uploads\/sites\/14\/2021\/07\/WhatsApp-Image-2021-07-30-at-15.01.55-800x800.jpeg 800w, https:\/\/fono.fcm.unc.edu.ar\/wp-content\/uploads\/sites\/14\/2021\/07\/WhatsApp-Image-2021-07-30-at-15.01.55-1024x1024.jpeg 1024w, https:\/\/fono.fcm.unc.edu.ar\/wp-content\/uploads\/sites\/14\/2021\/07\/WhatsApp-Image-2021-07-30-at-15.01.55.jpeg 1080w\" sizes=\"(max-width: 400px) 100vw, 400px\"><\/p>\n<\/p><\/div>\n","protected":false},"excerpt":{"rendered":"<p>Reuni\u00f3n docente Durante la jornada de hoy se llev\u00f3 a cabo una reuni\u00f3n con el equipo docente de la Escuela de Fonoaudiolog\u00eda para delinear estrategias de trabajo colectivo con tareas virtuales y presenciales.Continuamos trabajando junt@s por la educaci\u00f3n superior p\u00fablica de calidad.<\/p>\n","protected":false},"author":1,"featured_media":0,"comment_status":"closed","ping_status":"closed","sticky":false,"template":"","format":"standard","meta":[],"categories":[1],"tags":[],"_links":{"self":[{"href":"http:\/\/hoycordobaweb.com\/index.php\/wp-json\/wp\/v2\/posts\/26081"}],"collection":[{"href":"http:\/\/hoycordobaweb.com\/index.php\/wp-json\/wp\/v2\/posts"}],"about":[{"href":"http:\/\/hoycordobaweb.com\/index.php\/wp-json\/wp\/v2\/types\/post"}],"author":[{"embeddable":true,"href":"http:\/\/hoycordobaweb.com\/index.php\/wp-json\/wp\/v2\/users\/1"}],"replies":[{"embeddable":true,"href":"http:\/\/hoycordobaweb.com\/index.php\/wp-json\/wp\/v2\/comments?post=26081"}],"version-history":[{"count":0,"href":"http:\/\/hoycordobaweb.com\/index.php\/wp-json\/wp\/v2\/posts\/26081\/revisions"}],"wp:attachment":[{"href":"http:\/\/hoycordobaweb.com\/index.php\/wp-json\/wp\/v2\/media?parent=26081"}],"wp:term":[{"taxonomy":"category","embeddable":true,"href":"http:\/\/hoycordobaweb.com\/index.php\/wp-json\/wp\/v2\/categories?post=26081"},{"taxonomy":"post_tag","embeddable":true,"href":"http:\/\/hoycordobaweb.com\/index.php\/wp-json\/wp\/v2\/tags?post=26081"}],"curies":[{"name":"wp","href":"https:\/\/api.w.org\/{rel}","templated":true}]}}