{"id":26019,"date":"2021-07-29T13:42:00","date_gmt":"2021-07-29T13:42:00","guid":{"rendered":"https:\/\/fm-comunicar.com.ar\/contenido\/17985\/daran-clases-virtuales-de-gimnasia-para-personas-mayores"},"modified":"2021-07-29T13:42:00","modified_gmt":"2021-07-29T13:42:00","slug":"daran-clases-virtuales-de-gimnasia-para-personas-mayores","status":"publish","type":"post","link":"http:\/\/hoycordobaweb.com\/index.php\/2021\/07\/29\/daran-clases-virtuales-de-gimnasia-para-personas-mayores\/","title":{"rendered":"Dar\u00e1n clases virtuales de gimnasia para personas mayores"},"content":{"rendered":"<p>Es una propuesta del municipio para fomentar la pr\u00e1ctica de actividad f\u00edsica desde casa, para vecinas y vecinos que no tengan posibilidades de hacer ejercicio en alg\u00fan otro lugar.\u00a0Inicia en agosto, la inscripci\u00f3n es telef\u00f3nica.<img src=\"http:\/\/hoycordobaweb.com\/wp-content\/uploads\/2021\/07\/daran-clases-virtuales-de-gimnasia-para-personas-mayores.jpg\"><\/p>\n","protected":false},"excerpt":{"rendered":"<p>Es una propuesta del municipio para fomentar la pr\u00e1ctica de actividad f\u00edsica desde casa, para vecinas y vecinos que no tengan posibilidades de hacer ejercicio en alg\u00fan otro lugar.\u00a0Inicia en agosto, la inscripci\u00f3n es telef\u00f3nica.<\/p>\n","protected":false},"author":1,"featured_media":26020,"comment_status":"closed","ping_status":"closed","sticky":false,"template":"","format":"standard","meta":[],"categories":[18],"tags":[],"_links":{"self":[{"href":"http:\/\/hoycordobaweb.com\/index.php\/wp-json\/wp\/v2\/posts\/26019"}],"collection":[{"href":"http:\/\/hoycordobaweb.com\/index.php\/wp-json\/wp\/v2\/posts"}],"about":[{"href":"http:\/\/hoycordobaweb.com\/index.php\/wp-json\/wp\/v2\/types\/post"}],"author":[{"embeddable":true,"href":"http:\/\/hoycordobaweb.com\/index.php\/wp-json\/wp\/v2\/users\/1"}],"replies":[{"embeddable":true,"href":"http:\/\/hoycordobaweb.com\/index.php\/wp-json\/wp\/v2\/comments?post=26019"}],"version-history":[{"count":0,"href":"http:\/\/hoycordobaweb.com\/index.php\/wp-json\/wp\/v2\/posts\/26019\/revisions"}],"wp:featuredmedia":[{"embeddable":true,"href":"http:\/\/hoycordobaweb.com\/index.php\/wp-json\/wp\/v2\/media\/26020"}],"wp:attachment":[{"href":"http:\/\/hoycordobaweb.com\/index.php\/wp-json\/wp\/v2\/media?parent=26019"}],"wp:term":[{"taxonomy":"category","embeddable":true,"href":"http:\/\/hoycordobaweb.com\/index.php\/wp-json\/wp\/v2\/categories?post=26019"},{"taxonomy":"post_tag","embeddable":true,"href":"http:\/\/hoycordobaweb.com\/index.php\/wp-json\/wp\/v2\/tags?post=26019"}],"curies":[{"name":"wp","href":"https:\/\/api.w.org\/{rel}","templated":true}]}}