{"id":2601,"date":"2020-10-01T15:56:34","date_gmt":"2020-10-01T15:56:34","guid":{"rendered":"http:\/\/fono.fcm.unc.edu.ar\/?p=5094"},"modified":"2020-10-01T15:56:34","modified_gmt":"2020-10-01T15:56:34","slug":"diagnostico-y-terapeutica-del-lenguaje-ii-proyecto-de-extension-de-promocion-y-prevencion-de-la-salud-fonoaudiologica","status":"publish","type":"post","link":"http:\/\/hoycordobaweb.com\/index.php\/2020\/10\/01\/diagnostico-y-terapeutica-del-lenguaje-ii-proyecto-de-extension-de-promocion-y-prevencion-de-la-salud-fonoaudiologica\/","title":{"rendered":"Diagn\u00f3stico y Terap\u00e9utica del Lenguaje II: Proyecto de Extensi\u00f3n de promoci\u00f3n y prevenci\u00f3n de la salud fonoaudiol\u00f3gica"},"content":{"rendered":"<h2 class=\"fusion-post-title\">Diagn\u00f3stico y Terap\u00e9utica del Lenguaje II: Proyecto de Extensi\u00f3n de promoci\u00f3n y prevenci\u00f3n de la salud fonoaudiol\u00f3gica<\/h2>\n<div class=\"post-content\" readability=\"50.670454545455\">\n<p><img loading=\"lazy\" class=\" wp-image-5096 alignright\" src=\"https:\/\/fono.fcm.unc.edu.ar\/wp-content\/uploads\/sites\/14\/2020\/10\/Grupo-7-183x300.jpg\" alt width=\"318\" height=\"521\" srcset=\"https:\/\/fono.fcm.unc.edu.ar\/wp-content\/uploads\/sites\/14\/2020\/10\/Grupo-7-183x300.jpg 183w, https:\/\/fono.fcm.unc.edu.ar\/wp-content\/uploads\/sites\/14\/2020\/10\/Grupo-7-200x328.jpg 200w, https:\/\/fono.fcm.unc.edu.ar\/wp-content\/uploads\/sites\/14\/2020\/10\/Grupo-7-400x655.jpg 400w, https:\/\/fono.fcm.unc.edu.ar\/wp-content\/uploads\/sites\/14\/2020\/10\/Grupo-7-600x983.jpg 600w, https:\/\/fono.fcm.unc.edu.ar\/wp-content\/uploads\/sites\/14\/2020\/10\/Grupo-7-625x1024.jpg 625w, https:\/\/fono.fcm.unc.edu.ar\/wp-content\/uploads\/sites\/14\/2020\/10\/Grupo-7-768x1258.jpg 768w, https:\/\/fono.fcm.unc.edu.ar\/wp-content\/uploads\/sites\/14\/2020\/10\/Grupo-7-800x1310.jpg 800w, https:\/\/fono.fcm.unc.edu.ar\/wp-content\/uploads\/sites\/14\/2020\/10\/Grupo-7-938x1536.jpg 938w, https:\/\/fono.fcm.unc.edu.ar\/wp-content\/uploads\/sites\/14\/2020\/10\/Grupo-7-1200x1966.jpg 1200w, https:\/\/fono.fcm.unc.edu.ar\/wp-content\/uploads\/sites\/14\/2020\/10\/Grupo-7-1250x2048.jpg 1250w, https:\/\/fono.fcm.unc.edu.ar\/wp-content\/uploads\/sites\/14\/2020\/10\/Grupo-7.jpg 1282w\" sizes=\"(max-width: 318px) 100vw, 318px\">PROYECTO DE EXTENSION CREANDO PUENTES A LA COMUNIDAD. PROGRAMA DE PROMOCION Y PREVENCION DE SALUD FONOAUDIOLOGICA EN EL AREA DE LA COMUNICACION Y EL LENGUAJE EN NI\u00d1OS. RD\/2019-5286-E-UNC-DEC\/FCM<br \/>Compartimos una de las infograf\u00edas creadas por los alumnos Carballo Anabella, Martinez Estefania, Massacessi Luciana, Pera Micaela, Salas Mercedes, desde la asignatura Diagn\u00f3stico y Terap\u00e9utica del Lenguaje II y enmarcado en el Proyecto de Extensi\u00f3n de promoci\u00f3n y prevenci\u00f3n de la salud fonoaudiol\u00f3gica.<\/p>\n<p>El reconocimiento de los signos de alerta de los trastornos en la comunicaci\u00f3n y el lenguaje nos permiten realizar una consulta temprana con el especialista.<\/p>\n<p><strong>Consultas<\/strong>: Departamento Raquel Maurette<\/p>\n<p>Para solicitar y confirmar turno debe contactarse a los siguientes n\u00fameros telef\u00f3nicos:( atenci\u00f3n al p\u00fablico de 9:00 a 18:00)<br \/>\u00b0Ivana \u00c1lvarez: 3513149089<br \/>\u00b0Celeste Rocha: 3513291470<br \/>\u00b0Mail: <a href=\"mailto:turno-fono@fcm.unc.edu.ar\" target=\"_blank\" rel=\"noopener noreferrer\">turno-fono@fcm.unc.edu.ar&nbsp;<\/a><\/p>\n<p>Equipo Docente Lic. Vanina Angiono<br \/>Lic. Cristina Fernandez Reuter<br \/>Lic Eugenia Carrizo<br \/>Lic Nerina Serrano<br \/>Lic. Paula Barral.<\/p>\n<\/p><\/div>\n","protected":false},"excerpt":{"rendered":"<p>Diagn\u00f3stico y Terap\u00e9utica del Lenguaje II: Proyecto de Extensi\u00f3n de promoci\u00f3n y prevenci\u00f3n de la salud fonoaudiol\u00f3gica PROYECTO DE EXTENSION CREANDO PUENTES A LA COMUNIDAD. PROGRAMA DE PROMOCION Y PREVENCION DE SALUD FONOAUDIOLOGICA EN EL AREA DE LA COMUNICACION Y EL LENGUAJE EN NI\u00d1OS. RD\/2019-5286-E-UNC-DEC\/FCMCompartimos una de las infograf\u00edas creadas por los alumnos Carballo Anabella, [&hellip;]<\/p>\n","protected":false},"author":1,"featured_media":0,"comment_status":"closed","ping_status":"closed","sticky":false,"template":"","format":"standard","meta":[],"categories":[1],"tags":[],"_links":{"self":[{"href":"http:\/\/hoycordobaweb.com\/index.php\/wp-json\/wp\/v2\/posts\/2601"}],"collection":[{"href":"http:\/\/hoycordobaweb.com\/index.php\/wp-json\/wp\/v2\/posts"}],"about":[{"href":"http:\/\/hoycordobaweb.com\/index.php\/wp-json\/wp\/v2\/types\/post"}],"author":[{"embeddable":true,"href":"http:\/\/hoycordobaweb.com\/index.php\/wp-json\/wp\/v2\/users\/1"}],"replies":[{"embeddable":true,"href":"http:\/\/hoycordobaweb.com\/index.php\/wp-json\/wp\/v2\/comments?post=2601"}],"version-history":[{"count":0,"href":"http:\/\/hoycordobaweb.com\/index.php\/wp-json\/wp\/v2\/posts\/2601\/revisions"}],"wp:attachment":[{"href":"http:\/\/hoycordobaweb.com\/index.php\/wp-json\/wp\/v2\/media?parent=2601"}],"wp:term":[{"taxonomy":"category","embeddable":true,"href":"http:\/\/hoycordobaweb.com\/index.php\/wp-json\/wp\/v2\/categories?post=2601"},{"taxonomy":"post_tag","embeddable":true,"href":"http:\/\/hoycordobaweb.com\/index.php\/wp-json\/wp\/v2\/tags?post=2601"}],"curies":[{"name":"wp","href":"https:\/\/api.w.org\/{rel}","templated":true}]}}