{"id":25987,"date":"2021-07-28T12:26:30","date_gmt":"2021-07-28T12:26:30","guid":{"rendered":"https:\/\/www.mujerhoy.com\/moda\/tendencias\/falda-vestido-pantalon-camisa-avance-nueva-coleccion-otono-zara-inspiracion-panuelo-20210728142622-nt.html"},"modified":"2021-07-28T12:26:30","modified_gmt":"2021-07-28T12:26:30","slug":"cuando-veas-el-avance-de-la-coleccion-de-otono-de-zara-vas-a-alucinar-todo-sale-de-un-panuelo","status":"publish","type":"post","link":"http:\/\/hoycordobaweb.com\/index.php\/2021\/07\/28\/cuando-veas-el-avance-de-la-coleccion-de-otono-de-zara-vas-a-alucinar-todo-sale-de-un-panuelo\/","title":{"rendered":"Cuando veas el avance de la colecci\u00f3n de oto\u00f1o de Zara vas a alucinar: todo sale de un pa\u00f1uelo"},"content":{"rendered":"<p><!-- AUTHOR --><!-- COMPONENTS --><\/p>\n<p class=\"voc-paragraph\">La verdad es que el oto\u00f1o <a data-voc-vtm-id=\"in-text-traffic\" href=\"https:\/\/www.mujerhoy.com\/moda\/tendencias\/202104\/25\/vestido-baratos-originales-nueva-coleccion-zara-a-punto-agotarse-20210423113550.html\">que nos propone Zara<\/a> no nos pilla por sorpresa: est\u00e1 absolutamente en sinton\u00eda con el revival de la <strong>tendencia a\u00f1os 70<\/strong> en el que estamos inmersas desde hace meses. De hecho, <strong>el pa\u00f1uelo <\/strong>se ha convertido en toda una se\u00f1a de identidad del &#8216;street style&#8217;, ya sea anudado como top como a lo pirata en la cabeza, justo como lo utilizaban las pin up sententeras. Eso s\u00ed: el avance de <a data-voc-vtm-id=\"in-text-traffic\" href=\"https:\/\/www.mujerhoy.com\/moda\/no-te-pierdas\/vestidos-blazers-nueva-coleccion-zara-favoritos-mejor-sientan-20210724134918-ga.html\">nueva colecci\u00f3n<\/a> de Zara lo lleva un poco m\u00e1s all\u00e1 y convierte al carr\u00e9, el cl\u00e1sico pa\u00f1uelo de seda multiuso, en inspiraci\u00f3n para<br \/>\n<strong> un &#8216;drop&#8217; lujos\u00edsimo<\/strong>. Un capricho total (no es <a data-voc-vtm-id=\"in-text-traffic\" href=\"https:\/\/www.mujerhoy.com\/moda\/no-te-pierdas\/202106\/11\/nueva-coleccion-zara-kappa-ropa-deportiva-mujer-barata-jugar-tenis-140671191496-ga.html\">nada barata<\/a>) encarnado en una serie de vestidos y conjuntos incre\u00edbles. Este primero est\u00e1 confeccionado en <strong>seda estampada <\/strong>y lleva mangas asim\u00e9tricas y bajo con aberturas (169 euros).\n<\/p>\n<div class=\"voc-detail-photo-zoom\"><picture data-toggle=\"modal\" data-target=\"#photoZoomModal-580\" target=\"modal\">\n<div class=\"voc-img-icon-link\"><img loading=\"lazy\" data-original=\"\/\/static.mujerhoy.com\/www\/multimedia\/202107\/27\/media\/cortadas\/nueva-coleccion-otono-zara-1-k3GG--460x637@MujerHoy.jpg\" class=\"lazy\"><noscript><img src=\"http:\/\/hoycordobaweb.com\/wp-content\/uploads\/2021\/07\/cuando-veas-el-avance-de-la-coleccion-de-otono-de-zara-vas-a-alucinar-todo-sale-de-un-panuelo.png\" alt><\/noscript><i class=\"voc-icons zoom voc-multimedia-box voc-ico-l\"><\/i><\/div><figcaption class=\"figure-caption\"><\/figcaption><\/picture><\/div>\n<div id=\"photoZoomModal-580\" class=\"voc-lightbox modal fade voc-lightbox--photo-zoom\" role=\"dialog\" data-voc-photozoom-lightbox>\n<div class=\"voc-lightbox__dialog\" role=\"document\">\n<div class=\"voc-lightbox__content\"><!-- Modal header --><!-- Modal content --><\/p>\n<div class=\"voc-lightbox__photo-container\"><picture class><img loading=\"lazy\" data-original=\"\/\/static.mujerhoy.com\/www\/multimedia\/202107\/27\/media\/cortadas\/nueva-coleccion-otono-zara-1-k3GG--460x637@MujerHoy.jpg\" alt class=\"lazy\"><noscript><img src=\"http:\/\/hoycordobaweb.com\/wp-content\/uploads\/2021\/07\/cuando-veas-el-avance-de-la-coleccion-de-otono-de-zara-vas-a-alucinar-todo-sale-de-un-panuelo.png\" alt><\/noscript><\/picture><\/div>\n<\/div>\n<\/div>\n<\/div>\n<p class=\"voc-paragraph\">Uno de nuestros looks favoritos es un conjunto de <strong>kimono y pantal\u00f3n <\/strong>que, como el resto de la colecci\u00f3n de<br \/>\n<strong> avance de oto\u00f1o de Zara <\/strong>est\u00e1 confeccionado en una <strong>seda estampada al modo pa\u00f1uelo <\/strong>maravillosa. El kimono lleva la cl\u00e1sica manga amplia por debajo del codo con detalle de pliegues, abertura y nudo (119 euros). El pantal\u00f3n, tambi\u00e9n de seda cien por cien, lleva tiro alto y una superposici\u00f3n combinada de tejido combinado en el delantero (109 euros).\n<\/p>\n<div class=\"voc-detail-photo-zoom\"><picture data-toggle=\"modal\" data-target=\"#photoZoomModal-62\" target=\"modal\">\n<div class=\"voc-img-icon-link\"><img loading=\"lazy\" data-original=\"\/\/static1.mujerhoy.com\/www\/multimedia\/202107\/27\/media\/cortadas\/nueva-coleccion-otono-zara-2-k3GG--460x637@MujerHoy.jpg\" class=\"lazy\"><noscript><img src=\"http:\/\/hoycordobaweb.com\/wp-content\/uploads\/2021\/07\/cuando-veas-el-avance-de-la-coleccion-de-otono-de-zara-vas-a-alucinar-todo-sale-de-un-panuelo-1.png\" alt><\/noscript><i class=\"voc-icons zoom voc-multimedia-box voc-ico-l\"><\/i><\/div><figcaption class=\"figure-caption\"><\/figcaption><\/picture><\/div>\n<div id=\"photoZoomModal-62\" class=\"voc-lightbox modal fade voc-lightbox--photo-zoom\" role=\"dialog\" data-voc-photozoom-lightbox>\n<div class=\"voc-lightbox__dialog\" role=\"document\">\n<div class=\"voc-lightbox__content\"><!-- Modal header --><!-- Modal content --><\/p>\n<div class=\"voc-lightbox__photo-container\"><picture class><img loading=\"lazy\" data-original=\"\/\/static1.mujerhoy.com\/www\/multimedia\/202107\/27\/media\/cortadas\/nueva-coleccion-otono-zara-2-k3GG--460x637@MujerHoy.jpg\" alt class=\"lazy\"><noscript><img src=\"http:\/\/hoycordobaweb.com\/wp-content\/uploads\/2021\/07\/cuando-veas-el-avance-de-la-coleccion-de-otono-de-zara-vas-a-alucinar-todo-sale-de-un-panuelo-1.png\" alt><\/noscript><\/picture><\/div>\n<\/div>\n<\/div>\n<\/div>\n<p class=\"voc-paragraph\">Atenci\u00f3n a esta blusa, porque es la pieza perfecta para quien no se vea con un total look<br \/>\n<strong> inspirado en el &#8216;carr\u00e9&#8217; o pa\u00f1uelo<\/strong>, pero se enamore de este estampado maravilloso. Como el resto de la<br \/>\n<strong> colecci\u00f3n de avance del oto\u00f1o de Zara <\/strong>est\u00e1 confeccionada en seda y lleva cuello de solapa, manga larga acabada en pu\u00f1o y cierre frontal cruzado con lazadas combinadas a contraste (99,95 euros).\n<\/p>\n<div class=\"voc-detail-photo-zoom\"><picture data-toggle=\"modal\" data-target=\"#photoZoomModal-657\" target=\"modal\">\n<div class=\"voc-img-icon-link\"><img loading=\"lazy\" data-original=\"\/\/static3.mujerhoy.com\/www\/multimedia\/202107\/27\/media\/cortadas\/nueva-coleccion-otono-zara-3-k3GG--460x637@MujerHoy.jpg\" class=\"lazy\"><noscript><img src=\"http:\/\/hoycordobaweb.com\/wp-content\/uploads\/2021\/07\/cuando-veas-el-avance-de-la-coleccion-de-otono-de-zara-vas-a-alucinar-todo-sale-de-un-panuelo-2.png\" alt><\/noscript><i class=\"voc-icons zoom voc-multimedia-box voc-ico-l\"><\/i><\/div><figcaption class=\"figure-caption\"><\/figcaption><\/picture><\/div>\n<div id=\"photoZoomModal-657\" class=\"voc-lightbox modal fade voc-lightbox--photo-zoom\" role=\"dialog\" data-voc-photozoom-lightbox>\n<div class=\"voc-lightbox__dialog\" role=\"document\">\n<div class=\"voc-lightbox__content\"><!-- Modal header --><!-- Modal content --><\/p>\n<div class=\"voc-lightbox__photo-container\"><picture class><img loading=\"lazy\" data-original=\"\/\/static3.mujerhoy.com\/www\/multimedia\/202107\/27\/media\/cortadas\/nueva-coleccion-otono-zara-3-k3GG--460x637@MujerHoy.jpg\" alt class=\"lazy\"><noscript><img src=\"http:\/\/hoycordobaweb.com\/wp-content\/uploads\/2021\/07\/cuando-veas-el-avance-de-la-coleccion-de-otono-de-zara-vas-a-alucinar-todo-sale-de-un-panuelo-2.png\" alt><\/noscript><\/picture><\/div>\n<\/div>\n<\/div>\n<\/div>\n<p class=\"voc-paragraph\">Esa puede ser, sin embargo,<br \/>\n<strong> la propuesta m\u00e1s original de la colecci\u00f3n<\/strong>: un vestido de seda tres en uno, tambi\u00e9n con el <strong>estampado pa\u00f1uelo <\/strong>que tanto se va a llevar este oto\u00f1o. Se compone de dos piezas que se pueden llevar juntas o por separado: un top de escote asim\u00e9trico con tirante, nudo y pliegues en el lateral; y una falda mini tambi\u00e9n con un adorno de pliegues. <strong>El top y la falda se unen mediante un bot\u00f3n oculto en la cintura<\/strong>, convirti\u00e9ndose en un vestido (109 euros). Aqu\u00ed va acompa\u00f1ado de un abrigo de cachemira con bolsillos de plastr\u00f3n (279 euros).\n<\/p>\n<div class=\"voc-detail-photo-zoom\"><picture data-toggle=\"modal\" data-target=\"#photoZoomModal-605\" target=\"modal\">\n<div class=\"voc-img-icon-link\"><img loading=\"lazy\" data-original=\"\/\/static3.mujerhoy.com\/www\/multimedia\/202107\/27\/media\/cortadas\/nueva-coleccion-otono-zara-4-k3GG--460x637@MujerHoy.jpg\" class=\"lazy\"><noscript><img src=\"http:\/\/hoycordobaweb.com\/wp-content\/uploads\/2021\/07\/cuando-veas-el-avance-de-la-coleccion-de-otono-de-zara-vas-a-alucinar-todo-sale-de-un-panuelo-3.png\" alt><\/noscript><i class=\"voc-icons zoom voc-multimedia-box voc-ico-l\"><\/i><\/div><figcaption class=\"figure-caption\"><\/figcaption><\/picture><\/div>\n<div id=\"photoZoomModal-605\" class=\"voc-lightbox modal fade voc-lightbox--photo-zoom\" role=\"dialog\" data-voc-photozoom-lightbox>\n<div class=\"voc-lightbox__dialog\" role=\"document\">\n<div class=\"voc-lightbox__content\"><!-- Modal header --><!-- Modal content --><\/p>\n<div class=\"voc-lightbox__photo-container\"><picture class><img loading=\"lazy\" data-original=\"\/\/static3.mujerhoy.com\/www\/multimedia\/202107\/27\/media\/cortadas\/nueva-coleccion-otono-zara-4-k3GG--460x637@MujerHoy.jpg\" alt class=\"lazy\"><noscript><img src=\"http:\/\/hoycordobaweb.com\/wp-content\/uploads\/2021\/07\/cuando-veas-el-avance-de-la-coleccion-de-otono-de-zara-vas-a-alucinar-todo-sale-de-un-panuelo-3.png\" alt><\/noscript><\/picture><\/div>\n<\/div>\n<\/div>\n<\/div>\n<p class=\"voc-paragraph\">Por \u00faltimo, el tercer vestido de <strong>la colecci\u00f3n pa\u00f1uelo<\/strong>, en unos tonos m\u00e1s rosados y con mangas amplias. Llega una lazada en el delantero y una abertura en la espalda (169 euros). Va con uno de los accesorios m\u00e1s espectaculares de este avance de la <strong>nueva colecci\u00f3n de oto\u00f1o de Zara<\/strong> que son unas botas altas de pelo con estampado animal, directamente incre\u00edbles (219 euros).\n<\/p>\n<div class=\"voc-detail__cmp voc-detail__cmp--pad-lr voc-detail__cmp--pad-lr--bdr\">\n<div class=\"voc-ficha-detail__wrapper\">\n<section class=\"voc-ficha-detail\">\n<h4 class=\"voc-ficha-detail-title voc-title-section\">Te recomendamos<\/h4>\n<\/section>\n<\/div>\n<\/div>\n<p><!-- TOPICS --><\/p>\n","protected":false},"excerpt":{"rendered":"<p>La verdad es que el oto\u00f1o que nos propone Zara no nos pilla por sorpresa: est\u00e1 absolutamente en sinton\u00eda con el revival de la tendencia a\u00f1os 70 en el que estamos inmersas desde hace meses. De hecho, el pa\u00f1uelo se ha convertido en toda una se\u00f1a de identidad del &#8216;street style&#8217;, ya sea anudado como [&hellip;]<\/p>\n","protected":false},"author":1,"featured_media":25988,"comment_status":"closed","ping_status":"closed","sticky":false,"template":"","format":"standard","meta":[],"categories":[1],"tags":[],"_links":{"self":[{"href":"http:\/\/hoycordobaweb.com\/index.php\/wp-json\/wp\/v2\/posts\/25987"}],"collection":[{"href":"http:\/\/hoycordobaweb.com\/index.php\/wp-json\/wp\/v2\/posts"}],"about":[{"href":"http:\/\/hoycordobaweb.com\/index.php\/wp-json\/wp\/v2\/types\/post"}],"author":[{"embeddable":true,"href":"http:\/\/hoycordobaweb.com\/index.php\/wp-json\/wp\/v2\/users\/1"}],"replies":[{"embeddable":true,"href":"http:\/\/hoycordobaweb.com\/index.php\/wp-json\/wp\/v2\/comments?post=25987"}],"version-history":[{"count":0,"href":"http:\/\/hoycordobaweb.com\/index.php\/wp-json\/wp\/v2\/posts\/25987\/revisions"}],"wp:featuredmedia":[{"embeddable":true,"href":"http:\/\/hoycordobaweb.com\/index.php\/wp-json\/wp\/v2\/media\/25988"}],"wp:attachment":[{"href":"http:\/\/hoycordobaweb.com\/index.php\/wp-json\/wp\/v2\/media?parent=25987"}],"wp:term":[{"taxonomy":"category","embeddable":true,"href":"http:\/\/hoycordobaweb.com\/index.php\/wp-json\/wp\/v2\/categories?post=25987"},{"taxonomy":"post_tag","embeddable":true,"href":"http:\/\/hoycordobaweb.com\/index.php\/wp-json\/wp\/v2\/tags?post=25987"}],"curies":[{"name":"wp","href":"https:\/\/api.w.org\/{rel}","templated":true}]}}