{"id":25826,"date":"2021-07-26T22:59:00","date_gmt":"2021-07-26T22:59:00","guid":{"rendered":"http:\/\/hoycordobaweb.com\/index.php\/2021\/07\/26\/maxima-tension-en-tunez-tras-la-suspension-del-parlamento-y-destitucion-del-primer-ministro\/"},"modified":"2021-07-26T22:59:00","modified_gmt":"2021-07-26T22:59:00","slug":"maxima-tension-en-tunez-tras-la-suspension-del-parlamento-y-destitucion-del-primer-ministro","status":"publish","type":"post","link":"http:\/\/hoycordobaweb.com\/index.php\/2021\/07\/26\/maxima-tension-en-tunez-tras-la-suspension-del-parlamento-y-destitucion-del-primer-ministro\/","title":{"rendered":"M\u00e1xima tensi\u00f3n en T\u00fanez tras la suspensi\u00f3n del Parlamento y destituci\u00f3n del primer ministro"},"content":{"rendered":"<p><img src=\"http:\/\/hoycordobaweb.com\/wp-content\/uploads\/2021\/07\/maxima-tension-en-tunez-tras-la-suspension-del-parlamento-y-destitucion-del-primer-ministro.jpg\"><\/p>\n<div class=\"image\" id=\"image\" readability=\"8\"> <img src=\"http:\/\/hoycordobaweb.com\/wp-content\/uploads\/2021\/07\/maxima-tension-en-tunez-tras-la-suspension-del-parlamento-y-destitucion-del-primer-ministro-2.jpg\" alt=\"Saied defendi\u00f3 que tom\u00f3 la decisi\u00f3n para &quot;salvar T\u00fanez, al Estado y al pueblo tunecino&quot;.\" title=\"Saied defendi\u00f3 que tom\u00f3 la decisi\u00f3n para &quot;salvar T\u00fanez, al Estado y al pueblo tunecino&quot;.\"><\/p>\n<p>Saied defendi\u00f3 que tom\u00f3 la decisi\u00f3n para \u00absalvar T\u00fanez, al Estado y al pueblo tunecino\u00bb.<\/p>\n<\/div>\n<p>Varios enfrentamientos sacudieron este lunes las inmediaciones de la Asamblea de Representantes del Pueblo (ARP, parlamento) de T\u00fanez, despu\u00e9s de que el presidente Kais Saied suspendiera la actividad legislativa y destituyera al primer ministro, Hichem Mechichi, y a otros miembros del gabinete, lo que profundiz\u00f3 la crisis del pa\u00eds y puso en alerta a la comunidad internacional.<\/p>\n<p>El domingo por la noche,<strong> tras una jornada de manifestaciones en numerosas ciudades del pa\u00eds, Saied anunci\u00f3 la suspensi\u00f3n de la actividad del parlamento durante 30 d\u00edas y anticip\u00f3 que se har\u00eda cargo del poder Ejecutivo.<\/strong><\/p>\n<p>Como en la mayor\u00eda de los reg\u00edmenes parlamentarios, el presidente es el jefe del Estado pero no el de Gobierno, responsabilidad que recae en el parlamento.<\/p>\n<p>El mandatario del pa\u00eds \u00e1rabe del norte de \u00c1frica hizo el anuncio luego de una reuni\u00f3n de emergencia con responsables de las fuerzas de seguridad en el palacio presidencial de Cartago.<\/p>\n<p><strong>Adem\u00e1s de la destituci\u00f3n del premier Mechichi, la Presidencia de la Rep\u00fablica anunci\u00f3 que cesaba de sus cargos al ministro de Defensa, Ibrahim Bartaji; y a la vocera del gobierno, ministra de la Funci\u00f3n P\u00fablica y ministra interina de Justicia, <\/strong>Hasna Ben Slimane.<\/p>\n<p>Saied defendi\u00f3 su decisi\u00f3n y argument\u00f3 que lo hizo para \u00absalvar T\u00fanez, al Estado y al pueblo tunecino\u00bb.<\/p>\n<p>La \u00fanica persona de las tres depuestas en estas 48 horas que hizo declaraciones p\u00fablicas fue Mechichi, quien public\u00f3 una nota en Facebook, en la que analiz\u00f3 su accionar y anunci\u00f3 que aceptaba la decisi\u00f3n del mandatario.<\/p>\n<div class=\"image\" id=\"image\" readability=\"8\"> <img src=\"http:\/\/hoycordobaweb.com\/wp-content\/uploads\/2021\/07\/maxima-tension-en-tunez-tras-la-suspension-del-parlamento-y-destitucion-del-primer-ministro-3.jpg\" alt=\"Kais Saied anunci\u00f3 el domingo la destituci\u00f3n del primer ministro, Hichem Mechichi.\" title=\"Kais Saied anunci\u00f3 el domingo la destituci\u00f3n del primer ministro, Hichem Mechichi.\"><\/p>\n<p>Kais Saied anunci\u00f3 el domingo la destituci\u00f3n del primer ministro, Hichem Mechichi.<\/p>\n<\/div>\n<p><br open> \u00abTransmitir\u00e9 mis responsabilidades a la persona que sea nombrada por el presidente de la rep\u00fablica seg\u00fan las tradiciones del Estado, augurando \u00e9xito al nuevo equipo de gobierno\u00bb, afirm\u00f3, citado por la agencia de noticias ANSA.<\/p>\n<p>En la misma l\u00ednea, agreg\u00f3:<strong> \u00abPido a la gente mantener la calma y no ceder a las provocaciones. No quiero ver siquiera una gota de sangre.\u00bb<\/strong><\/p>\n<p>Despu\u00e9s del discurso de Saied, tunecinos enojados por las luchas de poder y la cuestionada gesti\u00f3n de la crisis social y sanitaria por parte del gobierno salieron a las calles a pesar del toque de queda vigente por la pandemia, con fuegos de artificio y haciendo sonar las bocinas de sus autos en la capital T\u00fanez y otras ciudades.<\/p>\n<p>Este lunes, frente al parlamento, varios centenares de seguidores de Saied y de Ennahdha, el partido pol\u00edtico gobernante y de orientaci\u00f3n islamista, se enfrentaron con piedras y botellas delante del parlamento, en la ciudad de T\u00fanez, seg\u00fan la agencia AFP.<\/p>\n<p><strong>Rached Ghannouchi, l\u00edder de Ennahdha y presidente de la ARP, llam\u00f3 a la movilizaci\u00f3n y estuvo casi 12 horas frente a la puerta cerrada de la instituci\u00f3n,<\/strong> a la que no pudo acceder porque los militares desplegados para custodiarla se lo impidieron.<\/p>\n<p>Estas medidas buscan <strong>\u00abcambiar la naturaleza del r\u00e9gimen pol\u00edtico en T\u00fanez y transformarlo de un r\u00e9gimen democr\u00e1tico parlamentario en un r\u00e9gimen presidencial, individual y autoritario\u00bb,<\/strong> consider\u00f3 en una declaraci\u00f3n publicada en la p\u00e1gina oficial de Ennahdha.<\/p>\n<p>Ghannouchi y Saied se hallan inmersos en un pulso pol\u00edtico desde hace seis meses, que paraliz\u00f3 el gobierno y perturb\u00f3 a los poderes p\u00fablicos en plena ola de contagios de coronavirus que sacude al pa\u00eds desde principios de julio.<\/p>\n<p><strong>Adem\u00e1s de Ennahdha, las formaciones de su coalici\u00f3n, Qalb Tounes, y el movimiento islamista nacionalista Karama, tambi\u00e9n condenaron las decisiones del mandatario.<\/strong><\/p>\n<div class=\"image\" id=\"image\" readability=\"7\"> <img src=\"http:\/\/hoycordobaweb.com\/wp-content\/uploads\/2021\/07\/maxima-tension-en-tunez-tras-la-suspension-del-parlamento-y-destitucion-del-primer-ministro-4.jpg\" alt=\"M\u00e1xima tensi\u00f3n tras la suspensi\u00f3n del Parlamento. Cr\u00e9dito: AFP\" title=\"M\u00e1xima tensi\u00f3n tras la suspensi\u00f3n del Parlamento. Cr\u00e9dito: AFP\"><\/p>\n<p>M\u00e1xima tensi\u00f3n tras la suspensi\u00f3n del Parlamento. Cr\u00e9dito: AFP<\/p>\n<\/div>\n<p><br open><br \/>\nEn la oposici\u00f3n, la Corriente Democr\u00e1tica, un partido socialdem\u00f3crata que apoy\u00f3 a Saied en varias ocasiones, tambi\u00e9n rechaz\u00f3 la medida, aunque la achac\u00f3 a \u00abla tensi\u00f3n popular y a la crisis social, econ\u00f3mica y sanitaria, y a falta de horizontes de la coalici\u00f3n en el poder dirigida por Ennahdha\u00bb.<\/p>\n<p><strong>En tanto, la Uni\u00f3n General de Trabajadores Tunecinos, una influyente central sindical, apoy\u00f3 impl\u00edcitamente las decisiones indicando que eran \u00abconformes\u00bb a la Constituci\u00f3n, aunque pidi\u00f3 la continuaci\u00f3n del proceso democr\u00e1tico<\/strong> m\u00e1s de una d\u00e9cada despu\u00e9s del levantamiento que termin\u00f3 con la dictadura de Zine el Abidine Ben Al\u00ed.<\/p>\n<p>\u00abEs hora\u00bb de que los responsables de la situaci\u00f3n \u00abdegradada\u00bb del pa\u00eds \u00abasuman sus responsabilidades\u00bb, enfatiz\u00f3 el sindicato.<\/p>\n<p>En ese contexto, la polic\u00eda cerr\u00f3 sin orden judicial las oficinas de la televisora catar\u00ed Al Jazeera, decisi\u00f3n criticada por Amnist\u00eda Internacional y Reporteros Sin Fronteras, y la Presidencia anunci\u00f3 una ampliaci\u00f3n de de 19 a 6 del toque de queda, inicialmente establecido para reducir los casos de coronavirus.<\/p>\n<p>Con casi 18.000 muertos por Covid-19, el pa\u00eds, de 12 millones de habitantes, presenta una de las peores tasas de mortalidad del mundo.<\/p>\n<p>Adem\u00e1s, se prohibieron las reuniones en la calle de m\u00e1s de tres personas y se dieron dos d\u00edas de asueto a los funcionarios.<\/p>\n<p>La comunidad internacional r\u00e1pidamente se hizo eco de los hechos recientes.<\/p>\n<p>\u00abEstamos siguiendo de cerca la evoluci\u00f3n de los acontecimientos en T\u00fanez; pedimos a todos los actores que respeten la Constituci\u00f3n, sus instituciones y el estado de derecho\u00bb, se\u00f1al\u00f3 la vocera de Exteriores de la Uni\u00f3n Europea (UE), Nabila Massrali,y exhort\u00f3 a las partes a \u00abevitar cualquier resorte de violencia\u00bb, seg\u00fan la agencia Europa Press.<\/p>\n<p>La Liga \u00c1rabe, organismo regional del que T\u00fanez forma parte, espera que el pa\u00eds \u00absupere r\u00e1pidamente el actual per\u00edodo de turbulencias y vuelva a la estabilidad y la tranquilidad para que el Estado pueda trabajar de manera efectiva, respondiendo a las ambiciones y demandas de su pueblo\u00bb, seg\u00fan el comunicado oficial.<\/p>\n<p>En tanto, el secretario de Estado de Estados Unidos, Antony Blinken, habl\u00f3 por tel\u00e9fono con Saied y lo \u00abalent\u00f3 a apegarse a los principios de democracia y derechos humanos que son la base del gobierno en T\u00fanez\u00bb.<\/p>\n<p>Por su parte, Turqu\u00eda, aliada de Ennahdha, pidi\u00f3 que se restaure la \u00ablegitimidad democr\u00e1tica\u00bb, Alemania reclam\u00f3 el \u00abregreso del orden constitucional lo m\u00e1s r\u00e1pidamente posible\u00bb, y Francia pidi\u00f3 \u00abun retorno, lo m\u00e1s pronto posible, a un funcionamiento normal de las instituciones\u00bb. <\/p>\n","protected":false},"excerpt":{"rendered":"<p>Saied defendi\u00f3 que tom\u00f3 la decisi\u00f3n para \u00absalvar T\u00fanez, al Estado y al pueblo tunecino\u00bb. Varios enfrentamientos sacudieron este lunes las inmediaciones de la Asamblea de Representantes del Pueblo (ARP, parlamento) de T\u00fanez, despu\u00e9s de que el presidente Kais Saied suspendiera la actividad legislativa y destituyera al primer ministro, Hichem Mechichi, y a otros miembros [&hellip;]<\/p>\n","protected":false},"author":1,"featured_media":25827,"comment_status":"open","ping_status":"closed","sticky":false,"template":"","format":"standard","meta":[],"categories":[24],"tags":[],"_links":{"self":[{"href":"http:\/\/hoycordobaweb.com\/index.php\/wp-json\/wp\/v2\/posts\/25826"}],"collection":[{"href":"http:\/\/hoycordobaweb.com\/index.php\/wp-json\/wp\/v2\/posts"}],"about":[{"href":"http:\/\/hoycordobaweb.com\/index.php\/wp-json\/wp\/v2\/types\/post"}],"author":[{"embeddable":true,"href":"http:\/\/hoycordobaweb.com\/index.php\/wp-json\/wp\/v2\/users\/1"}],"replies":[{"embeddable":true,"href":"http:\/\/hoycordobaweb.com\/index.php\/wp-json\/wp\/v2\/comments?post=25826"}],"version-history":[{"count":0,"href":"http:\/\/hoycordobaweb.com\/index.php\/wp-json\/wp\/v2\/posts\/25826\/revisions"}],"wp:featuredmedia":[{"embeddable":true,"href":"http:\/\/hoycordobaweb.com\/index.php\/wp-json\/wp\/v2\/media\/25827"}],"wp:attachment":[{"href":"http:\/\/hoycordobaweb.com\/index.php\/wp-json\/wp\/v2\/media?parent=25826"}],"wp:term":[{"taxonomy":"category","embeddable":true,"href":"http:\/\/hoycordobaweb.com\/index.php\/wp-json\/wp\/v2\/categories?post=25826"},{"taxonomy":"post_tag","embeddable":true,"href":"http:\/\/hoycordobaweb.com\/index.php\/wp-json\/wp\/v2\/tags?post=25826"}],"curies":[{"name":"wp","href":"https:\/\/api.w.org\/{rel}","templated":true}]}}