{"id":258,"date":"2020-08-26T22:54:00","date_gmt":"2020-08-26T22:54:00","guid":{"rendered":"https:\/\/fm-comunicar.com.ar\/contenido\/15906\/el-ejecutivo-propone-una-quita-total-de-intereses-a-las-deudas-contraidas-este-a"},"modified":"2020-08-26T22:54:00","modified_gmt":"2020-08-26T22:54:00","slug":"el-ejecutivo-propone-una-quita-total-de-intereses-a-las-deudas-contraidas-este-ano","status":"publish","type":"post","link":"http:\/\/hoycordobaweb.com\/index.php\/2020\/08\/26\/el-ejecutivo-propone-una-quita-total-de-intereses-a-las-deudas-contraidas-este-ano\/","title":{"rendered":"El Ejecutivo propone una quita total de intereses a las deudas contra\u00eddas este a\u00f1o"},"content":{"rendered":"<p>Se trata de un plan de moratoria hasta el 30 de septiembre. Si el Concejo Deliberante lo aprueba, los contribuyentes podr\u00e1n presentarse de manera espont\u00e1nea a regularizar su situaci\u00f3n con importantes beneficios.\u00a0<img src=\"http:\/\/hoycordobaweb.com\/wp-content\/uploads\/2020\/08\/el-ejecutivo-propone-una-quita-total-de-intereses-a-las-deudas-contraidas-este-ano.jpg\"><\/p>\n","protected":false},"excerpt":{"rendered":"<p>Se trata de un plan de moratoria hasta el 30 de septiembre. Si el Concejo Deliberante lo aprueba, los contribuyentes podr\u00e1n presentarse de manera espont\u00e1nea a regularizar su situaci\u00f3n con importantes beneficios.\u00a0<\/p>\n","protected":false},"author":1,"featured_media":259,"comment_status":"closed","ping_status":"closed","sticky":false,"template":"","format":"standard","meta":[],"categories":[18],"tags":[],"_links":{"self":[{"href":"http:\/\/hoycordobaweb.com\/index.php\/wp-json\/wp\/v2\/posts\/258"}],"collection":[{"href":"http:\/\/hoycordobaweb.com\/index.php\/wp-json\/wp\/v2\/posts"}],"about":[{"href":"http:\/\/hoycordobaweb.com\/index.php\/wp-json\/wp\/v2\/types\/post"}],"author":[{"embeddable":true,"href":"http:\/\/hoycordobaweb.com\/index.php\/wp-json\/wp\/v2\/users\/1"}],"replies":[{"embeddable":true,"href":"http:\/\/hoycordobaweb.com\/index.php\/wp-json\/wp\/v2\/comments?post=258"}],"version-history":[{"count":0,"href":"http:\/\/hoycordobaweb.com\/index.php\/wp-json\/wp\/v2\/posts\/258\/revisions"}],"wp:featuredmedia":[{"embeddable":true,"href":"http:\/\/hoycordobaweb.com\/index.php\/wp-json\/wp\/v2\/media\/259"}],"wp:attachment":[{"href":"http:\/\/hoycordobaweb.com\/index.php\/wp-json\/wp\/v2\/media?parent=258"}],"wp:term":[{"taxonomy":"category","embeddable":true,"href":"http:\/\/hoycordobaweb.com\/index.php\/wp-json\/wp\/v2\/categories?post=258"},{"taxonomy":"post_tag","embeddable":true,"href":"http:\/\/hoycordobaweb.com\/index.php\/wp-json\/wp\/v2\/tags?post=258"}],"curies":[{"name":"wp","href":"https:\/\/api.w.org\/{rel}","templated":true}]}}