{"id":25773,"date":"2021-07-25T17:15:19","date_gmt":"2021-07-25T17:15:19","guid":{"rendered":"https:\/\/www.ole.com.ar\/futbol-internacional\/america\/atletico-mineiro-penal-polemica-brasil_0_tEN5GbwrJ.html"},"modified":"2021-07-25T17:15:19","modified_gmt":"2021-07-25T17:15:19","slug":"otra-polemica-en-mineiro-mira-el-penal-que-le-cobraron","status":"publish","type":"post","link":"http:\/\/hoycordobaweb.com\/index.php\/2021\/07\/25\/otra-polemica-en-mineiro-mira-el-penal-que-le-cobraron\/","title":{"rendered":"Otra pol\u00e9mica en Mineiro: mir\u00e1 el penal que le cobraron"},"content":{"rendered":"<p><img src=\"http:\/\/hoycordobaweb.com\/wp-content\/uploads\/2021\/07\/otra-polemica-en-mineiro-mira-el-penal-que-le-cobraron.jpg\"><\/p>\n<div><img src=\"http:\/\/hoycordobaweb.com\/wp-content\/uploads\/2021\/07\/otra-polemica-en-mineiro-mira-el-penal-que-le-cobraron.jpg\" class=\"ff-og-image-inserted\"><\/div>\n<p>Despu\u00e9s de la famosa serie de <a alt=\"copa-libertadores\" class=\"slug\" href=\"https:\/\/www.ole.com.ar\/tema\/copa-libertadores.html\" target=\"_blank\" title=\"copa-libertadores\" rel=\"noopener noreferrer\">Copa Libertadores<\/a> contra <a alt=\"boca-juniors\" class=\"slug\" href=\"https:\/\/www.ole.com.ar\/tema\/boca-juniors.html\" target=\"_blank\" title=\"boca-juniors\" rel=\"noopener noreferrer\">Boca<\/a>, donde al Xeneize le anularon v\u00eda VAR dos goles que eran leg\u00edtimos, <a alt=\"atletico-mineiro\" class=\"slug\" href=\"https:\/\/www.ole.com.ar\/tema\/atletico-mineiro.html\" target=\"_blank\" title=\"atletico-mineiro\" rel=\"noopener noreferrer\">Atl\u00e9tico Mineiro<\/a> volvi\u00f3 a recibir un gui\u00f1o del arbitraje cuando le pitaron un penal m\u00e1s que pol\u00e9mico en lo que termin\u00f3 siendo su victoria 3-0 sobre Bah\u00eda.<\/p>\n<p>En el Mineirao,&nbsp;ganaba 1-0 gracias a Hulk y, cuando el reloj indicaba 80 minutos de partido, <strong>el mismo delantero se las ingeni\u00f3 para que le cobraran un penal muy dudoso.<\/strong> Encar\u00f3 mano a mano al arquero Matheus Teixeira y apenas sinti\u00f3 que \u00e9ste estir\u00f3 un poquito el pie salt\u00f3 para adelante. Si bien puede ser cierto que lo hayan pisado (en ninguna repetici\u00f3n se llega a percibir bien), es f\u00edsicamente imposible que haya volado para adelante como lo hizo. De todas formas, el juez compr\u00f3 y<strong> el superh\u00e9roe, que hab\u00eda fallado en la definici\u00f3n ante Boca, esta vez&nbsp;cambi\u00f3 el remate por el 2-0.<\/strong><\/p>\n<h2><strong>EL POL\u00c9MICO PENAL A HULK<\/strong><\/h2>\n<p>Ya con el tiempo cumplido apareci\u00f3 Nathan, que hab\u00eda entrado cinco minutos antes justamente por Hulk, y convirti\u00f3 el 3-0 definitivo para Mineiro, que arrastra un invicto de ocho partidos. El equipo dirigido por Cuca ahora se mantiene segundo en el Brasileirao, a tres puntos del Palmeiras, que el s\u00e1bado venci\u00f3 1-0 al Fluminense.&nbsp;<\/p>\n<h2><strong>LOS GOLES DE HULK<\/strong><\/h2>\n<div class=\"entry-tags\">\n<h2>TEMAS QUE APARECEN EN ESTA NOTA<\/h2>\n<\/p><\/div>\n","protected":false},"excerpt":{"rendered":"<p>Despu\u00e9s de la famosa serie de Copa Libertadores contra Boca, donde al Xeneize le anularon v\u00eda VAR dos goles que eran leg\u00edtimos, Atl\u00e9tico Mineiro volvi\u00f3 a recibir un gui\u00f1o del arbitraje cuando le pitaron un penal m\u00e1s que pol\u00e9mico en lo que termin\u00f3 siendo su victoria 3-0 sobre Bah\u00eda. En el Mineirao,&nbsp;ganaba 1-0 gracias a [&hellip;]<\/p>\n","protected":false},"author":1,"featured_media":25774,"comment_status":"open","ping_status":"closed","sticky":false,"template":"","format":"standard","meta":[],"categories":[16],"tags":[],"_links":{"self":[{"href":"http:\/\/hoycordobaweb.com\/index.php\/wp-json\/wp\/v2\/posts\/25773"}],"collection":[{"href":"http:\/\/hoycordobaweb.com\/index.php\/wp-json\/wp\/v2\/posts"}],"about":[{"href":"http:\/\/hoycordobaweb.com\/index.php\/wp-json\/wp\/v2\/types\/post"}],"author":[{"embeddable":true,"href":"http:\/\/hoycordobaweb.com\/index.php\/wp-json\/wp\/v2\/users\/1"}],"replies":[{"embeddable":true,"href":"http:\/\/hoycordobaweb.com\/index.php\/wp-json\/wp\/v2\/comments?post=25773"}],"version-history":[{"count":0,"href":"http:\/\/hoycordobaweb.com\/index.php\/wp-json\/wp\/v2\/posts\/25773\/revisions"}],"wp:featuredmedia":[{"embeddable":true,"href":"http:\/\/hoycordobaweb.com\/index.php\/wp-json\/wp\/v2\/media\/25774"}],"wp:attachment":[{"href":"http:\/\/hoycordobaweb.com\/index.php\/wp-json\/wp\/v2\/media?parent=25773"}],"wp:term":[{"taxonomy":"category","embeddable":true,"href":"http:\/\/hoycordobaweb.com\/index.php\/wp-json\/wp\/v2\/categories?post=25773"},{"taxonomy":"post_tag","embeddable":true,"href":"http:\/\/hoycordobaweb.com\/index.php\/wp-json\/wp\/v2\/tags?post=25773"}],"curies":[{"name":"wp","href":"https:\/\/api.w.org\/{rel}","templated":true}]}}