{"id":25667,"date":"2021-07-20T16:26:56","date_gmt":"2021-07-20T16:26:56","guid":{"rendered":"http:\/\/fono.fcm.unc.edu.ar\/?p=6484"},"modified":"2021-07-20T16:26:56","modified_gmt":"2021-07-20T16:26:56","slug":"gestion-de-vacunas-covid-19-para-docentes-y-nodocentes-de-la-fcm","status":"publish","type":"post","link":"http:\/\/hoycordobaweb.com\/index.php\/2021\/07\/20\/gestion-de-vacunas-covid-19-para-docentes-y-nodocentes-de-la-fcm\/","title":{"rendered":"Gesti\u00f3n de Vacunas Covid-19 para Docentes y Nodocentes de la FCM"},"content":{"rendered":"<h2 class=\"fusion-post-title\">Gesti\u00f3n de Vacunas Covid-19 para Docentes y Nodocentes de la FCM<\/h2>\n<div class=\"post-content\" readability=\"36.491416309013\">\n<p><img loading=\"lazy\" class=\"alignright wp-image-6485 size-fusion-400\" src=\"https:\/\/fono.fcm.unc.edu.ar\/wp-content\/uploads\/sites\/14\/2021\/07\/WhatsApp-Image-2021-07-19-at-13.54.25-400x399.jpeg\" alt width=\"400\" height=\"399\" srcset=\"https:\/\/fono.fcm.unc.edu.ar\/wp-content\/uploads\/sites\/14\/2021\/07\/WhatsApp-Image-2021-07-19-at-13.54.25-66x66.jpeg 66w, https:\/\/fono.fcm.unc.edu.ar\/wp-content\/uploads\/sites\/14\/2021\/07\/WhatsApp-Image-2021-07-19-at-13.54.25-150x150.jpeg 150w, https:\/\/fono.fcm.unc.edu.ar\/wp-content\/uploads\/sites\/14\/2021\/07\/WhatsApp-Image-2021-07-19-at-13.54.25-200x200.jpeg 200w, https:\/\/fono.fcm.unc.edu.ar\/wp-content\/uploads\/sites\/14\/2021\/07\/WhatsApp-Image-2021-07-19-at-13.54.25-300x300.jpeg 300w, https:\/\/fono.fcm.unc.edu.ar\/wp-content\/uploads\/sites\/14\/2021\/07\/WhatsApp-Image-2021-07-19-at-13.54.25-400x399.jpeg 400w, https:\/\/fono.fcm.unc.edu.ar\/wp-content\/uploads\/sites\/14\/2021\/07\/WhatsApp-Image-2021-07-19-at-13.54.25-600x599.jpeg 600w, https:\/\/fono.fcm.unc.edu.ar\/wp-content\/uploads\/sites\/14\/2021\/07\/WhatsApp-Image-2021-07-19-at-13.54.25.jpeg 720w\" sizes=\"(max-width: 400px) 100vw, 400px\">La vacunaci\u00f3n es uno de los ejes fundamentales para el abordaje de la pandemia, por lo que convocamos a Docentes y Nodocentes de la Facultad de Ciencias M\u00e9dicas a recibir la vacuna contra el Covid-19.<\/p>\n<div readability=\"16.137174211248\">La actual gesti\u00f3n de la Facultad de Ciencias M\u00e9dicas, llevada adelante por el Decano&nbsp;Dr. Rogelio Pizzi, coordin\u00f3 la administraci\u00f3n de la vacuna contra el Covid-19&nbsp;para los docentes y nodocentes de esta Facultad.<\/p>\n<div readability=\"15.769080234834\">La vacunaci\u00f3n es gratuita y voluntaria. Los interesados en recibir la vacuna contra el coronavirus, deber\u00e1n anotarse en la siguiente p\u00e1gina oficial:&nbsp;<a href=\"https:\/\/vacunacioncovid19.cba.gov.ar\/\" target=\"_blank\" rel=\"noopener noreferrer\" data-saferedirecturl=\"https:\/\/www.google.com\/url?q=https:\/\/vacunacioncovid19.cba.gov.ar\/&amp;source=gmail&amp;ust=1626799130420000&amp;usg=AFQjCNGkYhttiq8wbM5pavDIu44-cidRjA\">https:\/\/vacunacioncovid19.cba.gov.ar\/<\/a>Registrarse no implica solicitar un turno ni una reserva para aplicarse la vacuna. Una vez que las dosis est\u00e9n disponibles, los inscriptos recibir\u00e1n una notificaci\u00f3n de parte del Ministerio de Salud de la Provincia.<\/p>\n<p>Es menester de esta gesti\u00f3n continuar trabajando por el bienestar de todos los docentes y nodocentes.<\/p>\n<\/div>\n<\/div><\/div>\n","protected":false},"excerpt":{"rendered":"<p>Gesti\u00f3n de Vacunas Covid-19 para Docentes y Nodocentes de la FCM La vacunaci\u00f3n es uno de los ejes fundamentales para el abordaje de la pandemia, por lo que convocamos a Docentes y Nodocentes de la Facultad de Ciencias M\u00e9dicas a recibir la vacuna contra el Covid-19. La actual gesti\u00f3n de la Facultad de Ciencias M\u00e9dicas, [&hellip;]<\/p>\n","protected":false},"author":1,"featured_media":0,"comment_status":"closed","ping_status":"closed","sticky":false,"template":"","format":"standard","meta":[],"categories":[1],"tags":[],"_links":{"self":[{"href":"http:\/\/hoycordobaweb.com\/index.php\/wp-json\/wp\/v2\/posts\/25667"}],"collection":[{"href":"http:\/\/hoycordobaweb.com\/index.php\/wp-json\/wp\/v2\/posts"}],"about":[{"href":"http:\/\/hoycordobaweb.com\/index.php\/wp-json\/wp\/v2\/types\/post"}],"author":[{"embeddable":true,"href":"http:\/\/hoycordobaweb.com\/index.php\/wp-json\/wp\/v2\/users\/1"}],"replies":[{"embeddable":true,"href":"http:\/\/hoycordobaweb.com\/index.php\/wp-json\/wp\/v2\/comments?post=25667"}],"version-history":[{"count":0,"href":"http:\/\/hoycordobaweb.com\/index.php\/wp-json\/wp\/v2\/posts\/25667\/revisions"}],"wp:attachment":[{"href":"http:\/\/hoycordobaweb.com\/index.php\/wp-json\/wp\/v2\/media?parent=25667"}],"wp:term":[{"taxonomy":"category","embeddable":true,"href":"http:\/\/hoycordobaweb.com\/index.php\/wp-json\/wp\/v2\/categories?post=25667"},{"taxonomy":"post_tag","embeddable":true,"href":"http:\/\/hoycordobaweb.com\/index.php\/wp-json\/wp\/v2\/tags?post=25667"}],"curies":[{"name":"wp","href":"https:\/\/api.w.org\/{rel}","templated":true}]}}