{"id":25648,"date":"2021-07-23T21:17:28","date_gmt":"2021-07-23T21:17:28","guid":{"rendered":"https:\/\/www.trendencias.com\/moda-famosas\/lara-alvarez-luce-asi-sexy-final-supervivientes-vestido-disenado-ella"},"modified":"2021-07-23T21:17:28","modified_gmt":"2021-07-23T21:17:28","slug":"lara-alvarez-luce-asi-de-sexy-en-la-final-de-supervivientes-2021-con-un-vestido-disenado-por-ella-misma","status":"publish","type":"post","link":"http:\/\/hoycordobaweb.com\/index.php\/2021\/07\/23\/lara-alvarez-luce-asi-de-sexy-en-la-final-de-supervivientes-2021-con-un-vestido-disenado-por-ella-misma\/","title":{"rendered":"Lara \u00c1lvarez luce as\u00ed de sexy en la final de \u00abSupervivientes\u00bb 2021 con un vestido dise\u00f1ado por ella misma"},"content":{"rendered":"<p><strong>Lara \u00c1lvarez<\/strong> nos ha dejado sin palabras con su <em>look<\/em> en la final de \u00abSupervivientes\u00bb. Hemos visto a la presentadora durante estos meses con estilismos de diferentes y estilosos trajes de ba\u00f1o, concretamente se llev\u00f3 a Honduras <strong>m\u00e1s de 150 de trajes de ba\u00f1o<\/strong> para lucir cada d\u00eda un modelito distinto.<\/p>\n<p><!-- BREAK 1 --><\/p>\n<p>Esta noche ha apostado por un dise\u00f1o muy sexy y favorecedor en color blanco, dise\u00f1ado por ella misma y Mayte M\u00e9ndez, responsable de vestuario de Mediaset.<\/p>\n<p><!-- BREAK 2 --> <\/p>\n<div class=\"article-asset article-asset-normal article-asset-center\">\n<div class=\"desvio-container\">\n<div class=\"desvio\">\n<div class=\"desvio-figure js-desvio-figure\"> <a href=\"https:\/\/www.trendencias.com\/lenceria-y-bano\/lara-alvarez-tiene-bikinis-banadores-dolores-cortes-que-vas-a-querer-lucir-este-verano\"> <img alt=\"Lara \u00c1lvarez tiene los bikinis y ba\u00f1adores de Dolores Cort\u00e9s que vas a querer lucir este verano\" src=\"http:\/\/hoycordobaweb.com\/wp-content\/uploads\/2021\/07\/lara-alvarez-luce-asi-de-sexy-en-la-final-de-supervivientes-2021-con-un-vestido-disenado-por-ella-misma.jpg\"> <\/a> <\/div><\/div><\/div>\n<\/div>\n<div class=\"article-asset-image article-asset-normal article-asset-center\">\n<div class=\"asset-content\">\n<div class=\"base-wrapper-image\"> <img class=\"sf-lazy centro_sinmarco\" data-sf-srcset=\"http:\/\/hoycordobaweb.com\/wp-content\/uploads\/2021\/07\/lara-alvarez-luce-asi-de-sexy-en-la-final-de-supervivientes-2021-con-un-vestido-disenado-por-ella-misma-1.jpg 450w, http:\/\/hoycordobaweb.com\/wp-content\/uploads\/2021\/07\/lara-alvarez-luce-asi-de-sexy-en-la-final-de-supervivientes-2021-con-un-vestido-disenado-por-ella-misma-3.jpg 681w,http:\/\/hoycordobaweb.com\/wp-content\/uploads\/2021\/07\/lara-alvarez-luce-asi-de-sexy-en-la-final-de-supervivientes-2021-con-un-vestido-disenado-por-ella-misma-4.jpg 1024w, http:\/\/hoycordobaweb.com\/wp-content\/uploads\/2021\/07\/lara-alvarez-luce-asi-de-sexy-en-la-final-de-supervivientes-2021-con-un-vestido-disenado-por-ella-misma-5.jpg 1366w,\" data-sf-src=\"http:\/\/hoycordobaweb.com\/wp-content\/uploads\/2021\/07\/lara-alvarez-luce-asi-de-sexy-en-la-final-de-supervivientes-2021-con-un-vestido-disenado-por-ella-misma-1.jpg\" alt=\"lara lavarez\"> <noscript><img alt=\"lara lavarez\" class=\"centro_sinmarco\" src=\"http:\/\/hoycordobaweb.com\/wp-content\/uploads\/2021\/07\/lara-alvarez-luce-asi-de-sexy-en-la-final-de-supervivientes-2021-con-un-vestido-disenado-por-ella-misma-1.jpg\"><\/noscript> <\/div><\/div>\n<\/div>\n<p><a href=\"https:\/\/moda.trendencias.com\/tag\/lara-alvarez\" rel=\"noopener noreferrer\" data-id=\"noopener noreferrer\">Lara \u00c1lvarez<\/a> se ha decantado por un dise\u00f1o asim\u00e9trico en color blanco muy sensual. Un modelo de escote asim\u00e9trico, al igual que la falda larga con cola, donde llama la atenci\u00f3n uno de los laterales con detalle de tres correas negras. Un dise\u00f1o cosido a mano por la costurera Anna Mar\u00eda Ortiz. Un vestido con el que presume de <a href=\"https:\/\/www.trendencias.com\/fitness\/este-entrenamiento-hiit-que-lara-alvarez-consigue-cuerpo-fibrado-perfecto\">cuerpazo y de bronceado.<\/a><\/p>\n<p><!-- BREAK 3 --><\/p>\n<p>Un look que ha combinado con<a href=\"https:\/\/www.trendencias.com\/zapatos-mujer\/sandalias-trenzadas-acolchadas-tendencia-calzado-que-sigue-arrasando-esta-temporada\"> sandalias negras trenzadas, <\/a>con tac\u00f3n alto y ancho de <strong>F\u00edgara, <\/strong>un llamativo maxi anillo con una turquesa y pendientes de coral de <strong>Isidoro Hern\u00e1ndez Joyas. <\/strong>Melena suelta con raya al medio y un favorecedor <em>make up, <\/em>han completado el <em>look<\/em> m\u00e1s comentado de la noche.<\/p>\n<p><!-- BREAK 4 --><\/p>\n<p>Fotos | @mayte1969<\/p>\n","protected":false},"excerpt":{"rendered":"<p>Lara \u00c1lvarez nos ha dejado sin palabras con su look en la final de \u00abSupervivientes\u00bb. Hemos visto a la presentadora durante estos meses con estilismos de diferentes y estilosos trajes de ba\u00f1o, concretamente se llev\u00f3 a Honduras m\u00e1s de 150 de trajes de ba\u00f1o para lucir cada d\u00eda un modelito distinto. Esta noche ha apostado [&hellip;]<\/p>\n","protected":false},"author":1,"featured_media":25649,"comment_status":"closed","ping_status":"closed","sticky":false,"template":"","format":"standard","meta":[],"categories":[1],"tags":[],"_links":{"self":[{"href":"http:\/\/hoycordobaweb.com\/index.php\/wp-json\/wp\/v2\/posts\/25648"}],"collection":[{"href":"http:\/\/hoycordobaweb.com\/index.php\/wp-json\/wp\/v2\/posts"}],"about":[{"href":"http:\/\/hoycordobaweb.com\/index.php\/wp-json\/wp\/v2\/types\/post"}],"author":[{"embeddable":true,"href":"http:\/\/hoycordobaweb.com\/index.php\/wp-json\/wp\/v2\/users\/1"}],"replies":[{"embeddable":true,"href":"http:\/\/hoycordobaweb.com\/index.php\/wp-json\/wp\/v2\/comments?post=25648"}],"version-history":[{"count":0,"href":"http:\/\/hoycordobaweb.com\/index.php\/wp-json\/wp\/v2\/posts\/25648\/revisions"}],"wp:featuredmedia":[{"embeddable":true,"href":"http:\/\/hoycordobaweb.com\/index.php\/wp-json\/wp\/v2\/media\/25649"}],"wp:attachment":[{"href":"http:\/\/hoycordobaweb.com\/index.php\/wp-json\/wp\/v2\/media?parent=25648"}],"wp:term":[{"taxonomy":"category","embeddable":true,"href":"http:\/\/hoycordobaweb.com\/index.php\/wp-json\/wp\/v2\/categories?post=25648"},{"taxonomy":"post_tag","embeddable":true,"href":"http:\/\/hoycordobaweb.com\/index.php\/wp-json\/wp\/v2\/tags?post=25648"}],"curies":[{"name":"wp","href":"https:\/\/api.w.org\/{rel}","templated":true}]}}