{"id":25612,"date":"2021-07-23T22:04:22","date_gmt":"2021-07-23T22:04:22","guid":{"rendered":"https:\/\/manoamanocba.com.ar\/?p=4581"},"modified":"2021-07-23T22:04:22","modified_gmt":"2021-07-23T22:04:22","slug":"legislativas-cinco-coaliciones-oficializadas-en-cordoba","status":"publish","type":"post","link":"http:\/\/hoycordobaweb.com\/index.php\/2021\/07\/23\/legislativas-cinco-coaliciones-oficializadas-en-cordoba\/","title":{"rendered":"Legislativas: cinco coaliciones oficializadas en C\u00f3rdoba"},"content":{"rendered":"<div><img src=\"http:\/\/hoycordobaweb.com\/wp-content\/uploads\/2021\/07\/legislativas-cinco-coaliciones-oficializadas-en-cordoba.jpg\" class=\"ff-og-image-inserted\"><\/div>\n<p>Las coaliciones confirmadas de cara a las paso son Hacemos por C\u00f3rdoba, Juntos por el Cambio, el Frente de Todos, Avanza Libertad y el Frente de Izquierda.<\/p>\n<p>Esta semana quedaron oficializadas las cinco alianzas que competir\u00e1n en C\u00f3rdoba en las Paso primero y las generales luego, en el turno de elecciones legislativas correspondiente a este a\u00f1o. Se trata de la oficialista Hacemos por C\u00f3rdoba, Juntos por el Cambio, el Frente de Todos, Avanza Libertad y el Frente de Izquierda.<\/p>\n<p>Se disputar\u00e1n tres bancas para el Senado y nueve para Diputados en las pr\u00f3ximas elecciones legislativas; a ellas se suman los partidos que se presentan de modo individual, como Encuentro vecinal o el partido Humanista, por citar dos.<\/p>\n<p>De acuerdo al calendario electoral,&nbsp;<strong>las Paso ser\u00e1 este 12 de septiembre y las generales, el 14 de noviembre.<\/strong><\/p>\n<p>Las alianzas oficializadas son:<\/p>\n<p><strong>Hacemos por C\u00f3rdoba.&nbsp;<\/strong>Suma al Partido Justicialista, Democracia Cristiana, Partido Socialista, Partido GEN, MID, Partido FE, Apec, Compromiso Federal, Pais, Frente Federal de Acci\u00f3n Solidaria, Movimiento de Acci\u00f3n Vecinal, Liberal Republicano, Unite por la Libertad y la Dignidad, Vecinalismo Independiente, Estamos y Uni\u00f3n Vecinal.<\/p>\n<p><strong>Juntos por el Cambio.<\/strong>&nbsp;Incluye a la UCR, PRO, Frente C\u00edvico, Coalici\u00f3n C\u00edvica, Liberal Republicano y Primero la Gente, con la adhesi\u00f3n de Confianza P\u00fablica, UNO y Alternativa Republicana Federal.<\/p>\n<p><strong>Frente de Todos.<\/strong>&nbsp;Alista al Partido para la Victoria, Nuevo Encuentro, Frente Grande, Kolina, Partido Solidario, PC, Patria Grande, PI y Partido del Trabajo y del Pueblo.<\/p>\n<p><strong>Frente de Izquierda y de los Trabajadores Unidos.<\/strong>&nbsp;Lo conforman el Movimiento Socialista de los Trabajadores (MST), el Partido Obrero (PO), la Izquierda Socialista (IS) y el Partido de los Trabajadores Socialistas (PTS).<\/p>\n<p><strong>A<\/strong><strong>vanza Libertad:<\/strong>&nbsp;Lo integran los partidos UCeDe y Dignidad Popular C\u00f3rdoba.<\/p>\n","protected":false},"excerpt":{"rendered":"<p>Las coaliciones confirmadas de cara a las paso son Hacemos por C\u00f3rdoba, Juntos por el Cambio, el Frente de Todos, Avanza Libertad y el Frente de Izquierda. Esta semana quedaron oficializadas las cinco alianzas que competir\u00e1n en C\u00f3rdoba en las Paso primero y las generales luego, en el turno de elecciones legislativas correspondiente a este [&hellip;]<\/p>\n","protected":false},"author":1,"featured_media":25613,"comment_status":"closed","ping_status":"closed","sticky":false,"template":"","format":"standard","meta":[],"categories":[19],"tags":[],"_links":{"self":[{"href":"http:\/\/hoycordobaweb.com\/index.php\/wp-json\/wp\/v2\/posts\/25612"}],"collection":[{"href":"http:\/\/hoycordobaweb.com\/index.php\/wp-json\/wp\/v2\/posts"}],"about":[{"href":"http:\/\/hoycordobaweb.com\/index.php\/wp-json\/wp\/v2\/types\/post"}],"author":[{"embeddable":true,"href":"http:\/\/hoycordobaweb.com\/index.php\/wp-json\/wp\/v2\/users\/1"}],"replies":[{"embeddable":true,"href":"http:\/\/hoycordobaweb.com\/index.php\/wp-json\/wp\/v2\/comments?post=25612"}],"version-history":[{"count":0,"href":"http:\/\/hoycordobaweb.com\/index.php\/wp-json\/wp\/v2\/posts\/25612\/revisions"}],"wp:featuredmedia":[{"embeddable":true,"href":"http:\/\/hoycordobaweb.com\/index.php\/wp-json\/wp\/v2\/media\/25613"}],"wp:attachment":[{"href":"http:\/\/hoycordobaweb.com\/index.php\/wp-json\/wp\/v2\/media?parent=25612"}],"wp:term":[{"taxonomy":"category","embeddable":true,"href":"http:\/\/hoycordobaweb.com\/index.php\/wp-json\/wp\/v2\/categories?post=25612"},{"taxonomy":"post_tag","embeddable":true,"href":"http:\/\/hoycordobaweb.com\/index.php\/wp-json\/wp\/v2\/tags?post=25612"}],"curies":[{"name":"wp","href":"https:\/\/api.w.org\/{rel}","templated":true}]}}