{"id":25552,"date":"2021-07-22T22:35:16","date_gmt":"2021-07-22T22:35:16","guid":{"rendered":"https:\/\/www.ole.com.ar\/boca-juniors\/mineiro-boca-reales-devolucion_0_Gh5MFlXPj.html"},"modified":"2021-07-22T22:35:16","modified_gmt":"2021-07-22T22:35:16","slug":"atletico-mineiro-conto-que-boca-le-devolvio-1-154-dolares","status":"publish","type":"post","link":"http:\/\/hoycordobaweb.com\/index.php\/2021\/07\/22\/atletico-mineiro-conto-que-boca-le-devolvio-1-154-dolares\/","title":{"rendered":"Atl\u00e9tico Mineiro cont\u00f3 que Boca le devolvi\u00f3 1.154 d\u00f3lares"},"content":{"rendered":"<p><img src=\"http:\/\/hoycordobaweb.com\/wp-content\/uploads\/2021\/07\/atletico-mineiro-conto-que-boca-le-devolvio-1-154-dolares.jpg\"><\/p>\n<div><img src=\"http:\/\/hoycordobaweb.com\/wp-content\/uploads\/2021\/07\/atletico-mineiro-conto-que-boca-le-devolvio-1-154-dolares.jpg\" class=\"ff-og-image-inserted\"><\/div>\n<p>Mientras <a target=\"_blank\" href=\"https:\/\/www.ole.com.ar\/boca-juniors\/offside-var-boca-mineiro-regla_0_SouIY6brj.html\" rel=\"noopener noreferrer\"><strong>contin\u00faan las derivaciones por el VAR<\/strong><\/a> y por el posterior <a target=\"_blank\" href=\"https:\/\/www.ole.com.ar\/boca-juniors\/mariano-herron-boca-libertadores-brasil_0_VD9vRkYcA.html\" rel=\"noopener noreferrer\"><strong>esc\u00e1ndalo en el Mineirao<\/strong><\/a>, el club brasile\u00f1o sac\u00f3 este jueves un comunicado para aclarar un tema econ\u00f3mico: Boca pag\u00f3 lo que deb\u00eda&#8230; \u00bfC\u00f3mo?<\/p>\n<p>S\u00ed, es que para entender esto hay que rebobinar a lo que pas\u00f3 horas despu\u00e9s del bochorno. El mi\u00e9rcoles, el Galo no s\u00f3lo responsabiliz\u00f3 a Boca por los incidentes y pidi\u00f3 sanciones. <a target=\"_blank\" href=\"https:\/\/www.ole.com.ar\/boca-juniors\/mineiro-comunicado-boca_0_XxsZPxXvv.html\" rel=\"noopener noreferrer\"><strong>Tambi\u00e9n asegur\u00f3 haber querido colaborar en todo momento con la delegaci\u00f3n del Xeneize.<\/strong><\/a> En uno de los documentos, el Mineiro inform\u00f3 que el presidente del club, S\u00e9rgio Coelho, hab\u00eda prestado 6.000 reales para la fianza de los demorados, ya que la Polic\u00eda Civil s\u00f3lo aceptaban plata brasile\u00f1a, y nadie del plantel de Boca dispon\u00eda de ese dinero (en pesos argentinos, unos 110.000). Entonces, este jueves lleg\u00f3 la devoluci\u00f3n.<\/p>\n<p>Mineiro cont\u00f3 en sus redes sociales que Boca les retorn\u00f3 ese pr\u00e9stamo. \u00abEl Club Atl\u00e9tico Mineiro informa que<strong> Boca Juniors pag\u00f3 esta tarde (22 de julio), v\u00eda TED, el reembolso del monto de R $ 6 mil.<\/strong> El monto se refiere al pago realizado por el presidente S\u00e9rgio Coelho, como garant\u00eda, por la liberaci\u00f3n de los deportistas argentinos detenidos por la Polic\u00eda Civil de Minas Gerais en la madrugada del d\u00eda 21&#8243;.<\/p>\n<p>Todo el plantel de Boca pas\u00f3 la noche en los micros, acompa\u00f1ando a los que deb\u00edan declarar en la comisar\u00eda. En principio,<strong> <a target=\"_blank\" href=\"https:\/\/www.ole.com.ar\/boca-juniors\/mineiro-comunicado-boca_0_XxsZPxXvv.html\" rel=\"noopener noreferrer\">los acusados hab\u00edan sido ocho. Ra\u00fal Cascini, del Consejo de f\u00fatbol, los jugadores Carlos Izquierdoz, Javier Garc\u00eda, Sebasti\u00e1n Villa, Carlos Zambrano y Marcos Rojo<\/a><\/strong>, a quienes se le sumaron tambi\u00e9n el el entrenador de arqueros Fernando Gayoso y el ayudante de campo Leandro Somoza.<\/p>\n<p>De acuerdo al acta de la Polic\u00eda que se dio a conocer el mi\u00e9rcoles, entre los apuntados <a href=\"https:\/\/www.ole.com.ar\/boca-juniors\/escandalo-pelea-batalla-boca-mineiro_0_QEOTl2vdY.html\" target=\"_blank\" rel=\"noopener noreferrer\"><strong>tambi\u00e9n aparece Norberto Briasco, quien no estaba en la n\u00f3mina inicial, adem\u00e1s del Pulpo Gonz\u00e1lez y Cristian Pav\u00f3n,<\/strong><\/a> todos por diversos hechos de violencia captados por las c\u00e1maras del Mineirao.<\/p>\n<p>Los 6.000 reales eran exigidos como garant\u00eda para los dos denunciados por&nbsp;da\u00f1o calificado. La fianza de cada uno era de 3.000.<\/p>\n<p>Tras ese pago, lleg\u00f3 el&nbsp;OK para dejar Brasil&nbsp;y emprender el viaje hacia el Aeropuerto Internacional de Belo Horizonte. Al llegar al pa\u00eds, Boca se encontr\u00f3 con m\u00e1s inconvenientes, todo derivado de lo que pas\u00f3 en el Mineirao. Por eso, la historia no termin\u00f3, M\u00e1s all\u00e1 de que se saldaron, como dijo el Mineiro, los 6.000 reales.<\/p>\n<h2><strong>Los fragmentos del comunicado del mi\u00e9rcoles en el que contaban el pr\u00e9stamo<\/strong><\/h2>\n<p>El Club Atl\u00e9tico Mineiro reitera enf\u00e1ticamente que no tiene ninguna responsabilidad por cualquier incidente o evento. Adem\u00e1s del principio de cordialidad que rige el ambiente deportivo, ha brindado todo o posible apoyo al club argentino, incluso intercediendo ante el Autoridades policiales brasile\u00f1as.<strong> El presidente del Clube Atl\u00e9tico Mineiro, S\u00e9rgio Coelho, particip\u00f3 personalmente en estas negociaciones y pag\u00f3, de su propio bolsillo, la garant\u00eda exigida para el club argentino, <\/strong>por la Polic\u00eda Civil de Minas Gerais, ya que la delegaci\u00f3n de Boca Jrs no ten\u00eda la moneda nacional vigente (el monto fue reembolsado posteriormente por AFA).<\/p>\n<p><strong>A las 4:30 de la ma\u00f1ana, los dos directores de Galo llamaron al presidente S\u00e9rgio Coelho, pidi\u00e9ndole que consiguiera 6.000 reales<\/strong> en efectivo para que los bonos pudieran ser pagados a la Polic\u00eda Civil de Minas Gerais. De inmediato, el presidente envi\u00f3 los recursos necesarios, de su propio bolsillo.<\/p>\n<h2><strong>Los videos del esc\u00e1ndalo<\/strong><\/h2>\n<div class=\"entry-tags\">\n<h2>TEMAS QUE APARECEN EN ESTA NOTA<\/h2>\n<\/p><\/div>\n","protected":false},"excerpt":{"rendered":"<p>Mientras contin\u00faan las derivaciones por el VAR y por el posterior esc\u00e1ndalo en el Mineirao, el club brasile\u00f1o sac\u00f3 este jueves un comunicado para aclarar un tema econ\u00f3mico: Boca pag\u00f3 lo que deb\u00eda&#8230; \u00bfC\u00f3mo? S\u00ed, es que para entender esto hay que rebobinar a lo que pas\u00f3 horas despu\u00e9s del bochorno. El mi\u00e9rcoles, el Galo [&hellip;]<\/p>\n","protected":false},"author":1,"featured_media":25553,"comment_status":"open","ping_status":"closed","sticky":false,"template":"","format":"standard","meta":[],"categories":[16],"tags":[],"_links":{"self":[{"href":"http:\/\/hoycordobaweb.com\/index.php\/wp-json\/wp\/v2\/posts\/25552"}],"collection":[{"href":"http:\/\/hoycordobaweb.com\/index.php\/wp-json\/wp\/v2\/posts"}],"about":[{"href":"http:\/\/hoycordobaweb.com\/index.php\/wp-json\/wp\/v2\/types\/post"}],"author":[{"embeddable":true,"href":"http:\/\/hoycordobaweb.com\/index.php\/wp-json\/wp\/v2\/users\/1"}],"replies":[{"embeddable":true,"href":"http:\/\/hoycordobaweb.com\/index.php\/wp-json\/wp\/v2\/comments?post=25552"}],"version-history":[{"count":0,"href":"http:\/\/hoycordobaweb.com\/index.php\/wp-json\/wp\/v2\/posts\/25552\/revisions"}],"wp:featuredmedia":[{"embeddable":true,"href":"http:\/\/hoycordobaweb.com\/index.php\/wp-json\/wp\/v2\/media\/25553"}],"wp:attachment":[{"href":"http:\/\/hoycordobaweb.com\/index.php\/wp-json\/wp\/v2\/media?parent=25552"}],"wp:term":[{"taxonomy":"category","embeddable":true,"href":"http:\/\/hoycordobaweb.com\/index.php\/wp-json\/wp\/v2\/categories?post=25552"},{"taxonomy":"post_tag","embeddable":true,"href":"http:\/\/hoycordobaweb.com\/index.php\/wp-json\/wp\/v2\/tags?post=25552"}],"curies":[{"name":"wp","href":"https:\/\/api.w.org\/{rel}","templated":true}]}}