{"id":25520,"date":"2021-07-22T12:53:00","date_gmt":"2021-07-22T12:53:00","guid":{"rendered":"https:\/\/fm-comunicar.com.ar\/contenido\/17941\/colonia-caroya-reanuda-la-vacunacion-antirrabica"},"modified":"2021-07-22T12:53:00","modified_gmt":"2021-07-22T12:53:00","slug":"colonia-caroya-reanuda-la-vacunacion-antirrabica","status":"publish","type":"post","link":"http:\/\/hoycordobaweb.com\/index.php\/2021\/07\/22\/colonia-caroya-reanuda-la-vacunacion-antirrabica\/","title":{"rendered":"Colonia Caroya reanuda la vacunaci\u00f3n antirr\u00e1bica"},"content":{"rendered":"<p>Este viernes y s\u00e1bado los agentes aplicar\u00e1n las dosis en las plazas de los barrios que quedaron pendientes de mayo: Giachini, San Agust\u00edn, San Francisco de As\u00eds y San Nicol\u00e1s. Se pide llevar a las mascotas con correa.<img src=\"http:\/\/hoycordobaweb.com\/wp-content\/uploads\/2021\/07\/colonia-caroya-reanuda-la-vacunacion-antirrabica.jpg\"><\/p>\n","protected":false},"excerpt":{"rendered":"<p>Este viernes y s\u00e1bado los agentes aplicar\u00e1n las dosis en las plazas de los barrios que quedaron pendientes de mayo: Giachini, San Agust\u00edn, San Francisco de As\u00eds y San Nicol\u00e1s. Se pide llevar a las mascotas con correa.<\/p>\n","protected":false},"author":1,"featured_media":25521,"comment_status":"closed","ping_status":"closed","sticky":false,"template":"","format":"standard","meta":[],"categories":[18],"tags":[],"_links":{"self":[{"href":"http:\/\/hoycordobaweb.com\/index.php\/wp-json\/wp\/v2\/posts\/25520"}],"collection":[{"href":"http:\/\/hoycordobaweb.com\/index.php\/wp-json\/wp\/v2\/posts"}],"about":[{"href":"http:\/\/hoycordobaweb.com\/index.php\/wp-json\/wp\/v2\/types\/post"}],"author":[{"embeddable":true,"href":"http:\/\/hoycordobaweb.com\/index.php\/wp-json\/wp\/v2\/users\/1"}],"replies":[{"embeddable":true,"href":"http:\/\/hoycordobaweb.com\/index.php\/wp-json\/wp\/v2\/comments?post=25520"}],"version-history":[{"count":0,"href":"http:\/\/hoycordobaweb.com\/index.php\/wp-json\/wp\/v2\/posts\/25520\/revisions"}],"wp:featuredmedia":[{"embeddable":true,"href":"http:\/\/hoycordobaweb.com\/index.php\/wp-json\/wp\/v2\/media\/25521"}],"wp:attachment":[{"href":"http:\/\/hoycordobaweb.com\/index.php\/wp-json\/wp\/v2\/media?parent=25520"}],"wp:term":[{"taxonomy":"category","embeddable":true,"href":"http:\/\/hoycordobaweb.com\/index.php\/wp-json\/wp\/v2\/categories?post=25520"},{"taxonomy":"post_tag","embeddable":true,"href":"http:\/\/hoycordobaweb.com\/index.php\/wp-json\/wp\/v2\/tags?post=25520"}],"curies":[{"name":"wp","href":"https:\/\/api.w.org\/{rel}","templated":true}]}}