{"id":25513,"date":"2021-07-22T17:30:48","date_gmt":"2021-07-22T17:30:48","guid":{"rendered":"http:\/\/fono.fcm.unc.edu.ar\/?p=6494"},"modified":"2021-07-22T17:30:48","modified_gmt":"2021-07-22T17:30:48","slug":"22-de-julio-dia-mundial-del-cerebro","status":"publish","type":"post","link":"http:\/\/hoycordobaweb.com\/index.php\/2021\/07\/22\/22-de-julio-dia-mundial-del-cerebro\/","title":{"rendered":"22 de julio: D\u00eda Mundial del Cerebro"},"content":{"rendered":"<h2 class=\"fusion-post-title\">22 de julio: D\u00eda Mundial del Cerebro<\/h2>\n<div class=\"post-content\" readability=\"53\">\n<p><img loading=\"lazy\" class=\"alignright wp-image-6496 size-fusion-400\" src=\"https:\/\/fono.fcm.unc.edu.ar\/wp-content\/uploads\/sites\/14\/2021\/07\/IMG-20210722-WA0040-400x400.jpg\" alt width=\"400\" height=\"400\" srcset=\"https:\/\/fono.fcm.unc.edu.ar\/wp-content\/uploads\/sites\/14\/2021\/07\/IMG-20210722-WA0040-66x66.jpg 66w, https:\/\/fono.fcm.unc.edu.ar\/wp-content\/uploads\/sites\/14\/2021\/07\/IMG-20210722-WA0040-150x150.jpg 150w, https:\/\/fono.fcm.unc.edu.ar\/wp-content\/uploads\/sites\/14\/2021\/07\/IMG-20210722-WA0040-200x200.jpg 200w, https:\/\/fono.fcm.unc.edu.ar\/wp-content\/uploads\/sites\/14\/2021\/07\/IMG-20210722-WA0040-300x300.jpg 300w, https:\/\/fono.fcm.unc.edu.ar\/wp-content\/uploads\/sites\/14\/2021\/07\/IMG-20210722-WA0040-400x400.jpg 400w, https:\/\/fono.fcm.unc.edu.ar\/wp-content\/uploads\/sites\/14\/2021\/07\/IMG-20210722-WA0040-600x600.jpg 600w, https:\/\/fono.fcm.unc.edu.ar\/wp-content\/uploads\/sites\/14\/2021\/07\/IMG-20210722-WA0040-768x768.jpg 768w, https:\/\/fono.fcm.unc.edu.ar\/wp-content\/uploads\/sites\/14\/2021\/07\/IMG-20210722-WA0040-800x800.jpg 800w, https:\/\/fono.fcm.unc.edu.ar\/wp-content\/uploads\/sites\/14\/2021\/07\/IMG-20210722-WA0040-1024x1024.jpg 1024w, https:\/\/fono.fcm.unc.edu.ar\/wp-content\/uploads\/sites\/14\/2021\/07\/IMG-20210722-WA0040.jpg 1080w\" sizes=\"(max-width: 400px) 100vw, 400px\">Cada&nbsp; 22 de julio se celebra el <em><strong>D\u00eda Mundial del Cerebro. <\/strong><\/em><\/p>\n<p>En 2014 la Federaci\u00f3n Mundial de Neurolog\u00eda (WFN) determin\u00f3 \u00e9sta fecha considerando que las enfermedades que afectan al cerebro constituyen la mayor causa de discapacidad en el mundo, y por eso es imprescindible hablar de las funciones del cerebro, alertar sobre las fallas y generar una mayor conciencia para prevenir anomal\u00edas. Entre los trastornos m\u00e1s comunes se encuentran: la depresi\u00f3n, la esclerosis m\u00faltiple, la enfermedad de Parkinson, la enfermedad de Alzheimer, la epilepsia, los accidentes cerebrovasculares.<\/p>\n<p>Cada a\u00f1o la WFN dedica el d\u00eda a abordar una tem\u00e1tica espec\u00edfica<strong>.<\/strong> En este 2021, la jornada se encuentra centrada en la <strong>esclerosis m\u00faltiple<\/strong>&nbsp;(EM).<\/p>\n<p>Resulta imprescindible desde nuestra disciplina trabajar sobre la prevenci\u00f3n,&nbsp; brindar un mejor acceso a tratamientos y abogar por una mejor calidad de vida para las personas con afecciones cerebrales.<\/p>\n<\/p><\/div>\n","protected":false},"excerpt":{"rendered":"<p>22 de julio: D\u00eda Mundial del Cerebro Cada&nbsp; 22 de julio se celebra el D\u00eda Mundial del Cerebro. En 2014 la Federaci\u00f3n Mundial de Neurolog\u00eda (WFN) determin\u00f3 \u00e9sta fecha considerando que las enfermedades que afectan al cerebro constituyen la mayor causa de discapacidad en el mundo, y por eso es imprescindible hablar de las funciones [&hellip;]<\/p>\n","protected":false},"author":1,"featured_media":0,"comment_status":"closed","ping_status":"closed","sticky":false,"template":"","format":"standard","meta":[],"categories":[1],"tags":[],"_links":{"self":[{"href":"http:\/\/hoycordobaweb.com\/index.php\/wp-json\/wp\/v2\/posts\/25513"}],"collection":[{"href":"http:\/\/hoycordobaweb.com\/index.php\/wp-json\/wp\/v2\/posts"}],"about":[{"href":"http:\/\/hoycordobaweb.com\/index.php\/wp-json\/wp\/v2\/types\/post"}],"author":[{"embeddable":true,"href":"http:\/\/hoycordobaweb.com\/index.php\/wp-json\/wp\/v2\/users\/1"}],"replies":[{"embeddable":true,"href":"http:\/\/hoycordobaweb.com\/index.php\/wp-json\/wp\/v2\/comments?post=25513"}],"version-history":[{"count":0,"href":"http:\/\/hoycordobaweb.com\/index.php\/wp-json\/wp\/v2\/posts\/25513\/revisions"}],"wp:attachment":[{"href":"http:\/\/hoycordobaweb.com\/index.php\/wp-json\/wp\/v2\/media?parent=25513"}],"wp:term":[{"taxonomy":"category","embeddable":true,"href":"http:\/\/hoycordobaweb.com\/index.php\/wp-json\/wp\/v2\/categories?post=25513"},{"taxonomy":"post_tag","embeddable":true,"href":"http:\/\/hoycordobaweb.com\/index.php\/wp-json\/wp\/v2\/tags?post=25513"}],"curies":[{"name":"wp","href":"https:\/\/api.w.org\/{rel}","templated":true}]}}