{"id":25453,"date":"2021-07-21T11:11:00","date_gmt":"2021-07-21T11:11:00","guid":{"rendered":"https:\/\/fm-comunicar.com.ar\/contenido\/17936\/el-joven-detenido-en-los-festejos-de-la-copa-america-declaro-contra-los-policias"},"modified":"2021-07-21T11:11:00","modified_gmt":"2021-07-21T11:11:00","slug":"el-joven-detenido-en-los-festejos-de-la-copa-america-declaro-contra-los-policias-que-lo-golpearon","status":"publish","type":"post","link":"http:\/\/hoycordobaweb.com\/index.php\/2021\/07\/21\/el-joven-detenido-en-los-festejos-de-la-copa-america-declaro-contra-los-policias-que-lo-golpearon\/","title":{"rendered":"El joven detenido en los festejos de la Copa Am\u00e9rica declar\u00f3 contra los polic\u00edas que lo golpearon"},"content":{"rendered":"<p>Lo acusaron de participar de los disturbios que hubo esa noche en el centro de Jes\u00fas Mar\u00eda. El caroyense de 21 a\u00f1os asegur\u00f3 que lo detuvieron injustamente y hubo abuso de poder por parte de los efectivos.<img src=\"http:\/\/hoycordobaweb.com\/wp-content\/uploads\/2021\/07\/el-joven-detenido-en-los-festejos-de-la-copa-america-declaro-contra-los-policias-que-lo-golpearon.jpg\"><\/p>\n","protected":false},"excerpt":{"rendered":"<p>Lo acusaron de participar de los disturbios que hubo esa noche en el centro de Jes\u00fas Mar\u00eda. El caroyense de 21 a\u00f1os asegur\u00f3 que lo detuvieron injustamente y hubo abuso de poder por parte de los efectivos.<\/p>\n","protected":false},"author":1,"featured_media":25454,"comment_status":"closed","ping_status":"closed","sticky":false,"template":"","format":"standard","meta":[],"categories":[18],"tags":[],"_links":{"self":[{"href":"http:\/\/hoycordobaweb.com\/index.php\/wp-json\/wp\/v2\/posts\/25453"}],"collection":[{"href":"http:\/\/hoycordobaweb.com\/index.php\/wp-json\/wp\/v2\/posts"}],"about":[{"href":"http:\/\/hoycordobaweb.com\/index.php\/wp-json\/wp\/v2\/types\/post"}],"author":[{"embeddable":true,"href":"http:\/\/hoycordobaweb.com\/index.php\/wp-json\/wp\/v2\/users\/1"}],"replies":[{"embeddable":true,"href":"http:\/\/hoycordobaweb.com\/index.php\/wp-json\/wp\/v2\/comments?post=25453"}],"version-history":[{"count":0,"href":"http:\/\/hoycordobaweb.com\/index.php\/wp-json\/wp\/v2\/posts\/25453\/revisions"}],"wp:featuredmedia":[{"embeddable":true,"href":"http:\/\/hoycordobaweb.com\/index.php\/wp-json\/wp\/v2\/media\/25454"}],"wp:attachment":[{"href":"http:\/\/hoycordobaweb.com\/index.php\/wp-json\/wp\/v2\/media?parent=25453"}],"wp:term":[{"taxonomy":"category","embeddable":true,"href":"http:\/\/hoycordobaweb.com\/index.php\/wp-json\/wp\/v2\/categories?post=25453"},{"taxonomy":"post_tag","embeddable":true,"href":"http:\/\/hoycordobaweb.com\/index.php\/wp-json\/wp\/v2\/tags?post=25453"}],"curies":[{"name":"wp","href":"https:\/\/api.w.org\/{rel}","templated":true}]}}