{"id":25426,"date":"2021-07-20T20:00:54","date_gmt":"2021-07-20T20:00:54","guid":{"rendered":"https:\/\/www.trendencias.com\/disenadores\/este-verano-look-invitada-perfecto-firma-avellaneda-viene-forma-dos-piezas-estampado-a-todo-color"},"modified":"2021-07-20T20:00:54","modified_gmt":"2021-07-20T20:00:54","slug":"este-verano-el-look-de-invitada-perfecto-lo-firma-avellaneda-y-viene-en-forma-de-dos-piezas-estampado-a-todo-color","status":"publish","type":"post","link":"http:\/\/hoycordobaweb.com\/index.php\/2021\/07\/20\/este-verano-el-look-de-invitada-perfecto-lo-firma-avellaneda-y-viene-en-forma-de-dos-piezas-estampado-a-todo-color\/","title":{"rendered":"Este verano el look de invitada perfecto lo firma Avellaneda y viene en forma de dos piezas estampado (a todo color)"},"content":{"rendered":"<p>Tenemos <del>nuevo<\/del> chico favorito en la oficina, y no es otro que <strong>Juan Avellaneda<\/strong>. El dise\u00f1ador espa\u00f1ol <a href=\"https:\/\/www.trendencias.com\/general\/tamara-falco-ha-disenado-su-companero-masterchef-celebrity-juan-avellaneda-coleccion-fiesta-para-brillar-literalmente-esta-navidad\">est\u00e1 triunfando entre la sociedad espa\u00f1ola<\/a>, y no es para menos: su \u00faltima colecci\u00f3n <strong>La Nuit \u00c9clair\u00e9e<\/strong> contiene la composici\u00f3n perfecta para que guste a todo el mundo (sin importar estilos o edad). Tanto es as\u00ed que uno de <a href=\"https:\/\/www.trendencias.com\/moda-famosas\/tamara-falco-enamora-su-look-firmado-avellaneda-maestros-costura\">sus looks se ha viralizado entre los eventos de alfombra roja<\/a>, convirti\u00e9ndose en la <strong>elecci\u00f3n favorita<\/strong> para ser <a href=\"https:\/\/www.trendencias.com\/moda-famosas\/marta-ortega-se-convierte-invitada-mejor-vestida-temporada-permiso-tamara-falco\">la invitada perfecta<\/a>.<\/p>\n<p><!-- BREAK 1 --><\/p>\n<div class=\"article-asset article-asset-normal article-asset-center\">\n<div class=\"desvio-container\">\n<div class=\"desvio\">\n<div class=\"desvio-figure js-desvio-figure\"> <a href=\"https:\/\/www.trendencias.com\/moda-famosas\/elegancia-nieves-alvarez-se-impone-alfombra-roja-festival-cannes\"> <img alt=\"La elegancia de Nieves \u00c1lvarez se impone en la alfombra roja del Festival de Cannes \" src=\"http:\/\/hoycordobaweb.com\/wp-content\/uploads\/2021\/07\/este-verano-el-look-de-invitada-perfecto-lo-firma-avellaneda-y-viene-en-forma-de-dos-piezas-estampado-a-todo-color.jpg\"> <\/a> <\/div>\n<div class=\"desvio-summary\">\n<div class=\"desvio-taxonomy js-desvio-taxonomy\"> <a href=\"https:\/\/www.trendencias.com\/moda-famosas\/elegancia-nieves-alvarez-se-impone-alfombra-roja-festival-cannes\" class=\"desvio-taxonomy-anchor\">En Trendencias<\/a> <\/div>\n<p> <a href=\"https:\/\/www.trendencias.com\/moda-famosas\/elegancia-nieves-alvarez-se-impone-alfombra-roja-festival-cannes\" class=\"desvio-title js-desvio-title\">La elegancia de Nieves \u00c1lvarez se impone en la alfombra roja del Festival de Cannes <\/a> <\/div><\/div><\/div>\n<\/div>\n<h2>Carmen, la mujer de la que todo el mundo habla (y adora)<\/h2>\n<p>Con el rojo y el blanco como punto de partida, este dos piezas re\u00fane originalidad y <em>savoir faire<\/em> en su justa medida. Un <em>cropped<\/em> top de mangas abullonadas nos invita a un mundo de osad\u00eda, mientras que la falda tipo pareo de tubo recta (y tiro alto) nos introduce a un lugar donde la elegancia nos da una calurosa bienvenida.<\/p>\n<p><!-- BREAK 2 --> <\/p>\n<div class=\"article-asset-image article-asset-normal article-asset-center\">\n<div class=\"asset-content\">\n<div class=\"base-wrapper-image\"> <img class=\"sf-lazy centro_sinmarco\" data-sf-srcset=\"http:\/\/hoycordobaweb.com\/wp-content\/uploads\/2021\/07\/este-verano-el-look-de-invitada-perfecto-lo-firma-avellaneda-y-viene-en-forma-de-dos-piezas-estampado-a-todo-color-1.jpg 450w, http:\/\/hoycordobaweb.com\/wp-content\/uploads\/2021\/07\/este-verano-el-look-de-invitada-perfecto-lo-firma-avellaneda-y-viene-en-forma-de-dos-piezas-estampado-a-todo-color-6.jpg 681w,http:\/\/hoycordobaweb.com\/wp-content\/uploads\/2021\/07\/este-verano-el-look-de-invitada-perfecto-lo-firma-avellaneda-y-viene-en-forma-de-dos-piezas-estampado-a-todo-color-7.jpg 1024w, http:\/\/hoycordobaweb.com\/wp-content\/uploads\/2021\/07\/este-verano-el-look-de-invitada-perfecto-lo-firma-avellaneda-y-viene-en-forma-de-dos-piezas-estampado-a-todo-color-8.jpg 1366w,\" data-sf-src=\"http:\/\/hoycordobaweb.com\/wp-content\/uploads\/2021\/07\/este-verano-el-look-de-invitada-perfecto-lo-firma-avellaneda-y-viene-en-forma-de-dos-piezas-estampado-a-todo-color-1.jpg\" alt=\"Look Carmen Avellaneda 03\"> <noscript><img alt=\"Look Carmen Avellaneda 03\" class=\"centro_sinmarco\" src=\"http:\/\/hoycordobaweb.com\/wp-content\/uploads\/2021\/07\/este-verano-el-look-de-invitada-perfecto-lo-firma-avellaneda-y-viene-en-forma-de-dos-piezas-estampado-a-todo-color-1.jpg\"><\/noscript> <\/div><\/div>\n<\/div>\n<div class=\"article-asset-image article-asset-normal article-asset-center\">\n<div class=\"asset-content\">\n<div class=\"base-wrapper-image\"> <img class=\"sf-lazy centro_sinmarco\" data-sf-srcset=\"http:\/\/hoycordobaweb.com\/wp-content\/uploads\/2021\/07\/este-verano-el-look-de-invitada-perfecto-lo-firma-avellaneda-y-viene-en-forma-de-dos-piezas-estampado-a-todo-color-2.jpg 450w, http:\/\/hoycordobaweb.com\/wp-content\/uploads\/2021\/07\/este-verano-el-look-de-invitada-perfecto-lo-firma-avellaneda-y-viene-en-forma-de-dos-piezas-estampado-a-todo-color-9.jpg 681w,http:\/\/hoycordobaweb.com\/wp-content\/uploads\/2021\/07\/este-verano-el-look-de-invitada-perfecto-lo-firma-avellaneda-y-viene-en-forma-de-dos-piezas-estampado-a-todo-color-10.jpg 1024w, http:\/\/hoycordobaweb.com\/wp-content\/uploads\/2021\/07\/este-verano-el-look-de-invitada-perfecto-lo-firma-avellaneda-y-viene-en-forma-de-dos-piezas-estampado-a-todo-color-11.jpg 1366w,\" data-sf-src=\"http:\/\/hoycordobaweb.com\/wp-content\/uploads\/2021\/07\/este-verano-el-look-de-invitada-perfecto-lo-firma-avellaneda-y-viene-en-forma-de-dos-piezas-estampado-a-todo-color-2.jpg\" alt=\"Look Carmen Avellaneda 04\"> <noscript><img alt=\"Look Carmen Avellaneda 04\" class=\"centro_sinmarco\" src=\"http:\/\/hoycordobaweb.com\/wp-content\/uploads\/2021\/07\/este-verano-el-look-de-invitada-perfecto-lo-firma-avellaneda-y-viene-en-forma-de-dos-piezas-estampado-a-todo-color-2.jpg\"><\/noscript> <\/div><\/div>\n<\/div>\n<p>Para un evento de alfombra roja, para lograr el look de invitada perfecto o para entremezclar cada una de las piezas con ropa que ya tengamos en nuestro armario -ese <em>cropped<\/em> top pide a gritos un estilismo con unos pantalones vaqueros-. Estas piezas son una invitaci\u00f3n al buen gusto, demostrando que no hay edad para llevarlas.&nbsp;<\/p>\n<p><!-- BREAK 3 --><\/p>\n<div class=\"article-asset-image article-asset-normal article-asset-center\">\n<div class=\"asset-content\">\n<div class=\"base-wrapper-image\"> <img class=\"sf-lazy centro_sinmarco\" data-sf-srcset=\"http:\/\/hoycordobaweb.com\/wp-content\/uploads\/2021\/07\/este-verano-el-look-de-invitada-perfecto-lo-firma-avellaneda-y-viene-en-forma-de-dos-piezas-estampado-a-todo-color-3.jpg 450w, http:\/\/hoycordobaweb.com\/wp-content\/uploads\/2021\/07\/este-verano-el-look-de-invitada-perfecto-lo-firma-avellaneda-y-viene-en-forma-de-dos-piezas-estampado-a-todo-color-12.jpg 681w,http:\/\/hoycordobaweb.com\/wp-content\/uploads\/2021\/07\/este-verano-el-look-de-invitada-perfecto-lo-firma-avellaneda-y-viene-en-forma-de-dos-piezas-estampado-a-todo-color-13.jpg 1024w, http:\/\/hoycordobaweb.com\/wp-content\/uploads\/2021\/07\/este-verano-el-look-de-invitada-perfecto-lo-firma-avellaneda-y-viene-en-forma-de-dos-piezas-estampado-a-todo-color-14.jpg 1366w,\" data-sf-src=\"http:\/\/hoycordobaweb.com\/wp-content\/uploads\/2021\/07\/este-verano-el-look-de-invitada-perfecto-lo-firma-avellaneda-y-viene-en-forma-de-dos-piezas-estampado-a-todo-color-3.jpg\" alt=\"Look Carmen Avellaneda 01\"> <noscript><img alt=\"Look Carmen Avellaneda 01\" class=\"centro_sinmarco\" src=\"http:\/\/hoycordobaweb.com\/wp-content\/uploads\/2021\/07\/este-verano-el-look-de-invitada-perfecto-lo-firma-avellaneda-y-viene-en-forma-de-dos-piezas-estampado-a-todo-color-3.jpg\"><\/noscript> <\/div><\/div>\n<\/div>\n<div class=\"article-asset-image article-asset-normal article-asset-center\">\n<div class=\"asset-content\">\n<div class=\"base-wrapper-image\"> <img class=\"sf-lazy centro_sinmarco\" data-sf-srcset=\"http:\/\/hoycordobaweb.com\/wp-content\/uploads\/2021\/07\/este-verano-el-look-de-invitada-perfecto-lo-firma-avellaneda-y-viene-en-forma-de-dos-piezas-estampado-a-todo-color-4.jpg 450w, http:\/\/hoycordobaweb.com\/wp-content\/uploads\/2021\/07\/este-verano-el-look-de-invitada-perfecto-lo-firma-avellaneda-y-viene-en-forma-de-dos-piezas-estampado-a-todo-color-15.jpg 681w,http:\/\/hoycordobaweb.com\/wp-content\/uploads\/2021\/07\/este-verano-el-look-de-invitada-perfecto-lo-firma-avellaneda-y-viene-en-forma-de-dos-piezas-estampado-a-todo-color-16.jpg 1024w, http:\/\/hoycordobaweb.com\/wp-content\/uploads\/2021\/07\/este-verano-el-look-de-invitada-perfecto-lo-firma-avellaneda-y-viene-en-forma-de-dos-piezas-estampado-a-todo-color-17.jpg 1366w,\" data-sf-src=\"http:\/\/hoycordobaweb.com\/wp-content\/uploads\/2021\/07\/este-verano-el-look-de-invitada-perfecto-lo-firma-avellaneda-y-viene-en-forma-de-dos-piezas-estampado-a-todo-color-4.jpg\" alt=\"Look Carmen Avellaneda 02\"> <noscript><img alt=\"Look Carmen Avellaneda 02\" class=\"centro_sinmarco\" src=\"http:\/\/hoycordobaweb.com\/wp-content\/uploads\/2021\/07\/este-verano-el-look-de-invitada-perfecto-lo-firma-avellaneda-y-viene-en-forma-de-dos-piezas-estampado-a-todo-color-4.jpg\"><\/noscript> <\/div><\/div>\n<\/div>\n<p>Dentro de esta colecci\u00f3n encontramos otras piezas que se visten con el mismo <em>print<\/em>: <a href=\"https:\/\/avellaneda.eu\/collections\/women\/products\/womens-red-ming-tuxedo-blazer\">un blazer tipo esmoquin<\/a> o <a href=\"https:\/\/avellaneda.eu\/collections\/women\/products\/womens-blue-ming-tuxedo-short\">unos shorts de tiro alto<\/a> son un ejemplo. Ha llegado el momento de hacer girar cabezas a cada zancada, y qu\u00e9 mejor manera que vestidas con dise\u00f1os <em>made in<\/em> Spain.&nbsp;<\/p>\n<p><!-- BREAK 4 --><\/p>\n<p>Fotos | Instagram <a href=\"https:\/\/www.instagram.com\/avellaneda_official\/?hl=es\">@avellaneda_official<\/a><\/p>\n<p><!-- BREAK 5 --> <\/p>\n","protected":false},"excerpt":{"rendered":"<p>Tenemos nuevo chico favorito en la oficina, y no es otro que Juan Avellaneda. El dise\u00f1ador espa\u00f1ol est\u00e1 triunfando entre la sociedad espa\u00f1ola, y no es para menos: su \u00faltima colecci\u00f3n La Nuit \u00c9clair\u00e9e contiene la composici\u00f3n perfecta para que guste a todo el mundo (sin importar estilos o edad). Tanto es as\u00ed que uno [&hellip;]<\/p>\n","protected":false},"author":1,"featured_media":25427,"comment_status":"closed","ping_status":"closed","sticky":false,"template":"","format":"standard","meta":[],"categories":[1],"tags":[],"_links":{"self":[{"href":"http:\/\/hoycordobaweb.com\/index.php\/wp-json\/wp\/v2\/posts\/25426"}],"collection":[{"href":"http:\/\/hoycordobaweb.com\/index.php\/wp-json\/wp\/v2\/posts"}],"about":[{"href":"http:\/\/hoycordobaweb.com\/index.php\/wp-json\/wp\/v2\/types\/post"}],"author":[{"embeddable":true,"href":"http:\/\/hoycordobaweb.com\/index.php\/wp-json\/wp\/v2\/users\/1"}],"replies":[{"embeddable":true,"href":"http:\/\/hoycordobaweb.com\/index.php\/wp-json\/wp\/v2\/comments?post=25426"}],"version-history":[{"count":0,"href":"http:\/\/hoycordobaweb.com\/index.php\/wp-json\/wp\/v2\/posts\/25426\/revisions"}],"wp:featuredmedia":[{"embeddable":true,"href":"http:\/\/hoycordobaweb.com\/index.php\/wp-json\/wp\/v2\/media\/25427"}],"wp:attachment":[{"href":"http:\/\/hoycordobaweb.com\/index.php\/wp-json\/wp\/v2\/media?parent=25426"}],"wp:term":[{"taxonomy":"category","embeddable":true,"href":"http:\/\/hoycordobaweb.com\/index.php\/wp-json\/wp\/v2\/categories?post=25426"},{"taxonomy":"post_tag","embeddable":true,"href":"http:\/\/hoycordobaweb.com\/index.php\/wp-json\/wp\/v2\/tags?post=25426"}],"curies":[{"name":"wp","href":"https:\/\/api.w.org\/{rel}","templated":true}]}}