{"id":25388,"date":"2021-07-21T01:30:00","date_gmt":"2021-07-21T01:30:00","guid":{"rendered":"http:\/\/hoycordobaweb.com\/index.php\/2021\/07\/21\/anne-with-an-e-el-personaje-secundario-que-los-fanaticos-desean-volver-a-admirar\/"},"modified":"2021-07-21T01:30:00","modified_gmt":"2021-07-21T01:30:00","slug":"anne-with-an-e-el-personaje-secundario-que-los-fanaticos-desean-volver-a-admirar","status":"publish","type":"post","link":"http:\/\/hoycordobaweb.com\/index.php\/2021\/07\/21\/anne-with-an-e-el-personaje-secundario-que-los-fanaticos-desean-volver-a-admirar\/","title":{"rendered":"Anne With An E: El personaje secundario que los fan\u00e1ticos desean volver a admirar"},"content":{"rendered":"<p>Con m\u00e1s de dos a\u00f1os de su cancelaci\u00f3n luego de su tercera temporada han seguido presionando para que se renueve el programa, ya sea por <b>Netflix<\/b>&nbsp;&#8230; <\/p>\n","protected":false},"excerpt":{"rendered":"<p>Con m\u00e1s de dos a\u00f1os de su cancelaci\u00f3n luego de su tercera temporada han seguido presionando para que se renueve el programa, ya sea por Netflix&nbsp;&#8230;<\/p>\n","protected":false},"author":1,"featured_media":0,"comment_status":"closed","ping_status":"closed","sticky":false,"template":"","format":"standard","meta":[],"categories":[23],"tags":[],"_links":{"self":[{"href":"http:\/\/hoycordobaweb.com\/index.php\/wp-json\/wp\/v2\/posts\/25388"}],"collection":[{"href":"http:\/\/hoycordobaweb.com\/index.php\/wp-json\/wp\/v2\/posts"}],"about":[{"href":"http:\/\/hoycordobaweb.com\/index.php\/wp-json\/wp\/v2\/types\/post"}],"author":[{"embeddable":true,"href":"http:\/\/hoycordobaweb.com\/index.php\/wp-json\/wp\/v2\/users\/1"}],"replies":[{"embeddable":true,"href":"http:\/\/hoycordobaweb.com\/index.php\/wp-json\/wp\/v2\/comments?post=25388"}],"version-history":[{"count":0,"href":"http:\/\/hoycordobaweb.com\/index.php\/wp-json\/wp\/v2\/posts\/25388\/revisions"}],"wp:attachment":[{"href":"http:\/\/hoycordobaweb.com\/index.php\/wp-json\/wp\/v2\/media?parent=25388"}],"wp:term":[{"taxonomy":"category","embeddable":true,"href":"http:\/\/hoycordobaweb.com\/index.php\/wp-json\/wp\/v2\/categories?post=25388"},{"taxonomy":"post_tag","embeddable":true,"href":"http:\/\/hoycordobaweb.com\/index.php\/wp-json\/wp\/v2\/tags?post=25388"}],"curies":[{"name":"wp","href":"https:\/\/api.w.org\/{rel}","templated":true}]}}