{"id":25382,"date":"2021-07-20T12:26:00","date_gmt":"2021-07-20T12:26:00","guid":{"rendered":"https:\/\/fm-comunicar.com.ar\/contenido\/17932\/esta-semana-vacunan-contra-la-rabia-en-la-explanada-del-ferrocarril"},"modified":"2021-07-20T12:26:00","modified_gmt":"2021-07-20T12:26:00","slug":"esta-semana-vacunan-contra-la-rabia-en-la-explanada-del-ferrocarril","status":"publish","type":"post","link":"http:\/\/hoycordobaweb.com\/index.php\/2021\/07\/20\/esta-semana-vacunan-contra-la-rabia-en-la-explanada-del-ferrocarril\/","title":{"rendered":"Esta semana vacunan contra la rabia en la Explanada del Ferrocarril"},"content":{"rendered":"<p>La Municipalidad instalar\u00e1 un puesto este mi\u00e9rcoles, jueves y s\u00e1bado, gratis y por orden de llegada. Es para perros y gatos desde los cuatro meses de edad.<img src=\"http:\/\/hoycordobaweb.com\/wp-content\/uploads\/2021\/07\/esta-semana-vacunan-contra-la-rabia-en-la-explanada-del-ferrocarril.jpg\"><\/p>\n","protected":false},"excerpt":{"rendered":"<p>La Municipalidad instalar\u00e1 un puesto este mi\u00e9rcoles, jueves y s\u00e1bado, gratis y por orden de llegada. Es para perros y gatos desde los cuatro meses de edad.<\/p>\n","protected":false},"author":1,"featured_media":25383,"comment_status":"closed","ping_status":"closed","sticky":false,"template":"","format":"standard","meta":[],"categories":[18],"tags":[],"_links":{"self":[{"href":"http:\/\/hoycordobaweb.com\/index.php\/wp-json\/wp\/v2\/posts\/25382"}],"collection":[{"href":"http:\/\/hoycordobaweb.com\/index.php\/wp-json\/wp\/v2\/posts"}],"about":[{"href":"http:\/\/hoycordobaweb.com\/index.php\/wp-json\/wp\/v2\/types\/post"}],"author":[{"embeddable":true,"href":"http:\/\/hoycordobaweb.com\/index.php\/wp-json\/wp\/v2\/users\/1"}],"replies":[{"embeddable":true,"href":"http:\/\/hoycordobaweb.com\/index.php\/wp-json\/wp\/v2\/comments?post=25382"}],"version-history":[{"count":0,"href":"http:\/\/hoycordobaweb.com\/index.php\/wp-json\/wp\/v2\/posts\/25382\/revisions"}],"wp:featuredmedia":[{"embeddable":true,"href":"http:\/\/hoycordobaweb.com\/index.php\/wp-json\/wp\/v2\/media\/25383"}],"wp:attachment":[{"href":"http:\/\/hoycordobaweb.com\/index.php\/wp-json\/wp\/v2\/media?parent=25382"}],"wp:term":[{"taxonomy":"category","embeddable":true,"href":"http:\/\/hoycordobaweb.com\/index.php\/wp-json\/wp\/v2\/categories?post=25382"},{"taxonomy":"post_tag","embeddable":true,"href":"http:\/\/hoycordobaweb.com\/index.php\/wp-json\/wp\/v2\/tags?post=25382"}],"curies":[{"name":"wp","href":"https:\/\/api.w.org\/{rel}","templated":true}]}}