{"id":25375,"date":"2021-07-20T16:32:38","date_gmt":"2021-07-20T16:32:38","guid":{"rendered":"http:\/\/fono.fcm.unc.edu.ar\/?p=6490"},"modified":"2021-07-20T16:32:38","modified_gmt":"2021-07-20T16:32:38","slug":"20-de-julio-dia-de-la-amistad","status":"publish","type":"post","link":"http:\/\/hoycordobaweb.com\/index.php\/2021\/07\/20\/20-de-julio-dia-de-la-amistad\/","title":{"rendered":"20 de julio: D\u00eda de la Amistad"},"content":{"rendered":"<h2 class=\"fusion-post-title\">20 de julio: D\u00eda de la Amistad<\/h2>\n<div class=\"post-content\" readability=\"36\">\n<p><img loading=\"lazy\" class=\"alignright wp-image-6491 size-fusion-400\" src=\"https:\/\/fono.fcm.unc.edu.ar\/wp-content\/uploads\/sites\/14\/2021\/07\/WhatsApp-Image-2021-07-20-at-08.45.25-400x400.jpeg\" alt width=\"400\" height=\"400\" srcset=\"https:\/\/fono.fcm.unc.edu.ar\/wp-content\/uploads\/sites\/14\/2021\/07\/WhatsApp-Image-2021-07-20-at-08.45.25-66x66.jpeg 66w, https:\/\/fono.fcm.unc.edu.ar\/wp-content\/uploads\/sites\/14\/2021\/07\/WhatsApp-Image-2021-07-20-at-08.45.25-150x150.jpeg 150w, https:\/\/fono.fcm.unc.edu.ar\/wp-content\/uploads\/sites\/14\/2021\/07\/WhatsApp-Image-2021-07-20-at-08.45.25-200x200.jpeg 200w, https:\/\/fono.fcm.unc.edu.ar\/wp-content\/uploads\/sites\/14\/2021\/07\/WhatsApp-Image-2021-07-20-at-08.45.25-300x300.jpeg 300w, https:\/\/fono.fcm.unc.edu.ar\/wp-content\/uploads\/sites\/14\/2021\/07\/WhatsApp-Image-2021-07-20-at-08.45.25-400x400.jpeg 400w, https:\/\/fono.fcm.unc.edu.ar\/wp-content\/uploads\/sites\/14\/2021\/07\/WhatsApp-Image-2021-07-20-at-08.45.25-600x600.jpeg 600w, https:\/\/fono.fcm.unc.edu.ar\/wp-content\/uploads\/sites\/14\/2021\/07\/WhatsApp-Image-2021-07-20-at-08.45.25-768x768.jpeg 768w, https:\/\/fono.fcm.unc.edu.ar\/wp-content\/uploads\/sites\/14\/2021\/07\/WhatsApp-Image-2021-07-20-at-08.45.25-800x800.jpeg 800w, https:\/\/fono.fcm.unc.edu.ar\/wp-content\/uploads\/sites\/14\/2021\/07\/WhatsApp-Image-2021-07-20-at-08.45.25-1024x1024.jpeg 1024w, https:\/\/fono.fcm.unc.edu.ar\/wp-content\/uploads\/sites\/14\/2021\/07\/WhatsApp-Image-2021-07-20-at-08.45.25.jpeg 1080w\" sizes=\"(max-width: 400px) 100vw, 400px\">\u00a1Feliz d\u00eda de la Amistad!<\/p>\n<p>Deseamos que sea un d\u00eda para celebrar los caminos compartidos con esas amistades que se construyen en nuestra Universidad Nacional de C\u00f3rdoba, que son y ser\u00e1n faro para todo el viaje!!!<\/p>\n<\/p><\/div>\n","protected":false},"excerpt":{"rendered":"<p>20 de julio: D\u00eda de la Amistad \u00a1Feliz d\u00eda de la Amistad! Deseamos que sea un d\u00eda para celebrar los caminos compartidos con esas amistades que se construyen en nuestra Universidad Nacional de C\u00f3rdoba, que son y ser\u00e1n faro para todo el viaje!!!<\/p>\n","protected":false},"author":1,"featured_media":0,"comment_status":"closed","ping_status":"closed","sticky":false,"template":"","format":"standard","meta":[],"categories":[1],"tags":[],"_links":{"self":[{"href":"http:\/\/hoycordobaweb.com\/index.php\/wp-json\/wp\/v2\/posts\/25375"}],"collection":[{"href":"http:\/\/hoycordobaweb.com\/index.php\/wp-json\/wp\/v2\/posts"}],"about":[{"href":"http:\/\/hoycordobaweb.com\/index.php\/wp-json\/wp\/v2\/types\/post"}],"author":[{"embeddable":true,"href":"http:\/\/hoycordobaweb.com\/index.php\/wp-json\/wp\/v2\/users\/1"}],"replies":[{"embeddable":true,"href":"http:\/\/hoycordobaweb.com\/index.php\/wp-json\/wp\/v2\/comments?post=25375"}],"version-history":[{"count":0,"href":"http:\/\/hoycordobaweb.com\/index.php\/wp-json\/wp\/v2\/posts\/25375\/revisions"}],"wp:attachment":[{"href":"http:\/\/hoycordobaweb.com\/index.php\/wp-json\/wp\/v2\/media?parent=25375"}],"wp:term":[{"taxonomy":"category","embeddable":true,"href":"http:\/\/hoycordobaweb.com\/index.php\/wp-json\/wp\/v2\/categories?post=25375"},{"taxonomy":"post_tag","embeddable":true,"href":"http:\/\/hoycordobaweb.com\/index.php\/wp-json\/wp\/v2\/tags?post=25375"}],"curies":[{"name":"wp","href":"https:\/\/api.w.org\/{rel}","templated":true}]}}