{"id":25321,"date":"2021-07-19T21:23:56","date_gmt":"2021-07-19T21:23:56","guid":{"rendered":"https:\/\/www.espinof.com\/festival-cannes\/cannes-2021-muchas-luces-pocas-sombras-edicion-excepcional"},"modified":"2021-07-19T21:23:56","modified_gmt":"2021-07-19T21:23:56","slug":"cannes-2021-muchas-luces-y-pocas-sombras-de-una-edicion-excepcional","status":"publish","type":"post","link":"http:\/\/hoycordobaweb.com\/index.php\/2021\/07\/19\/cannes-2021-muchas-luces-y-pocas-sombras-de-una-edicion-excepcional\/","title":{"rendered":"Cannes 2021: muchas luces y pocas sombras de una edici\u00f3n excepcional"},"content":{"rendered":"<p>37 pel\u00edculas en 9 intensos d\u00edas, casi a PCR diaria, entre el caos de una excepcional edici\u00f3n veraniega con normas nuevas y otras reinventadas sobre la marcha, el desastre inform\u00e1tico de los primeros d\u00edas en la reserva de tickets y la temible relajaci\u00f3n de los asistentes en los \u00faltimos, provocando aglomeraciones, ante la desesperaci\u00f3n de los que grit\u00e1bamos por dentro \u00ab\u00a1s\u00fabete la mascarilla, por favor!\u00bb, cierra <strong>una de las mejores ediciones del festival m\u00e1s importante del mundo<\/strong>.<\/p>\n<p><!-- BREAK 1 --><!--more--><\/p>\n<p>Con una Secci\u00f3n Oficial particularmente numerosa y a la vez inesperadamente talentosa, <a href=\"https:\/\/www.espinof.com\/tag\/cannes-2021\">Cannes 2021<\/a> deja un buen n\u00famero de grandes pel\u00edculas que cubren un amplio espectro de intereses cin\u00e9filos para todas las sensibilidades. Os dejamos algunos comentarios sobre <strong>las luces y sombras<\/strong> de un festival intenso, como siempre, y muy bien aprovechado.<\/p>\n<p><!-- BREAK 2 --> <\/p>\n<h2>El triunfo de lo n\u00f3rdico<\/h2>\n<p>Siguiendo la estela del despertar del cine island\u00e9s, que nos ha dejado grandes t\u00edtulos en la \u00faltima d\u00e9cada como &#8216;Of Horses and Men&#8217; (Benedikt Erlingsson, 2013), \u2018<a href=\"https:\/\/www.espinof.com\/en-rodaje\/la-islandesa-rams-triunfa-en-la-60a-seminci\">Rams<\/a>\u2019 (Gr\u00edmur H\u00e1konarson, 2015), \u2018<a href=\"https:\/\/www.espinof.com\/festival-san-sebastian\/san-sebastian-2015-de-sparrows-a-truman-un-repaso-al-palmares\">Sparrows<\/a>\u2019 (R\u00fanar R\u00fanarsson, 2015) o &#8216;<a href=\"https:\/\/www.espinof.com\/criticas\/blanco-blanco-dia-thriller-islandes-se-viste-gala-exquisito-drama-secretos-perdones\">A White, White Day<\/a>\u2019 (Hlynur P\u00e1lmason, 2019), por citar algunos ejemplos, y que contin\u00faan su racha en esta edici\u00f3n de Cannes con \u2018<a href=\"https:\/\/www.espinof.com\/festival-cannes\/cannes-2021-the-innocents-vogt-lamb-johannsson-nuevas-perlas-cine-nordico-que-atrapan-sus-giros-fantasticos\">Lamb<\/a>\u2019 (Valdimar J\u00f3hannsson), el festival tambi\u00e9n certifica <strong>la buena forma del cine escandinavo<\/strong> que este a\u00f1o adem\u00e1s ha aprovechado el Mercado de Cannes para anunciar la creaci\u00f3n de un nuevo fondo de financiaci\u00f3n de cooperaci\u00f3n entre los pa\u00edses n\u00f3rdicos (incluyendo a B\u00e9lgica y Pa\u00edses Bajos), para la producci\u00f3n de cine de los pr\u00f3ximos a\u00f1os.<\/p>\n<p><!-- BREAK 3 --><\/p>\n<p>La entrega del Gran Premio del Jurado a &#8216;<a href=\"https:\/\/www.espinof.com\/festival-cannes\/cannes-2021-the-worst-person-in-the-world-trier-compartment-no-6-kuosmanen-reafirman-gran-momento-cine-nordico\">Compartment No. 6<\/a>\u2019 del fin\u00e9s Juho Kuosmanen (ex\u2013aequo con \u2018<a href=\"https:\/\/www.espinof.com\/festival-cannes\/cannes-2021-a-hero-farhadi-red-rocket-baker-nos-enredan-sus-encantadores-canallas-visiones-artisticas-totalmente-diferentes\">A Hero<\/a>\u2019 del iran\u00ed Asghar Farhadi) y el Premio a Mejor Actriz para la noruega Renate Reinsve por \u2018<a href=\"https:\/\/www.espinof.com\/festival-cannes\/cannes-2021-the-worst-person-in-the-world-trier-compartment-no-6-kuosmanen-reafirman-gran-momento-cine-nordico\">The Worst Person in the World<\/a>\u2019, de Joachim Trier, s\u00f3lo confirman una observaci\u00f3n que se llevaba mascando en los \u00faltimos a\u00f1os: <strong>el boom del cine escandinavo<\/strong>.<\/p>\n<p><!-- BREAK 4 --><\/p>\n<div class=\"article-asset article-asset-normal article-asset-center\">\n<div class=\"desvio-container\">\n<div class=\"desvio\">\n<div class=\"desvio-figure js-desvio-figure\"> <a href=\"https:\/\/www.espinof.com\/criticas\/katla-enigmatica-serie-netflix-que-va-a-confia-demasiado-cliffhangers\"> <img alt=\"'Katla': una enigm\u00e1tica serie de Netflix que va de menos a m\u00e1s y conf\u00eda demasiado en los cliffhangers \" src=\"http:\/\/hoycordobaweb.com\/wp-content\/uploads\/2021\/07\/cannes-2021-muchas-luces-y-pocas-sombras-de-una-edicion-excepcional.jpg\"> <\/a> <\/div><\/div><\/div>\n<\/div>\n<p>Reforzado su triunfo por la presentaci\u00f3n de la tambi\u00e9n noruega \u2018<a href=\"https:\/\/www.espinof.com\/festival-cannes\/cannes-2021-the-innocents-vogt-lamb-johannsson-nuevas-perlas-cine-nordico-que-atrapan-sus-giros-fantasticos\">The Innocents<\/a>\u2019, dirigida por el guionista de Trier, Eskil Vogt, que nos volaba la cabeza desde Un Certain Regard, y de la que tambi\u00e9n os hemos hablado estos d\u00edas, cabe esperar <strong>un auge o al menos la continuaci\u00f3n estable de ese cine de historias sencillas con estilo minimalista<\/strong>.<\/p>\n<p><!-- BREAK 5 --><\/p>\n<h2>Los descubrimientos<\/h2>\n<p>Si hablamos de volarnos los sesos, por supuesto tiene que sonar \u2018<a href=\"https:\/\/www.espinof.com\/festival-cannes\/cannes-2021-titane-ducournau-bomba-edicion-marcada-fantastico-que-tuvo-hermosa-tragedia-annette-carax-su-primer-climax\">Titane<\/a>\u2019, <strong>la pel\u00edcula m\u00e1s brutal de todas las que hemos podido ver esta edici\u00f3n<\/strong> (s\u00ed, seguida de \u2018The Innocents\u2019), que adem\u00e1s confirma una racha que ya ven\u00edamos observando en los \u00faltimos circuitos festivaleros, <strong>el alza del g\u00e9nero<\/strong>.<\/p>\n<p><!-- BREAK 6 --><\/p>\n<p>Con <strong>una puesta en escena absolutamente apabullante<\/strong>, partiendo de una fotograf\u00eda excelente del belga Ruben Impens, DOP de cabecera de Felix Van Groeningen, que ya rodara \u2018<a href=\"https:\/\/www.espinof.com\/tag\/crudo\">Crudo<\/a>\u2019 (&#8216;Raw&#8217;) con <strong>Julia Ducournau<\/strong>, adem\u00e1s de la magn\u00edfica \u2018Dirty God\u2019, de la holandesa Sacha Polak y apoyada por una banda sonora absolutamente bestial, que deja grandes secuencias musicales que ejercen de catarsis absoluta. <\/p>\n<p><!-- BREAK 7 --><\/p>\n<p>Especial menci\u00f3n a una escena de baile sexy sobre un cami\u00f3n de bomberos: un momento apote\u00f3sico que destroza toda discusi\u00f3n sobre la objetivizaci\u00f3n de la mujer seg\u00fan los roles de g\u00e9nero, y un gui\u00f1o aparte a la aparici\u00f3n estelar de <strong>la Macarena de Los del R\u00edo<\/strong>.<\/p>\n<p><!-- BREAK 8 --><\/p>\n<div class=\"article-asset article-asset-normal article-asset-center\">\n<div class=\"desvio-container\">\n<div class=\"desvio\">\n<div class=\"desvio-figure js-desvio-figure\"> <a href=\"https:\/\/www.espinof.com\/otros\/cuando-la-vida-es-un-musical-las-21-mejores-escenas-musicales-en-peliculas-y-una-serie-que-juegan-con-el-genero\"> <img alt=\"Cuando la vida es un musical: las 21 mejores escenas musicales en pel\u00edculas de otros g\u00e9neros\" src=\"http:\/\/hoycordobaweb.com\/wp-content\/uploads\/2021\/07\/cannes-2021-muchas-luces-y-pocas-sombras-de-una-edicion-excepcional-1.jpg\"> <\/a> <\/div><\/div><\/div>\n<\/div>\n<p>El segundo descubrimiento, aunque quiz\u00e1 no para otros compa\u00f1eros de la cr\u00edtica, fue la magn\u00edfica &#8216;<a href=\"https:\/\/www.espinof.com\/festival-cannes\/cannes-2021-bergman-island-hansen-love-drive-my-car-hamaguchi-dos-visiones-vinculo-arte-vida-su-poder-inspiracion\">Drive my Car<\/a>\u2019, Premio a Mejor Gui\u00f3n, que bien pod\u00eda haberse hecho con alguno m\u00e1s gordo por la excelencia de su calidad narrativa en equilibrio con su puesta en escena, <strong>bell\u00edsima y de una poes\u00eda extraordinaria<\/strong>.<\/p>\n<p><!-- BREAK 9 --><\/p>\n<p>En una edici\u00f3n carente de tantos autores asi\u00e1ticos como solemos estar acostumbrados, el japon\u00e9s <strong>Ryusuke Hamaguchi<\/strong> reson\u00f3 con fuerza durante d\u00edas en su adaptaci\u00f3n del relato de Murakami, como ya os coment\u00e1bamos hace unos d\u00edas. Por suerte, la pel\u00edcula deja el festival con distribuci\u00f3n garantizada en Espa\u00f1a, aunque a\u00fan sin fecha de estreno, a la que ir\u00e1 seguida su disponibilidad en streaming gracias a Filmin.<\/p>\n<p><!-- BREAK 10 --><\/p>\n<h2>Las felices reafirmaciones<\/h2>\n<p>Adem\u00e1s de un pu\u00f1ado de <em>enfants terribles<\/em> y maestros de la provocaci\u00f3n o el riesgo, por suerte, esta edici\u00f3n del <a href=\"http:\/\/\">Festival de Cannes<\/a> tambi\u00e9n ha dejado un buen pu\u00f1ado de <strong>grandes pel\u00edculas m\u00e1s convencionales<\/strong>, absolutamente consistentes y s\u00f3lidas, con diferentes capas de interpretaci\u00f3n y al mismo tiempo completamente disfrutables.<\/p>\n<p><!-- BREAK 11 --><\/p>\n<p>En esa felizmente larga lista encontramos &#8216;<a href=\"https:\/\/www.espinof.com\/festival-cannes\/cannes-2021-the-french-dispatch-otra-joya-wes-anderson-gozoso-compendio-relatos-personajes-elementos-su-particular-universo\">The French Dispatch<\/a>&#8216;, del estadounidense <strong>Wes Anderson<\/strong>, que entregaba de nuevo <strong>una historia loqu\u00edsima de las suyas<\/strong>, con algunas ligeras variaciones sobre su estilo que la hac\u00edan m\u00e1s interesante, como la mezcla de blanco y negro con sus habituales colores, que en esta pel\u00edcula adem\u00e1s aparec\u00edan ocasionalmente ligeramente modificados hacia otras tonalidades, junto con la primera incursi\u00f3n en la animaci\u00f3n 2D.<\/p>\n<p><!-- BREAK 12 --><\/p>\n<div class=\"article-asset article-asset-normal article-asset-center\">\n<div class=\"desvio-container\">\n<div class=\"desvio\">\n<div class=\"desvio-figure js-desvio-figure\"> <a href=\"https:\/\/www.espinof.com\/directores-y-guionistas\/wes-anderson-mucho-mas-que-simetria-y-frontalidad-analizamos-todas-las-claves-de-un-cineasta-extraordinario\"> <img alt=\"Wes Anderson, mucho m\u00e1s que simetr\u00eda y frontalidad: analizamos todas las claves de un cineasta extraordinario\" src=\"http:\/\/hoycordobaweb.com\/wp-content\/uploads\/2021\/07\/cannes-2021-muchas-luces-y-pocas-sombras-de-una-edicion-excepcional-2.jpg\"> <\/a> <\/div><\/div><\/div>\n<\/div>\n<p><strong>Asghar Farhadi<\/strong>, merecedor <a href=\"http:\/\/\">ex-aequo del Gran Premio del Jurado<\/a> por \u2018A Hero\u2019 y <strong>Sean Baker<\/strong>, que acababa march\u00e1ndose de vac\u00edo con su magn\u00edfica \u2018<a href=\"https:\/\/www.espinof.com\/festival-cannes\/cannes-2021-a-hero-farhadi-red-rocket-baker-nos-enredan-sus-encantadores-canallas-visiones-artisticas-totalmente-diferentes\">Red Rocket<\/a>\u2019, supon\u00edan otras dos de esas felices confirmaciones del talento de ambos cineastas.<\/p>\n<p><!-- BREAK 13 --><\/p>\n<p>Por otro lado, los franceses <a href=\"https:\/\/www.espinof.com\/festival-cannes\/cannes-2021-audiard-retrata-les-olympiades-nuevo-paris-blanco-negro-the-story-of-my-wife-cautivador-drama-romantico-enyedi\">Jacques Audiard<\/a> y <a href=\"https:\/\/www.espinof.com\/festival-cannes\/cannes-2021-bergman-island-hansen-love-drive-my-car-hamaguchi-dos-visiones-vinculo-arte-vida-su-poder-inspiracion\">Mia Hansen-L\u00f8ve<\/a>, con dos propuestas distintas que en el fondo giran en torno al amor y <strong>las nuevas relaciones de nuestro tiempo<\/strong>, dejaban una marca en cuanto a que captura de un momento. La primera mucho m\u00e1s acertada que la segunda, que acaba resultando algo irregular y desequilibrada por momentos. A los pies del retrato en blanco y negro del Par\u00eds actual a manos de <strong>Audiard<\/strong>.<\/p>\n<p><!-- BREAK 14 --><\/p>\n<h2>Y lleg\u00f3 la controversia<\/h2>\n<p>Entre gritos de \u201cobra maestra\u201d y abucheos desconsolados, se presentaban tanto &#8216;<a href=\"https:\/\/www.espinof.com\/festival-cannes\/cannes-2021-benedetta-verhoeven-firma-spin-off-biblia-erotico-muy-mala-leche\">Benedetta<\/a>&#8216; como \u2018<a href=\"https:\/\/www.espinof.com\/festival-cannes\/cannes-2021-exigente-busqueda-sonora-wheerasethakul-memoria-contagiosa-energia-raperos-ayouch-casablanca-beats\">Memoria<\/a>\u2019 y lo cierto es que, personalmente, tanto lo nuevo de <strong>Paul Verhoeven<\/strong>, como lo de <strong>Apichatpong Weerasethakul<\/strong> no me despertaron ni uno ni lo otro.<\/p>\n<p><!-- BREAK 15 --><\/p>\n<p>Desde posiciones cinematogr\u00e1ficas en las ant\u00edpodas, ambos autores provocan el fervor de sus fiel seguidores all\u00e1 donde van y en esta ocasi\u00f3n, ambas exitosas en sus distintos lenguajes, ocurr\u00eda lo que era de esperar.<\/p>\n<p><!-- BREAK 16 --><\/p>\n<h2>De altas expectativas y chascos<\/h2>\n<p><strong>Nadav Lapid<\/strong>, director israel\u00ed exiliado desde hace a\u00f1os en Par\u00eds, y <strong>Kirill Serebrennikov<\/strong>, cineasta y dramaturgo ruso en arresto domiciliario por lo que muchos consideran asuntos pol\u00edticos, eran dos de las grandes promesas que m\u00e1s ansiosa esperaba despu\u00e9s de disfrutar much\u00edsimo con \u2018Synonimes\u2019 y \u2018<a href=\"https:\/\/www.espinof.com\/criticas\/leto-biopic-maravilloso-energico-como-tema-t-rex-pomposo-como-cancion-lou-reed\">Leto<\/a>\u2019, respectivamente. Como cab\u00eda esperar, el regreso de ambos es <strong>un resurgir absolutamente militante y radical<\/strong>.<\/p>\n<p><!-- BREAK 17 --><\/p>\n<p>\u2018<a href=\"https:\/\/www.espinof.com\/festival-cannes\/cannes-2021-tout-sest-bien-passe-nos-deja-ozon-correcto-aheds-knee-lapid-extremo\">Ahed\u2019s Knee<\/a>\u2019, ganadora junto a \u2018Memoria\u2019 del Premio del Jurado, precisamente por su propuesta subversiva, resultaba un paso m\u00e1s all\u00e1 en las ideas de su anterior trabajo, esta vez <strong>menos estilizado en la forma y mucho m\u00e1s \u00e1spero de digesti\u00f3n<\/strong>. Igualmente interesante, aunque menos pl\u00e1stica.<\/p>\n<p><!-- BREAK 18 --><\/p>\n<div class=\"article-asset article-asset-normal article-asset-center\">\n<div class=\"desvio-container\">\n<div class=\"desvio\">\n<div class=\"desvio-figure js-desvio-figure\"> <a href=\"https:\/\/www.espinof.com\/festival-cannes\/cannes-2021-corsini-reivindica-sanidad-publica-su-angustiosa-fracture-dumont-da-mazazo-a-medios-comunicacion-france\"> <img alt=\"Cannes 2021: Corsini reivindica la sanidad p\u00fablica en su angustiosa 'La Fracture' y Dumont da un mazazo a los medios de comunicaci\u00f3n en 'France'\" src=\"http:\/\/hoycordobaweb.com\/wp-content\/uploads\/2021\/07\/cannes-2021-muchas-luces-y-pocas-sombras-de-una-edicion-excepcional-3.jpg\"> <\/a> <\/div><\/div><\/div>\n<\/div>\n<p>Lo de Serebrennikov, &#8216;<strong>Petrov&#8217;s Flu<\/strong>&#8216;, es un viaje delirante a los recuerdos m\u00e1s profundos de una Rusia cutre y ca\u00f3tica, llena de historias y personajes de lo m\u00e1s bizarros. <strong>Una propuesta densa y profundamente simb\u00f3lica<\/strong> que necesita tiempo y un segundo visionado para procesarla. <\/p>\n<p><!-- BREAK 19 --><\/p>\n<p><strong>\u2018Flag Day\u2019, de Sean Penn<\/strong>, fue, probablemente, la \u00fanica pel\u00edcula que gener\u00f3 tanto consenso: la gran debacle de Secci\u00f3n Oficial. Nada inesperado, por otra parte. Lo de <strong>Nani Moretti<\/strong>, sin embargo, es un batacazo de manual. Tal como declaraba el gran cineasta italiano en rueda de prensa, su nueva pel\u00edcula parece estar dirigida desde el asiento trasero y <strong>en piloto autom\u00e1tico<\/strong>.<\/p>\n<p><!-- BREAK 20 --><\/p>\n<div class=\"article-asset-image article-asset-large\">\n<div class=\"asset-content\"> <img class=\"sf-lazy centro_sinmarco\" data-sf-srcset=\"http:\/\/hoycordobaweb.com\/wp-content\/uploads\/2021\/07\/cannes-2021-muchas-luces-y-pocas-sombras-de-una-edicion-excepcional-4.jpg 450w, http:\/\/hoycordobaweb.com\/wp-content\/uploads\/2021\/07\/cannes-2021-muchas-luces-y-pocas-sombras-de-una-edicion-excepcional-8.jpg 681w,http:\/\/hoycordobaweb.com\/wp-content\/uploads\/2021\/07\/cannes-2021-muchas-luces-y-pocas-sombras-de-una-edicion-excepcional-9.jpg 1024w, http:\/\/hoycordobaweb.com\/wp-content\/uploads\/2021\/07\/cannes-2021-muchas-luces-y-pocas-sombras-de-una-edicion-excepcional-10.jpg 1366w,\" data-sf-src=\"http:\/\/hoycordobaweb.com\/wp-content\/uploads\/2021\/07\/cannes-2021-muchas-luces-y-pocas-sombras-de-una-edicion-excepcional-4.jpg\" alt=\"Flag Day\"> <noscript><img alt=\"Flag Day\" class=\"centro_sinmarco\" src=\"http:\/\/hoycordobaweb.com\/wp-content\/uploads\/2021\/07\/cannes-2021-muchas-luces-y-pocas-sombras-de-una-edicion-excepcional-4.jpg\"><\/noscript> <\/div>\n<\/div>\n<p>Sustentada en un gui\u00f3n absolutamente absurdo y superficial, con los di\u00e1logos m\u00e1s desganados que hayamos visto en esta edici\u00f3n (sin contar lo naif de la africana \u2018<strong>Lingui<\/strong>\u2019, que al menos era una apuesta honesta) y unos personajes completamente insulsos, que ni el talento de buenos actores consigue levantar, <strong>&#8216;Tre Piani&#8217;<\/strong> da cabida a una serie de situaciones absurd\u00edsimas, que no hay por d\u00f3nde coger. Una pena.<\/p>\n<p><!-- BREAK 21 --><\/p>\n<h2>El cine en paralelo<\/h2>\n<p>Con una Secci\u00f3n Oficial copada de pel\u00edculas a competici\u00f3n y fuera de ella, esta edici\u00f3n dejaba poco tiempo para explorar las secciones paralelas, que a menudo vienen con nuevos nombres y propuestas mucho m\u00e1s innovadoras. Destacamos tres esta vez.<\/p>\n<p><!-- BREAK 22 --><\/p>\n<p>La belga <strong>Teodora Ana Mihai<\/strong>, conocida como realizadora de documentales, de los que destaca \u2018Waiting for August\u2019, ganador a Mejor Documental en Karlovy Vary, Hot Docs y Visions du Reel en 2014, y nominado entonces a los European Film Awards, debuta ahora con una ficci\u00f3n muy potente de producci\u00f3n belga (de los productores de &#8216;Girl&#8217;, de Lukas Dhont, y coproducida por los Dardenne), pero que transcurre en M\u00e9xico.<\/p>\n<p><!-- BREAK 23 --><\/p>\n<p><strong>\u2018La Civil\u2019<\/strong> sigue a una madre coraje en busca de su hija desaparecida a manos de un c\u00e1rtel local, ante el abandono de un marido descuidado y el desamparo de las autoridades. Una propuesta angustiosa y muy bien realizada que descubre <strong>un gran primer film, que augura una prometedora carrera<\/strong>.<\/p>\n<p><!-- BREAK 24 --><\/p>\n<div class=\"article-asset article-asset-normal article-asset-center\">\n<div class=\"desvio-container\">\n<div class=\"desvio\">\n<div class=\"desvio-figure js-desvio-figure\"> <a href=\"https:\/\/www.espinof.com\/festival-cannes\/cannes-2021-hosoda-nos-lleva-belle-a-asombroso-mundo-virtual-sangsoo-propone-conversaciones-copas-in-front-of-your-face\"> <img alt=\"Cannes 2021: Hosoda nos lleva en 'Belle' a un asombroso mundo virtual, Sangsoo propone m\u00e1s conversaciones entre copas en 'In Front Of Your Face'\" src=\"http:\/\/hoycordobaweb.com\/wp-content\/uploads\/2021\/07\/cannes-2021-muchas-luces-y-pocas-sombras-de-una-edicion-excepcional-5.jpg\"> <\/a> <\/div><\/div><\/div>\n<\/div>\n<p>Tambi\u00e9n en Un Certain Regard, el coreano-americano <strong>Kogonada<\/strong> (\u2018Columbus\u2019, 2017), plantea en <strong>&#8216;After Yang&#8217; una atractiva ciencia ficci\u00f3n<\/strong> sobre un futuro dist\u00f3pico en el que las familias podr\u00edan comprar a sus hijos como acompa\u00f1antes, en la forma de inteligencia artificial. Un relato estiloso en la forma, protagonizado por <strong>Colin Farrell<\/strong>, que desde la elipsis y lo que no se cuenta, habla sobre la familiar, el amor y la p\u00e9rdida.<\/p>\n<p><!-- BREAK 25 --><\/p>\n<p>Cubriendo la cuota de los realizadores de la nueva ola rumana, ese <em>happy place<\/em> que tantas buenas pel\u00edculas nos ha dado en las \u00faltimas dos d\u00e9cadas, <strong>Radu Muntean<\/strong> presenta en Quincena de los Realizadores \u2018<strong>\u00centregalde<\/strong>\u2019, <strong>una especie de <em>crossover<\/em> entre pel\u00edcula de supervivencia y una suerte de <em>road movie<\/em> estancada en los bosques m\u00e1s remotos de Ruman\u00eda<\/strong>, que, con unos toques de humor totalmente imprevistos e hilarantes, indaga en la brecha entre las preocupaciones de la gente de ciudad por oposici\u00f3n a las gentes locales de un pa\u00eds con grandes \u00e1reas rurales.<\/p>\n<p><!-- BREAK 26 --><\/p>\n<h2>El cine espa\u00f1ol que gusta al mundo<\/h2>\n<p>Bebiendo de la senda que abriera hace cuatro a\u00f1os la estupenda &#8216;<a href=\"https:\/\/www.espinof.com\/tag\/verano-1993\">Verano 1993<\/a>&#8216; (&#8216;Estiu 1993&#8217;), de Carla Sim\u00f3n, que se hac\u00eda entonces con todos los premios y elogios posibles, pasando el testigo que \u2018<a href=\"https:\/\/www.espinof.com\/tag\/las-ninas\">Las ni\u00f1as<\/a>\u2019, de Pilar Palomero, recientemente recog\u00eda a rebufo de aquella, <strong>Clara Roquet<\/strong> firma ahora un nuevo relato de juventud mucho m\u00e1s interesante y todav\u00eda con una propuesta fresca y diferente a las anteriores, que augura ser\u00e1 <strong>la nueva estrella del cine espa\u00f1ol del pr\u00f3ximo a\u00f1o<\/strong>.<\/p>\n<p><!-- BREAK 27 --><\/p>\n<div class=\"article-asset article-asset-normal article-asset-center\">\n<div class=\"desvio-container\">\n<div class=\"desvio\">\n<div class=\"desvio-figure js-desvio-figure\"> <a href=\"https:\/\/www.espinof.com\/cine-espanol\/que-ninas-gran-triunfo-ano-cine-espanol\"> <img alt=\"Por qu\u00e9 'Las ni\u00f1as' es el gran triunfo del a\u00f1o en el cine espa\u00f1ol\" src=\"http:\/\/hoycordobaweb.com\/wp-content\/uploads\/2021\/07\/cannes-2021-muchas-luces-y-pocas-sombras-de-una-edicion-excepcional-6.jpg\"> <\/a> <\/div><\/div><\/div>\n<\/div>\n<p>En una suerte de ampliaci\u00f3n de un tema que ya explorara en su corto <strong>\u2018El adi\u00f3s\u2019<\/strong>, la guionista de obras excelentes como \u2019<a href=\"https:\/\/www.espinof.com\/estrenos\/10-000-km-el-amor-en-tiempos-del-2-0\">10.000km<\/a>\u2019 y &#8216;<a href=\"https:\/\/www.espinof.com\/criticas\/dias-que-vendran-carlos-marques-marcet-vuelve-gran-pelicula-que-recordaremos-22o-festival-malaga\">Los d\u00edas que vendr\u00e1n<\/a>&#8216; (&#8216;Els dies que vindran&#8217;, Carlos Marqu\u00e9s-Marcet) o &#8216;Petra&#8217; (Jaime Rosales), debuta en la direcci\u00f3n con una historia de verano que va m\u00e1s all\u00e1 del <em>coming of age<\/em> y da visibilidad a <strong>una perspectiva poco representada en el cine patrio, la de las empleadas del hogar en casas de buena familia<\/strong>, poniendo su atenci\u00f3n en el doloroso choque de la diferencia de clases y or\u00edgenes.<\/p>\n<p><!-- BREAK 28 --><\/p>\n<p>M\u00e1s all\u00e1 de la referencia m\u00e1s evidente, \u2018Libertad\u2019 recuerda tambi\u00e9n a la colombiana \u2018Gente de bien\u2019, de Franco Lolli, casualmente tambi\u00e9n a competici\u00f3n en la Semana de la Cr\u00edtica de Cannes, hace siete a\u00f1os. Apoyada en un gui\u00f3n s\u00f3lido que perfila personajes org\u00e1nicos, muy cre\u00edbles y no estereotipados, y siguiendo ese estilo narrativo del cine catal\u00e1n m\u00e1s exitoso de los \u00faltimos a\u00f1os, <strong>el debut de Clara Roquet confirma su talento m\u00e1s all\u00e1 de la escritura<\/strong>.<\/p>\n<p><!-- BREAK 29 --> <\/p>\n","protected":false},"excerpt":{"rendered":"<p>37 pel\u00edculas en 9 intensos d\u00edas, casi a PCR diaria, entre el caos de una excepcional edici\u00f3n veraniega con normas nuevas y otras reinventadas sobre la marcha, el desastre inform\u00e1tico de los primeros d\u00edas en la reserva de tickets y la temible relajaci\u00f3n de los asistentes en los \u00faltimos, provocando aglomeraciones, ante la desesperaci\u00f3n de [&hellip;]<\/p>\n","protected":false},"author":1,"featured_media":25322,"comment_status":"open","ping_status":"closed","sticky":false,"template":"","format":"standard","meta":[],"categories":[1],"tags":[],"_links":{"self":[{"href":"http:\/\/hoycordobaweb.com\/index.php\/wp-json\/wp\/v2\/posts\/25321"}],"collection":[{"href":"http:\/\/hoycordobaweb.com\/index.php\/wp-json\/wp\/v2\/posts"}],"about":[{"href":"http:\/\/hoycordobaweb.com\/index.php\/wp-json\/wp\/v2\/types\/post"}],"author":[{"embeddable":true,"href":"http:\/\/hoycordobaweb.com\/index.php\/wp-json\/wp\/v2\/users\/1"}],"replies":[{"embeddable":true,"href":"http:\/\/hoycordobaweb.com\/index.php\/wp-json\/wp\/v2\/comments?post=25321"}],"version-history":[{"count":0,"href":"http:\/\/hoycordobaweb.com\/index.php\/wp-json\/wp\/v2\/posts\/25321\/revisions"}],"wp:featuredmedia":[{"embeddable":true,"href":"http:\/\/hoycordobaweb.com\/index.php\/wp-json\/wp\/v2\/media\/25322"}],"wp:attachment":[{"href":"http:\/\/hoycordobaweb.com\/index.php\/wp-json\/wp\/v2\/media?parent=25321"}],"wp:term":[{"taxonomy":"category","embeddable":true,"href":"http:\/\/hoycordobaweb.com\/index.php\/wp-json\/wp\/v2\/categories?post=25321"},{"taxonomy":"post_tag","embeddable":true,"href":"http:\/\/hoycordobaweb.com\/index.php\/wp-json\/wp\/v2\/tags?post=25321"}],"curies":[{"name":"wp","href":"https:\/\/api.w.org\/{rel}","templated":true}]}}