{"id":25319,"date":"2021-07-19T21:56:28","date_gmt":"2021-07-19T21:56:28","guid":{"rendered":"https:\/\/www.espinof.com\/listas\/cannes-2021-mejores-peliculas-edicion-gran-nivel-marcada-necesidad-triunfal-regreso-sombra-covid-19"},"modified":"2021-07-19T21:56:28","modified_gmt":"2021-07-19T21:56:28","slug":"cannes-2021-las-16-mejores-peliculas-de-una-edicion-de-gran-nivel-marcada-por-la-necesidad-de-un-triunfal-regreso-bajo-la-sombra-de-la-covid-19","status":"publish","type":"post","link":"http:\/\/hoycordobaweb.com\/index.php\/2021\/07\/19\/cannes-2021-las-16-mejores-peliculas-de-una-edicion-de-gran-nivel-marcada-por-la-necesidad-de-un-triunfal-regreso-bajo-la-sombra-de-la-covid-19\/","title":{"rendered":"Cannes 2021: las 16 mejores pel\u00edculas de una edici\u00f3n de gran nivel, marcada por la necesidad de un triunfal regreso bajo la sombra de la COVID-19"},"content":{"rendered":"<div><img src=\"http:\/\/hoycordobaweb.com\/wp-content\/uploads\/2021\/07\/cannes-2021-las-16-mejores-peliculas-de-una-edicion-de-gran-nivel-marcada-por-la-necesidad-de-un-triunfal-regreso-bajo-la-sombra-de-la-covid-19.jpg\" class=\"ff-og-image-inserted\"><\/div>\n<p>Acab\u00f3 el 74\u00ba <a href=\"https:\/\/www.espinof.com\/categoria\/festival-cannes\">Festival de Cannes<\/a> y un nombre queda en boca de todos. <strong>Julia Ducournau<\/strong>. La francesa ha ganado <a href=\"https:\/\/www.espinof.com\/festival-cannes\/cannes-2021-brutal-titane-se-alza-palma-oro-gala-premios-repartidos-que-se-recordara-spoiler-spike-lee\">una Palma de Oro muy especial<\/a>, una que ha tardado dos a\u00f1os en llegar, una que la convierte en <strong>la segunda cineasta<\/strong> en toda la historia del certamen que se alza con el galard\u00f3n m\u00e1s preciado. <a href=\"https:\/\/www.indiewire.com\/2021\/07\/julia-ducournau-interview-palme-dor-titane-1234652010\/\">Ducournau rechaza<\/a> la distinci\u00f3n de g\u00e9nero pero el dato est\u00e1 ah\u00ed y es bonito que <a href=\"https:\/\/www.espinof.com\/festival-cannes\/el-piano-la-unica-pelicula-con-la-que-cannes-ha-condecorado-a-una-mujer-con-la-palma-de-oro\">Jane Campion ya no est\u00e9 sola<\/a>.<\/p>\n<p><!-- BREAK 1 --><!--more--><\/p>\n<p>En todo caso, el triunfo de la realizadora va m\u00e1s all\u00e1 de una an\u00e9cdota hist\u00f3rica. Su &#8216;<a href=\"https:\/\/www.espinof.com\/festival-cannes\/cannes-2021-titane-ducournau-bomba-edicion-marcada-fantastico-que-tuvo-hermosa-tragedia-annette-carax-su-primer-climax\">Titane<\/a>&#8216; es una salvajada, una bomba, <strong>la feliz confirmaci\u00f3n de que el fant\u00e1stico vive un gran momento y ha cautivado a Cannes<\/strong>. El festival y el jurado, liderado por el adorable bocazas de Spike Lee, acertaron de pleno. La anterior Palma <a href=\"https:\/\/www.espinof.com\/festival-cannes\/cannes-2019-bong-joon-ho-gana-palma-oro-parasite-antonio-banderas-se-corona-como-mejor-actor-dolor-gloria\">fue para Bong Joon-ho<\/a>, que con &#8216;<a href=\"https:\/\/www.espinof.com\/tag\/parasitos\">Par\u00e1sitos<\/a>&#8216; arras\u00f3 despu\u00e9s en los \u00d3scar. \u00bfSe atrever\u00e1n en Hollywood a encumbrar un film tan extremo como &#8216;Titane&#8217;? Desde ya apuesto que no aunque ser\u00eda escandaloso que Ducournau no sea nominada.<\/p>\n<p><!-- BREAK 2 --> <\/p>\n<h2>Cubriendo el festival m\u00e1s grande en un pueblo de playa durante un verano en pandemia<\/h2>\n<p>Lo primero que sent\u00ed al pisar Cannes, con unas ganas tremendas de volver tras la obligada cancelaci\u00f3n de <a href=\"https:\/\/www.espinof.com\/festival-cannes\/cannes-2020-anuncia-56-peliculas-que-reciben-sello-su-seccion-oficial-autores-como-wes-anderson-fernando-trueba\">la edici\u00f3n 2020<\/a>, fue incredulidad y algo de p\u00e1nico. Pese a que la maldita pandemia global no ha desaparecido, <strong>casi nadie llevaba mascarilla y la distancia de seguridad era nula<\/strong>; lo m\u00e1ximo que pod\u00edas aspirar es que no te tosieran en la cara. De pronto, ese pueblo de playa era la aldea de Ast\u00e9rix y Obelix, y el COVID-19 eran los romanos.<\/p>\n<p><!-- BREAK 3 --><\/p>\n<p>Esta situaci\u00f3n se prolong\u00f3 durante todo el certamen; en cafeter\u00edas y restaurantes te atend\u00edan con el rostro descubierto. Uno iba por la calle <strong>como en una pel\u00edcula de zombis<\/strong>, sorteando obst\u00e1culos y temeroso de ser mordido. <strong>En cuanto al festival, digamos que lo intentaron&#8230; m\u00e1s o menos<\/strong>. En la primera noche, el canallita de Adam Driver convenci\u00f3 a Marion Cotillard de no llevar mascarilla al entrar en el Lumi\u00e8re, y al final de la proyecci\u00f3n, se encendi\u00f3 un cigarro.<\/p>\n<p><!-- BREAK 4 --><\/p>\n<blockquote class=\"twitter-tweet\" readability=\"4.7540983606557\">\n<p lang=\"pt\" dir=\"ltr\">Momento em que Adam Driver acende um cigarro na premiere de Annette em Cannes 2021 junto \u00e0 Leos Carax <a href=\"https:\/\/t.co\/xeqh4BlwIL\">pic.twitter.com\/xeqh4BlwIL<\/a><\/p>\n<p>\u2014 Adam Driver Brasil\u00ae (@AdamDriverBRA) <a href=\"https:\/\/twitter.com\/AdamDriverBRA\/status\/1412742258735161350?ref_src=twsrc%5Etfw\">July 7, 2021<\/a><\/p><\/blockquote>\n<p>Y as\u00ed, todas las medidas anunciadas, todas esas promesas de que iban a convertir el festival en un lugar seguro contra el COVID-19 se quedaron en pura fachada. Fue una imagen simb\u00f3lica que avisaba de lo que pasar\u00eda el resto de d\u00edas. Las estrellas pod\u00edan saltarse las normas y gestos como ese dieron alas a otros muchos, maleducados e irrespetuosos, que se hac\u00edan los locos ante carteles, avisos, llamadas de atenci\u00f3n y amonestaciones verbales.<\/p>\n<p><!-- BREAK 5 --><\/p>\n<p>As\u00ed que pod\u00edas ver una pel\u00edcula junto a gente sin mascarilla, o que la llevaban por debajo de la nariz. Gente que, a veces, tos\u00eda. No eran las \u00fanicas distracciones, las pantallas luminosas de los m\u00f3viles o las actitudes de quienes se comportan como en el sal\u00f3n de su casa siempre est\u00e1n ah\u00ed, pero desde luego lo m\u00e1s preocupante era el virus. Cierto es que uno llega a Francia con un PCR negativo pero nadie te asegura que no te contagies all\u00ed, en el pueblo de los galos. Pese a todo, y rumores de contagios, <strong>desde el festival se afirmaba que todos los tests realizados estaban dando negativos<\/strong>.<\/p>\n<p><!-- BREAK 6 --><\/p>\n<p>Esto era un gran alivio, desde luego. Hab\u00eda <strong>un recinto donde pod\u00edas acudir para hacerte todos las pruebas PCR que quisieras, gratuitamente<\/strong>. Era necesario mostrar el negativo para acceder al <em>Palais des Festivals<\/em>, la sede principal, y a los cines que hay en su interior, sin embargo, no lo ped\u00edan para acceder a otras salas del festival, incluyendo la Lumi\u00e8re o la Debussy, las principales. En definitiva, si te parabas a pensarlo un momento, aquello era una locura. Pero a falta de datos, cabe concluir que todo sali\u00f3 bien.<\/p>\n<p><!-- BREAK 7 --><\/p>\n<h2>El mejor cine de Cannes 2021<\/h2>\n<p><strong>El TOP 10 de Juan Luis Caviaro<\/strong> (<a href=\"https:\/\/twitter.com\/jlcaviaro\">en Twitter<\/a>):<\/p>\n<p><!-- BREAK 8 --><\/p>\n<ul>\n<li>&#8216;Drive My Car&#8217;, de Ryusuke Hamaguchi<\/li>\n<li>&#8216;Compartment no. 6&#8217;, de Juho Kuosmanen<\/li>\n<li>&#8216;Titane&#8217;, de Julia Ducournau<\/li>\n<li>&#8216;The Story Of My Wife&#8217;, de Ildiko Enyedi<\/li>\n<li>&#8216;The Innocents&#8217;, de Eskil Vogt<\/li>\n<li>&#8216;The French Dispatch&#8217;, de Wes Anderson<\/li>\n<li>&#8216;Annette&#8217;, de Leos Carax<\/li>\n<li>&#8216;Les Olympiades&#8217;, de Jacques Audiard<\/li>\n<li>&#8216;Lamb&#8217;, de Valdimar J\u00f3hannsson<\/li>\n<li>&#8216;Benedetta&#8217;, de Paul Verhoeven<\/li>\n<\/ul>\n<p>(extras: &#8216;Val&#8217; de Ting Poo &amp; Leo Scott, &#8216;A Hero&#8217; de Asghar Farhadi&#8217;, &#8216;Red Rocket&#8217; de Sean Baker y &#8216;The Worst Person in the World&#8217; de Joachim Trier)<\/p>\n<p><!-- BREAK 9 --><\/p>\n<p><strong>El TOP 10 de Sara Mart\u00ednez Ruiz<\/strong> (<a href=\"https:\/\/twitter.com\/Sara_M_Ruiz\">en Twitter<\/a>):<\/p>\n<p><!-- BREAK 10 --><\/p>\n<ol>\n<li>Compartment No. 6 (Juho Kuosmanen &#8211; Finlandia)<\/li>\n<li>Titane (Julia Ducournau &#8211; Francia)<\/li>\n<li>The Innocents (Eskil Vogt &#8211; Noruega)<\/li>\n<li>Drive my Car (Ryusuke Hamaguchi &#8211; Jap\u00f3n)<\/li>\n<li>Red Rocket (Sean Baker &#8211; EEUU)<\/li>\n<li>Les Olympiades (Jacques Audiard &#8211; Francia)<\/li>\n<li>A hero (Asghar Farhadi &#8211; Ir\u00e1n)<\/li>\n<li>Lamb (Valdimar J\u00f3hannsson &#8211; Islandia)<\/li>\n<li>The French Dispatch (Wes Anderson &#8211; EEUU) \/ Story of my Wife (Ildiko Enyedi &#8211; Hungr\u00eda)<\/li>\n<li>Intregalde (Radu Muntean &#8211; Ruman\u00eda) \/ Libertad (Clara Roquet &#8211; Espa\u00f1a)<\/li>\n<\/ol>\n","protected":false},"excerpt":{"rendered":"<p>Acab\u00f3 el 74\u00ba Festival de Cannes y un nombre queda en boca de todos. Julia Ducournau. La francesa ha ganado una Palma de Oro muy especial, una que ha tardado dos a\u00f1os en llegar, una que la convierte en la segunda cineasta en toda la historia del certamen que se alza con el galard\u00f3n m\u00e1s [&hellip;]<\/p>\n","protected":false},"author":1,"featured_media":25320,"comment_status":"open","ping_status":"closed","sticky":false,"template":"","format":"standard","meta":[],"categories":[1],"tags":[],"_links":{"self":[{"href":"http:\/\/hoycordobaweb.com\/index.php\/wp-json\/wp\/v2\/posts\/25319"}],"collection":[{"href":"http:\/\/hoycordobaweb.com\/index.php\/wp-json\/wp\/v2\/posts"}],"about":[{"href":"http:\/\/hoycordobaweb.com\/index.php\/wp-json\/wp\/v2\/types\/post"}],"author":[{"embeddable":true,"href":"http:\/\/hoycordobaweb.com\/index.php\/wp-json\/wp\/v2\/users\/1"}],"replies":[{"embeddable":true,"href":"http:\/\/hoycordobaweb.com\/index.php\/wp-json\/wp\/v2\/comments?post=25319"}],"version-history":[{"count":0,"href":"http:\/\/hoycordobaweb.com\/index.php\/wp-json\/wp\/v2\/posts\/25319\/revisions"}],"wp:featuredmedia":[{"embeddable":true,"href":"http:\/\/hoycordobaweb.com\/index.php\/wp-json\/wp\/v2\/media\/25320"}],"wp:attachment":[{"href":"http:\/\/hoycordobaweb.com\/index.php\/wp-json\/wp\/v2\/media?parent=25319"}],"wp:term":[{"taxonomy":"category","embeddable":true,"href":"http:\/\/hoycordobaweb.com\/index.php\/wp-json\/wp\/v2\/categories?post=25319"},{"taxonomy":"post_tag","embeddable":true,"href":"http:\/\/hoycordobaweb.com\/index.php\/wp-json\/wp\/v2\/tags?post=25319"}],"curies":[{"name":"wp","href":"https:\/\/api.w.org\/{rel}","templated":true}]}}