{"id":25025,"date":"2021-07-15T01:52:00","date_gmt":"2021-07-15T01:52:00","guid":{"rendered":"http:\/\/hoycordobaweb.com\/index.php\/2021\/07\/15\/maduro-anuncio-que-pedira-a-espana-la-extradicion-de-leopoldo-lopez\/"},"modified":"2021-07-15T01:52:00","modified_gmt":"2021-07-15T01:52:00","slug":"maduro-anuncio-que-pedira-a-espana-la-extradicion-de-leopoldo-lopez","status":"publish","type":"post","link":"http:\/\/hoycordobaweb.com\/index.php\/2021\/07\/15\/maduro-anuncio-que-pedira-a-espana-la-extradicion-de-leopoldo-lopez\/","title":{"rendered":"Maduro anunci\u00f3 que pedir\u00e1 a Espa\u00f1a la extradici\u00f3n de Leopoldo L\u00f3pez"},"content":{"rendered":"<p><img src=\"http:\/\/hoycordobaweb.com\/wp-content\/uploads\/2021\/07\/maduro-anuncio-que-pedira-a-espana-la-extradicion-de-leopoldo-lopez.jpg\"><\/p>\n<div class=\"image\" id=\"image\" readability=\"7\"> <img src=\"http:\/\/hoycordobaweb.com\/wp-content\/uploads\/2021\/07\/maduro-anuncio-que-pedira-a-espana-la-extradicion-de-leopoldo-lopez-2.jpg\" alt=\"Maduro pide al Gobierno de Espa\u00f1a la extradici\u00f3n de Leopoldo L\u00f3pez\" title=\"Maduro pide al Gobierno de Espa\u00f1a la extradici\u00f3n de Leopoldo L\u00f3pez\"><\/p>\n<p>Maduro pide al Gobierno de Espa\u00f1a la extradici\u00f3n de Leopoldo L\u00f3pez<\/p>\n<\/div>\n<p>El Gobierno de Venezuela solicitar\u00e1 a su par de Espa\u00f1a la extradici\u00f3n del dirigente opositor Leopoldo L\u00f3pez, a quien acusa de organizar un frustrado golpe de Estado y terrorismo, anunci\u00f3 el presidente Nicol\u00e1s Maduro.<\/p>\n<p><strong>\u00abLe he dicho a (el canciller Jorge) Arreaza que se comunique con el nuevo ministro de Asuntos Exteriores de Espa\u00f1a, Jos\u00e9 Manuel Albares, y le muestre todas las pruebas contra Leopoldo L\u00f3pez, principal instigador de un golpe de Estado, violencia terrorista y de delincuentes\u00bb, <\/strong>afirm\u00f3 Maduro.<\/p>\n<p>Para el mandatario,<strong> el Ejecutivo espa\u00f1ol \u201cno puede ser c\u00f3mplice del terrorismo y la violencia contra el pueblo venezolano\u00bb.<\/strong><\/p>\n<p>En una transmisi\u00f3n por el canal estatal VTV, Maduro dijo que procurar\u00e1 que el Gobierno de Espa\u00f1a \u201crespete el Derecho Internacional\u00bb.<\/p>\n<p><strong>\u00abUna cosa es tener diferencias pol\u00edticas, ideol\u00f3gicas y diplom\u00e1ticas, y otra que ellos amparen desde Madrid, que se conduzca y financien directamente, acciones de violencia y terrorismo totalmente comprobadas\u00bb<\/strong>, remarc\u00f3.<\/p>\n<p>El Gobierno de Venezuela acusa hace tiempo a los opositores Juan Guaid\u00f3 y Leopoldo L\u00f3pez, entre otros, de estar detr\u00e1s de recientes ataques de grupos delincuentes en Caracas.<\/p>\n<div class=\"image\" id=\"image\" readability=\"7\"> <img src=\"http:\/\/hoycordobaweb.com\/wp-content\/uploads\/2021\/07\/maduro-anuncio-que-pedira-a-espana-la-extradicion-de-leopoldo-lopez-3.jpg\" alt=\"Leopoldo L\u00f3pez dice que Maduro quiere dividir a la oposici\u00f3n venezolana\" title=\"Leopoldo L\u00f3pez dice que Maduro quiere dividir a la oposici\u00f3n venezolana\"><\/p>\n<p>Leopoldo L\u00f3pez dice que Maduro quiere dividir a la oposici\u00f3n venezolana<\/p>\n<\/div>\n<p><br open><br \/>\nAcerca de la detenci\u00f3n del coordinador nacional del partido opositor Voluntad Popular (el partido de L\u00f3pez y Guaid\u00f3), el exdiputado Freddy Guevara, argument\u00f3 que est\u00e1 vinculado \u00aba grupos extremistas y paramilitares asociados al Gobierno colombiano\u00bb.<\/p>\n<p>Por su parte, <strong>L\u00f3pez, en declaraciones a la agencia Europa Press, advirti\u00f3 que \u00abla dictadura\u00bb de Maduro busca \u00abnuevamente\u00bb fracturar a la oposici\u00f3n venezolana, que fue su \u00abprincipal estrategia\u00bb.<\/strong><\/p>\n<p><strong>\u00abLa dictadura ha venido trabajando desde hace tiempo en tener una oposici\u00f3n a su medida\u00bb, enfatiz\u00f3, y alert\u00f3 que Maduro quiere una oposici\u00f3n \u00abc\u00f3mplice, sumisa, d\u00e9bil, que no ponga en la agenda la necesidad de salir de la dictadura\u00bb.<\/strong><\/p>\n<p>L\u00f3pez denunci\u00f3 que a\u00fan se desconoc\u00eda el paradero de Guevara y juzg\u00f3 \u00abinveros\u00edmil\u00bb su \u00abconexi\u00f3n\u00bb con grupos extremistas y paramilitares asociados al Gobierno colombiano.<\/p>\n<p>El exalcalde de Chacao fue inhabilitado para ocupar cargos p\u00fablicos, aunque la CorteIDH fall\u00f3 en su favor, y en septiembre de 2014 fue condenado por incitaci\u00f3n a la violencia, en un proceso muy cuestionado por organismos internacionales y de derechos humanos.<\/p>\n<p>En julio de 2017 fue beneficiado con la prisi\u00f3n domiciliaria. Dos a\u00f1os despu\u00e9s se refugi\u00f3 en la embajada de Espa\u00f1a y en octubre de 2020 consigui\u00f3 viajar a Madrid. <\/p>\n","protected":false},"excerpt":{"rendered":"<p>Maduro pide al Gobierno de Espa\u00f1a la extradici\u00f3n de Leopoldo L\u00f3pez El Gobierno de Venezuela solicitar\u00e1 a su par de Espa\u00f1a la extradici\u00f3n del dirigente opositor Leopoldo L\u00f3pez, a quien acusa de organizar un frustrado golpe de Estado y terrorismo, anunci\u00f3 el presidente Nicol\u00e1s Maduro. \u00abLe he dicho a (el canciller Jorge) Arreaza que se [&hellip;]<\/p>\n","protected":false},"author":1,"featured_media":25026,"comment_status":"open","ping_status":"closed","sticky":false,"template":"","format":"standard","meta":[],"categories":[19],"tags":[],"_links":{"self":[{"href":"http:\/\/hoycordobaweb.com\/index.php\/wp-json\/wp\/v2\/posts\/25025"}],"collection":[{"href":"http:\/\/hoycordobaweb.com\/index.php\/wp-json\/wp\/v2\/posts"}],"about":[{"href":"http:\/\/hoycordobaweb.com\/index.php\/wp-json\/wp\/v2\/types\/post"}],"author":[{"embeddable":true,"href":"http:\/\/hoycordobaweb.com\/index.php\/wp-json\/wp\/v2\/users\/1"}],"replies":[{"embeddable":true,"href":"http:\/\/hoycordobaweb.com\/index.php\/wp-json\/wp\/v2\/comments?post=25025"}],"version-history":[{"count":0,"href":"http:\/\/hoycordobaweb.com\/index.php\/wp-json\/wp\/v2\/posts\/25025\/revisions"}],"wp:featuredmedia":[{"embeddable":true,"href":"http:\/\/hoycordobaweb.com\/index.php\/wp-json\/wp\/v2\/media\/25026"}],"wp:attachment":[{"href":"http:\/\/hoycordobaweb.com\/index.php\/wp-json\/wp\/v2\/media?parent=25025"}],"wp:term":[{"taxonomy":"category","embeddable":true,"href":"http:\/\/hoycordobaweb.com\/index.php\/wp-json\/wp\/v2\/categories?post=25025"},{"taxonomy":"post_tag","embeddable":true,"href":"http:\/\/hoycordobaweb.com\/index.php\/wp-json\/wp\/v2\/tags?post=25025"}],"curies":[{"name":"wp","href":"https:\/\/api.w.org\/{rel}","templated":true}]}}