{"id":24985,"date":"2021-07-14T23:15:00","date_gmt":"2021-07-14T23:15:00","guid":{"rendered":"http:\/\/hoycordobaweb.com\/index.php\/2021\/07\/14\/quien-mato-a-manuel-buendia-netflix-lo-revelara-con-su-nuevo-documental\/"},"modified":"2021-07-14T23:15:00","modified_gmt":"2021-07-14T23:15:00","slug":"quien-mato-a-manuel-buendia-netflix-lo-revelara-con-su-nuevo-documental","status":"publish","type":"post","link":"http:\/\/hoycordobaweb.com\/index.php\/2021\/07\/14\/quien-mato-a-manuel-buendia-netflix-lo-revelara-con-su-nuevo-documental\/","title":{"rendered":"\u00bfQui\u00e9n mat\u00f3 a Manuel Buend\u00eda? <b>Netflix<\/b> lo revelar\u00e1 con su nuevo documental"},"content":{"rendered":"<p>La Verdad Noticias informa que, muchas veces el trabajo de Buend\u00eda fue censurado, por lo que su muerte se ha interpretado como una evidencia de la&nbsp;&#8230; <\/p>\n","protected":false},"excerpt":{"rendered":"<p>La Verdad Noticias informa que, muchas veces el trabajo de Buend\u00eda fue censurado, por lo que su muerte se ha interpretado como una evidencia de la&nbsp;&#8230;<\/p>\n","protected":false},"author":1,"featured_media":0,"comment_status":"closed","ping_status":"closed","sticky":false,"template":"","format":"standard","meta":[],"categories":[23],"tags":[],"_links":{"self":[{"href":"http:\/\/hoycordobaweb.com\/index.php\/wp-json\/wp\/v2\/posts\/24985"}],"collection":[{"href":"http:\/\/hoycordobaweb.com\/index.php\/wp-json\/wp\/v2\/posts"}],"about":[{"href":"http:\/\/hoycordobaweb.com\/index.php\/wp-json\/wp\/v2\/types\/post"}],"author":[{"embeddable":true,"href":"http:\/\/hoycordobaweb.com\/index.php\/wp-json\/wp\/v2\/users\/1"}],"replies":[{"embeddable":true,"href":"http:\/\/hoycordobaweb.com\/index.php\/wp-json\/wp\/v2\/comments?post=24985"}],"version-history":[{"count":0,"href":"http:\/\/hoycordobaweb.com\/index.php\/wp-json\/wp\/v2\/posts\/24985\/revisions"}],"wp:attachment":[{"href":"http:\/\/hoycordobaweb.com\/index.php\/wp-json\/wp\/v2\/media?parent=24985"}],"wp:term":[{"taxonomy":"category","embeddable":true,"href":"http:\/\/hoycordobaweb.com\/index.php\/wp-json\/wp\/v2\/categories?post=24985"},{"taxonomy":"post_tag","embeddable":true,"href":"http:\/\/hoycordobaweb.com\/index.php\/wp-json\/wp\/v2\/tags?post=24985"}],"curies":[{"name":"wp","href":"https:\/\/api.w.org\/{rel}","templated":true}]}}