{"id":24977,"date":"2021-07-14T12:38:00","date_gmt":"2021-07-14T12:38:00","guid":{"rendered":"https:\/\/fm-comunicar.com.ar\/contenido\/17907\/la-camara-de-comercio-lanza-campana-para-activar-las-ventas-por-el-dia-del-amigo"},"modified":"2021-07-14T12:38:00","modified_gmt":"2021-07-14T12:38:00","slug":"la-camara-de-comercio-lanza-campana-para-activar-las-ventas-por-el-dia-del-amigo","status":"publish","type":"post","link":"http:\/\/hoycordobaweb.com\/index.php\/2021\/07\/14\/la-camara-de-comercio-lanza-campana-para-activar-las-ventas-por-el-dia-del-amigo\/","title":{"rendered":"La C\u00e1mara de Comercio lanza campa\u00f1a para activar las ventas por el D\u00eda del Amigo"},"content":{"rendered":"<p>\u00abAmigo visible. No m\u00e1s regalos invisibles, entre todos hacemos girar la rueda de la econom\u00eda local\u00bb, es la consigna de Fedecom para este a\u00f1o. Habr\u00e1 sorteos para los locales que adhieran con descuentos y promociones especiales.<img src=\"http:\/\/hoycordobaweb.com\/wp-content\/uploads\/2021\/07\/la-camara-de-comercio-lanza-campana-para-activar-las-ventas-por-el-dia-del-amigo.png\"><\/p>\n","protected":false},"excerpt":{"rendered":"<p>\u00abAmigo visible. No m\u00e1s regalos invisibles, entre todos hacemos girar la rueda de la econom\u00eda local\u00bb, es la consigna de Fedecom para este a\u00f1o. Habr\u00e1 sorteos para los locales que adhieran con descuentos y promociones especiales.<\/p>\n","protected":false},"author":1,"featured_media":24978,"comment_status":"closed","ping_status":"closed","sticky":false,"template":"","format":"standard","meta":[],"categories":[18],"tags":[],"_links":{"self":[{"href":"http:\/\/hoycordobaweb.com\/index.php\/wp-json\/wp\/v2\/posts\/24977"}],"collection":[{"href":"http:\/\/hoycordobaweb.com\/index.php\/wp-json\/wp\/v2\/posts"}],"about":[{"href":"http:\/\/hoycordobaweb.com\/index.php\/wp-json\/wp\/v2\/types\/post"}],"author":[{"embeddable":true,"href":"http:\/\/hoycordobaweb.com\/index.php\/wp-json\/wp\/v2\/users\/1"}],"replies":[{"embeddable":true,"href":"http:\/\/hoycordobaweb.com\/index.php\/wp-json\/wp\/v2\/comments?post=24977"}],"version-history":[{"count":0,"href":"http:\/\/hoycordobaweb.com\/index.php\/wp-json\/wp\/v2\/posts\/24977\/revisions"}],"wp:featuredmedia":[{"embeddable":true,"href":"http:\/\/hoycordobaweb.com\/index.php\/wp-json\/wp\/v2\/media\/24978"}],"wp:attachment":[{"href":"http:\/\/hoycordobaweb.com\/index.php\/wp-json\/wp\/v2\/media?parent=24977"}],"wp:term":[{"taxonomy":"category","embeddable":true,"href":"http:\/\/hoycordobaweb.com\/index.php\/wp-json\/wp\/v2\/categories?post=24977"},{"taxonomy":"post_tag","embeddable":true,"href":"http:\/\/hoycordobaweb.com\/index.php\/wp-json\/wp\/v2\/tags?post=24977"}],"curies":[{"name":"wp","href":"https:\/\/api.w.org\/{rel}","templated":true}]}}