{"id":24954,"date":"2021-07-13T19:38:00","date_gmt":"2021-07-13T19:38:00","guid":{"rendered":"https:\/\/www.trendencias.com\/moda-famosas\/elegancia-nieves-alvarez-se-impone-alfombra-roja-festival-cannes"},"modified":"2021-07-13T19:38:00","modified_gmt":"2021-07-13T19:38:00","slug":"la-elegancia-de-nieves-alvarez-se-impone-en-la-alfombra-roja-del-festival-de-cannes","status":"publish","type":"post","link":"http:\/\/hoycordobaweb.com\/index.php\/2021\/07\/13\/la-elegancia-de-nieves-alvarez-se-impone-en-la-alfombra-roja-del-festival-de-cannes\/","title":{"rendered":"La elegancia de Nieves \u00c1lvarez se impone en la alfombra roja del Festival de Cannes"},"content":{"rendered":"<p>El <a href=\"https:\/\/www.trendencias.com\/alfombra-roja\/paz-vega-chiara-ferragni-izabel-goulart-muchas-han-sido-protagonistas-tercer-dia-festival-cannes-2021\">Festival de Cannes 2021 <\/a>nos sigue dejando grandes momentos sobre la alfombra roja y, como no pod\u00eda ser de otra manera, hoy <a href=\"https:\/\/www.trendencias.com\/alfombra-roja\/nieves-alvarez-deslumbra-festival-cannes-2021-su-looks-dia-alfombra-roja-joyas-valoradas-2-millones-euros\">Nieves \u00c1lvarez ha vuelto a conseguir que nos quitemos el sombrero <\/a>con su look y que, una vez m\u00e1s, se haya convertido en la protagonista indiscutible de la jornada gracias a su elegancia y estilazo.<\/p>\n<p><!-- BREAK 1 --><\/p>\n<div class=\"article-asset article-asset-normal article-asset-center\">\n<div class=\"desvio-container\">\n<div class=\"desvio\">\n<div class=\"desvio-figure js-desvio-figure\"> <a href=\"https:\/\/www.trendencias.com\/alfombra-roja\/pulmones-dorados-bella-hadid-falda-tropical-taylor-hill-impresionante-fin-semana-cannes\"> <img alt=\"Los pulmones dorados de Bella Hadid o la falda tropical de Taylor Hill: lo m\u00e1s impresionante del fin de semana en Cannes \" src=\"http:\/\/hoycordobaweb.com\/wp-content\/uploads\/2021\/07\/la-elegancia-de-nieves-alvarez-se-impone-en-la-alfombra-roja-del-festival-de-cannes.jpg\"> <\/a> <\/div><\/div><\/div>\n<\/div>\n<div class=\"article-asset-image article-asset-normal article-asset-center\">\n<div class=\"asset-content\">\n<div class=\"base-wrapper-image\"> <img class=\"sf-lazy centro_sinmarco\" data-sf-srcset=\"http:\/\/hoycordobaweb.com\/wp-content\/uploads\/2021\/07\/la-elegancia-de-nieves-alvarez-se-impone-en-la-alfombra-roja-del-festival-de-cannes-1.jpg 450w, http:\/\/hoycordobaweb.com\/wp-content\/uploads\/2021\/07\/la-elegancia-de-nieves-alvarez-se-impone-en-la-alfombra-roja-del-festival-de-cannes-4.jpg 681w,http:\/\/hoycordobaweb.com\/wp-content\/uploads\/2021\/07\/la-elegancia-de-nieves-alvarez-se-impone-en-la-alfombra-roja-del-festival-de-cannes-5.jpg 1024w, http:\/\/hoycordobaweb.com\/wp-content\/uploads\/2021\/07\/la-elegancia-de-nieves-alvarez-se-impone-en-la-alfombra-roja-del-festival-de-cannes-6.jpg 1366w,\" data-sf-src=\"http:\/\/hoycordobaweb.com\/wp-content\/uploads\/2021\/07\/la-elegancia-de-nieves-alvarez-se-impone-en-la-alfombra-roja-del-festival-de-cannes-1.jpg\" alt=\"nieves Alvarez festival de cannes 2021\"> <noscript><img alt=\"nieves Alvarez festival de cannes 2021\" class=\"centro_sinmarco\" src=\"http:\/\/hoycordobaweb.com\/wp-content\/uploads\/2021\/07\/la-elegancia-de-nieves-alvarez-se-impone-en-la-alfombra-roja-del-festival-de-cannes-1.jpg\"><\/noscript> <\/div><\/div>\n<\/div>\n<p>En esta red carpet correspondiente al estreno de <em>\u00abAline\u00bb, <\/em>la modelo y presentadora ha lucido este impresionante dise\u00f1o de <strong>Elie Saab <\/strong>en azul cielo con detalles plateados, escote asim\u00e9trico y con detalle al hombro que defiende a la perfecci\u00f3n y que ha combinado con joyas <strong>de Bvlgari.<\/strong><\/p>\n<p><!-- BREAK 2 --> <\/p>\n<h2>El look de d\u00eda de Nieves \u00c1lvarez<\/h2>\n<div class=\"article-asset-image article-asset-normal article-asset-center\">\n<div class=\"asset-content\">\n<div class=\"base-wrapper-image\"> <img class=\"sf-lazy centro_sinmarco\" data-sf-srcset=\"http:\/\/hoycordobaweb.com\/wp-content\/uploads\/2021\/07\/la-elegancia-de-nieves-alvarez-se-impone-en-la-alfombra-roja-del-festival-de-cannes-2.jpg 450w, http:\/\/hoycordobaweb.com\/wp-content\/uploads\/2021\/07\/la-elegancia-de-nieves-alvarez-se-impone-en-la-alfombra-roja-del-festival-de-cannes-7.jpg 681w,http:\/\/hoycordobaweb.com\/wp-content\/uploads\/2021\/07\/la-elegancia-de-nieves-alvarez-se-impone-en-la-alfombra-roja-del-festival-de-cannes-8.jpg 1024w, http:\/\/hoycordobaweb.com\/wp-content\/uploads\/2021\/07\/la-elegancia-de-nieves-alvarez-se-impone-en-la-alfombra-roja-del-festival-de-cannes-9.jpg 1366w,\" data-sf-src=\"http:\/\/hoycordobaweb.com\/wp-content\/uploads\/2021\/07\/la-elegancia-de-nieves-alvarez-se-impone-en-la-alfombra-roja-del-festival-de-cannes-2.jpg\" alt=\"Dl U489654 007\"> <noscript><img alt=\"Dl U489654 007\" class=\"centro_sinmarco\" src=\"http:\/\/hoycordobaweb.com\/wp-content\/uploads\/2021\/07\/la-elegancia-de-nieves-alvarez-se-impone-en-la-alfombra-roja-del-festival-de-cannes-2.jpg\"><\/noscript> <\/div><\/div>\n<\/div>\n<p>Eso s\u00ed, m\u00e1s all\u00e1 del momento alfombra roja, bien merece la pena tambi\u00e9n hablar del lookazo que nos ha dejado durante el d\u00eda con este <strong>colorido conjunto tambi\u00e9n de Elie Saab <\/strong>que ha combinado con unos <strong>salones Louboutin en amarillo <\/strong>creando un outfit s\u00faper veraniego ideal para cualquier ocasi\u00f3n.&nbsp;<\/p>\n<p><!-- BREAK 3 --><\/p>\n<p>Fotos | Gtres<\/p>\n","protected":false},"excerpt":{"rendered":"<p>El Festival de Cannes 2021 nos sigue dejando grandes momentos sobre la alfombra roja y, como no pod\u00eda ser de otra manera, hoy Nieves \u00c1lvarez ha vuelto a conseguir que nos quitemos el sombrero con su look y que, una vez m\u00e1s, se haya convertido en la protagonista indiscutible de la jornada gracias a su [&hellip;]<\/p>\n","protected":false},"author":1,"featured_media":24955,"comment_status":"closed","ping_status":"closed","sticky":false,"template":"","format":"standard","meta":[],"categories":[1],"tags":[],"_links":{"self":[{"href":"http:\/\/hoycordobaweb.com\/index.php\/wp-json\/wp\/v2\/posts\/24954"}],"collection":[{"href":"http:\/\/hoycordobaweb.com\/index.php\/wp-json\/wp\/v2\/posts"}],"about":[{"href":"http:\/\/hoycordobaweb.com\/index.php\/wp-json\/wp\/v2\/types\/post"}],"author":[{"embeddable":true,"href":"http:\/\/hoycordobaweb.com\/index.php\/wp-json\/wp\/v2\/users\/1"}],"replies":[{"embeddable":true,"href":"http:\/\/hoycordobaweb.com\/index.php\/wp-json\/wp\/v2\/comments?post=24954"}],"version-history":[{"count":0,"href":"http:\/\/hoycordobaweb.com\/index.php\/wp-json\/wp\/v2\/posts\/24954\/revisions"}],"wp:featuredmedia":[{"embeddable":true,"href":"http:\/\/hoycordobaweb.com\/index.php\/wp-json\/wp\/v2\/media\/24955"}],"wp:attachment":[{"href":"http:\/\/hoycordobaweb.com\/index.php\/wp-json\/wp\/v2\/media?parent=24954"}],"wp:term":[{"taxonomy":"category","embeddable":true,"href":"http:\/\/hoycordobaweb.com\/index.php\/wp-json\/wp\/v2\/categories?post=24954"},{"taxonomy":"post_tag","embeddable":true,"href":"http:\/\/hoycordobaweb.com\/index.php\/wp-json\/wp\/v2\/tags?post=24954"}],"curies":[{"name":"wp","href":"https:\/\/api.w.org\/{rel}","templated":true}]}}