{"id":24888,"date":"2021-07-13T01:29:00","date_gmt":"2021-07-13T01:29:00","guid":{"rendered":"http:\/\/hoycordobaweb.com\/index.php\/2021\/07\/13\/se-nego-a-declarar-el-profugo-que-fue-detenido-en-una-vacunatorio-de-mar-del-plata\/"},"modified":"2021-07-13T01:29:00","modified_gmt":"2021-07-13T01:29:00","slug":"se-nego-a-declarar-el-profugo-que-fue-detenido-en-una-vacunatorio-de-mar-del-plata","status":"publish","type":"post","link":"http:\/\/hoycordobaweb.com\/index.php\/2021\/07\/13\/se-nego-a-declarar-el-profugo-que-fue-detenido-en-una-vacunatorio-de-mar-del-plata\/","title":{"rendered":"Se neg\u00f3 a declarar el pr\u00f3fugo que fue detenido en una vacunatorio de Mar del Plata"},"content":{"rendered":"<p><img src=\"http:\/\/hoycordobaweb.com\/wp-content\/uploads\/2021\/07\/se-nego-a-declarar-el-profugo-que-fue-detenido-en-una-vacunatorio-de-mar-del-plata.jpg\"><\/p>\n<div><img src=\"http:\/\/hoycordobaweb.com\/wp-content\/uploads\/2021\/07\/se-nego-a-declarar-el-profugo-que-fue-detenido-en-una-vacunatorio-de-mar-del-plata-2.jpg\" class=\"ff-og-image-inserted\"><\/div>\n<p> <iframe width=\"560\" height=\"315\" src=\"https:\/\/www.youtube.com\/embed\/DfJNpdXUXXw?wmode=transparent&amp;showinfo=0&amp;autohide=1&amp;rel=0\" frameborder=\"0\" allowfullscreen>[embedded content]<\/iframe> <\/p>\n<p>Se neg\u00f3 a declarar el pr\u00f3fugo que fue detenido en una vacunatorio de Mar del Plata<\/p>\n<p>El hombre detenido en un vacunatorio de la ciudad de Mar del Plata, que <strong>era buscado desde hace 15 a\u00f1os por el crimen de un polic\u00eda <\/strong>y <strong>desde 2018 por intentar matar a machetazos a un vecino en Merlo<\/strong>, se neg\u00f3 a declarar y seguir\u00e1 preso, informaron fuentes judiciales.<\/p>\n<p>Los voceros informaron a T\u00e9lam que tras la<strong> indagatoria llevada a cabo en los tribunales de Mor\u00f3n<\/strong> por la tentativa de homicidio, el imputado Javier Salaverry Gabarain ser\u00e1 remitido a la ciudad de Mar del Plata para que comparezca en la causa por el homicidio de un polic\u00eda bonaerense en 2003, por el que estuvo 15 a\u00f1os pr\u00f3fugo y ya est\u00e1 prescripta.<\/p>\n<p>La indagatoria de Salaverry Gabarain (40) estuvo a cargo de los fiscales Marisa Monti y Claudio Oviedo, de la UFI 5 de Mor\u00f3n, quienes dispusieron que tras la diligencia quede alojado en una dependencia policial.<\/p>\n<p>La detenci\u00f3n<\/p>\n<p>El pr\u00f3fugo fue detenido este domingo en el vacunatorio que funciona en el Museo MAR de Mar del Plata, durante un operativo que llevaron a cabo conjuntamente efectivos policiales de las DDI de esa ciudad balnearia y de Mor\u00f3n.<\/p>\n<p><strong>Para atraparlo, los polic\u00edas simularon ser parte del personal sanitario,<\/strong> enfermeros y trapitos de la zona para seguir de cerca los movimientos del hombre, que hab\u00eda sido citado para aplicarse la vacuna contra el coronavirus.<\/p>\n<p>Inmediatamente fue trasladado a Mor\u00f3n para responder por el intento de homicidio de un vecino atacado a machetazos en la cabeza frente a una casa ubicada en la calle Azara 1365 de Parque San Mart\u00edn en octubre de 2018.<\/p>\n<p>Un d\u00eda antes del ataque, el ahora detenido hab\u00eda amenazado al vecino porque lo hab\u00eda denunciado por hacer ruidos molestos, dijeron las fuentes.<\/p>\n<p>Fue la mujer de la v\u00edctima quien alert\u00f3 a la fiscal\u00eda que el agresor estaba en Mar del Plata.<\/p>\n<p>En tanto, el mismo acusado estaba pr\u00f3fugo desde octubre de 2003 en una causa en la que se le imputa haber asesinado de tres balazos durante un asalto al polic\u00eda de la DDI de Mar del Plata Cristian Agusti (28).<\/p>\n<p>\u00abDios hizo justicia. Muchos a\u00f1os esperando esto. \u00c9l no sab\u00eda que estaba pr\u00f3fugo de la justicia de Mor\u00f3n. Por fin, despu\u00e9s de tanto tiempo, \u00e9l est\u00e1 detenido y mi hijo descansa en paz\u00bb, dijo a T\u00e9lam Graciela Panebianco, madre del polic\u00eda.<\/p>\n<p>Por su parte, el fiscal Oviedo dijo a esta agencia que est\u00e1 satisfecho con la labor realizada: \u00abNos sentimos bien porque la justicia trabaja mucho para lograr esto, esclarecer dos causas con un mismo individuo acusado\u00bb. <\/p>\n","protected":false},"excerpt":{"rendered":"<p>[embedded content] Se neg\u00f3 a declarar el pr\u00f3fugo que fue detenido en una vacunatorio de Mar del Plata El hombre detenido en un vacunatorio de la ciudad de Mar del Plata, que era buscado desde hace 15 a\u00f1os por el crimen de un polic\u00eda y desde 2018 por intentar matar a machetazos a un vecino [&hellip;]<\/p>\n","protected":false},"author":1,"featured_media":24889,"comment_status":"open","ping_status":"closed","sticky":false,"template":"","format":"standard","meta":[],"categories":[19],"tags":[],"_links":{"self":[{"href":"http:\/\/hoycordobaweb.com\/index.php\/wp-json\/wp\/v2\/posts\/24888"}],"collection":[{"href":"http:\/\/hoycordobaweb.com\/index.php\/wp-json\/wp\/v2\/posts"}],"about":[{"href":"http:\/\/hoycordobaweb.com\/index.php\/wp-json\/wp\/v2\/types\/post"}],"author":[{"embeddable":true,"href":"http:\/\/hoycordobaweb.com\/index.php\/wp-json\/wp\/v2\/users\/1"}],"replies":[{"embeddable":true,"href":"http:\/\/hoycordobaweb.com\/index.php\/wp-json\/wp\/v2\/comments?post=24888"}],"version-history":[{"count":0,"href":"http:\/\/hoycordobaweb.com\/index.php\/wp-json\/wp\/v2\/posts\/24888\/revisions"}],"wp:featuredmedia":[{"embeddable":true,"href":"http:\/\/hoycordobaweb.com\/index.php\/wp-json\/wp\/v2\/media\/24889"}],"wp:attachment":[{"href":"http:\/\/hoycordobaweb.com\/index.php\/wp-json\/wp\/v2\/media?parent=24888"}],"wp:term":[{"taxonomy":"category","embeddable":true,"href":"http:\/\/hoycordobaweb.com\/index.php\/wp-json\/wp\/v2\/categories?post=24888"},{"taxonomy":"post_tag","embeddable":true,"href":"http:\/\/hoycordobaweb.com\/index.php\/wp-json\/wp\/v2\/tags?post=24888"}],"curies":[{"name":"wp","href":"https:\/\/api.w.org\/{rel}","templated":true}]}}