{"id":248,"date":"2020-08-27T13:40:00","date_gmt":"2020-08-27T13:40:00","guid":{"rendered":"http:\/\/hoycordobaweb.com\/index.php\/2020\/08\/27\/cafiero-argentina-esta-empezando-a-repuntar-en-tiempo-record\/"},"modified":"2020-08-27T13:40:00","modified_gmt":"2020-08-27T13:40:00","slug":"cafiero-argentina-esta-empezando-a-repuntar-en-tiempo-record","status":"publish","type":"post","link":"http:\/\/hoycordobaweb.com\/index.php\/2020\/08\/27\/cafiero-argentina-esta-empezando-a-repuntar-en-tiempo-record\/","title":{"rendered":"Cafiero: \u00abArgentina est\u00e1 empezando a repuntar en tiempo r\u00e9cord\u00bb"},"content":{"rendered":"<p><img src=\"http:\/\/hoycordobaweb.com\/wp-content\/uploads\/2020\/08\/cafiero-argentina-esta-empezando-a-repuntar-en-tiempo-record.jpg\"><\/p>\n<div class=\"image\" id=\"image\" readability=\"8\"> <img src=\"http:\/\/hoycordobaweb.com\/wp-content\/uploads\/2020\/08\/cafiero-argentina-esta-empezando-a-repuntar-en-tiempo-record-2.jpg\" alt=\"El evento cuenta con la presencia del jefe de Gabinete, Santiago Cafiero\" title=\"El evento cuenta con la presencia del jefe de Gabinete, Santiago Cafiero\"><\/p>\n<p>El evento cuenta con la presencia del jefe de Gabinete, Santiago Cafiero<\/p>\n<\/div>\n<p>El jefe de Gabinete, Santiago Cafiero, destac\u00f3 hoy que Argentina \u00abempieza a repuntar en tiempo r\u00e9cord\u00bb en un contexto de pandemia por el coronavirus y afirm\u00f3 que el pa\u00eds se encuentra en el \u00absendero de la recuperaci\u00f3n econ\u00f3mica\u00bb con \u00abactividades y rubros donde ya se est\u00e1 sintiendo\u00bb ese proceso.<\/p>\n<p>\u00abEl mundo, independientemente de cuidar a sus ciudadanos, ha sufrido una ca\u00edda del producto. En Argentina tambi\u00e9n ha sucedido. Sin embargo, empieza a repuntar en tiempo r\u00e9cord, acelerado. Estamos en el sendero de la reactivaci\u00f3n econ\u00f3mica en nuestro pa\u00eds. Hay actividades que ya lo est\u00e1n sintiendo\u00bb, destac\u00f3 el funcionario nacional en el marco de la reuni\u00f3n anual del Consejo de las Am\u00e9ricas que se realiza por primera vez en forma virtual.<\/p>\n<p>En su exposici\u00f3n, el jefe de Gabinete dijo que \u00abhay sectores que ya se est\u00e1n dinamizando a niveles superiores del a\u00f1o pasado\u00bb, y agreg\u00f3: \u00abSabemos que estamos en una recuperaci\u00f3n porque tenemos indicios en la toma de cr\u00e9ditos, en los cr\u00e9ditos al consumo, en el Programa Ahora 12 que tambi\u00e9n muestra c\u00f3mo va evolucionando\u00bb la situaci\u00f3n.<\/p>\n<blockquote readability=\"6\">\n<p>\u00abEstamos en el sendero de la reactivaci\u00f3n econ\u00f3mica en nuestro pa\u00eds. Hay actividades que ya lo est\u00e1n sintiendo\u00bb<span class=\"comilla\">\u201d<\/span><\/p>\n<\/blockquote>\n<p>Asimismo, Cafiero indic\u00f3 que es fundamental tener \u00abespacios de debate porque va a suponer que nos podamos sentar y pensar sin hiperideologizaci\u00f3n\u00bb, lo cual \u00abtrajo un sistema que fracas\u00f3\u00bb, y exhort\u00f3 a \u00abdejar de lado los juegos de suma 0\u00bb, ya que \u00abcuando uno tiene que desarrollar un programa no llevan a ning\u00fan resultado\u00bb.<\/p>\n<p>En ese marco, propuso \u00abdebatir sobre las tres sostenibilidades: la econ\u00f3mica para tener un desarrollo econ\u00f3mico sustentable, la sustentabilidad social para que ese desarrollo econ\u00f3mico genere empleo para salir de la pobreza y la sostenibilidad ambiental para cuidar las casa com\u00fan, los recursos naturales\u00bb.<\/p>\n<p>\u00abEl gran desaf\u00edo que tenemos los argentinos y los empresarios argentinos es discutir desde nuestros valores pero con un fuerte pragmatismo y avanzar en una agenda de desarrollo\u00bb, resumi\u00f3.<\/p>\n<p>Por otra parte, manifest\u00f3 que el Gobierno siempre fue \u00abpromoviendo el di\u00e1logo democr\u00e1tico\u00bb y record\u00f3 que el presidente Alberto Fern\u00e1ndez \u00abse reuni\u00f3 tres veces con los jefes de bloque de la oposici\u00f3n y en m\u00e1s de 60 intervenciones hubo funcionarios nacionales en ambas c\u00e1maras para estrechar ideas entre los dos poderes, el Ejecutivo y el Legislativo\u00bb.<\/p>\n<blockquote readability=\"6\">\n<p>\u00abEl gran desaf\u00edo que tenemos los argentinos y los empresarios argentinos es discutir desde nuestros valores pero con un fuerte pragmatismo y avanzar en una agenda de desarrollo\u00bb<span class=\"comilla\">\u201d<\/span><\/p>\n<\/blockquote>\n<p>En este sentido, afirm\u00f3 que el Gobierno nacional \u00abha encontrado intercambios tambi\u00e9n -en la pandemia- con los gobernadores, independientemente del espacio pol\u00edtico que representen, as\u00ed como los diferentes estados de los poderes ejecutivos que han trabajado coordinadamente\u00bb, lo que analiz\u00f3 como \u00abel resultado de una maduraci\u00f3n de nuestra dirigencia pol\u00edtica\u00bb.<\/p>\n<p>En su disertaci\u00f3n, Cafiero hizo un racconto de las medidas adoptadas desde que asumi\u00f3 el Gobierno en diciembre y especialmente las implementadas desde el 20 de marzo, cuando se decret\u00f3 el aislamiento social, preventivo y obligatorio por el coronvairus.<\/p>\n<p>\u00abEl punto de partida era un proceso de recesi\u00f3n muy profundo. Argentina ten\u00eda su capacidad ociosa en un 40 por ciento, 53,8 por ciento de inflaci\u00f3n, 52 por ciento de pobreza, con un proceso de destrucci\u00f3n de empleo privado y con un proceso de destrucci\u00f3n de empresas\u00bb, repas\u00f3.<\/p>\n<p>Tras destacar que \u00abel cambio de prioridades arranc\u00f3 el 10 de diciembre del a\u00f1o pasado\u00bb, indic\u00f3 que -a los tres d\u00edas de asumir- se instrument\u00f3 la Tarjeta Alimentaria, y \u00abse generaron bonos para compensar las ca\u00eddas de las jubilaciones, se avanz\u00f3 con incrementos en la AUH y por embarazo, y se avanz\u00f3 con una pol\u00edtica central, que los jubilados tengan medicamentos gratuitos\u00bb.<\/p>\n<blockquote readability=\"9\">\n<p>\u00abEl punto de partida era un proceso de recesi\u00f3n muy profundo. Argentina ten\u00eda su capacidad ociosa en un 40 por ciento, 53,8 por ciento de inflaci\u00f3n, 52 por ciento de pobreza\u00bb<span class=\"comilla\">\u201d<\/span><\/p>\n<\/blockquote>\n<p>Ya en el marco de la pandemia, Cafiero destac\u00f3 que se trabaj\u00f3 para fortalecer el sistema de salud \u00abdonde no hab\u00eda Ministerio de Salud, y se construyeron 12 hospitales modulares\u00bb, y remarc\u00f3 los avances cient\u00edficos y tecnol\u00f3gicos en materia de testeos y vacunas para combatir el virus.<\/p>\n<p>\u00abArgentina est\u00e1 integrada en forma vigorosa, una Argentina en el mundo\u00bb, sostuvo el jefe de Gabinete.<\/p>\n<p>Finalmente, resalt\u00f3 que en la pandemia se cuid\u00f3 la \u00ab\u00e9tica del cuidado de la salud y a la vez la \u00e9tica de los ingresos\u00bb con el IFE, y \u00abel cuidado de las empresas y el trabajo con el programa de Asistencia al Trabajo y a la Producci\u00f3n\u00bb donde el Estado ha \u00abdonado el 50 por ciento de los sueldos\u00bb. <\/p>\n","protected":false},"excerpt":{"rendered":"<p>El evento cuenta con la presencia del jefe de Gabinete, Santiago Cafiero El jefe de Gabinete, Santiago Cafiero, destac\u00f3 hoy que Argentina \u00abempieza a repuntar en tiempo r\u00e9cord\u00bb en un contexto de pandemia por el coronavirus y afirm\u00f3 que el pa\u00eds se encuentra en el \u00absendero de la recuperaci\u00f3n econ\u00f3mica\u00bb con \u00abactividades y rubros donde [&hellip;]<\/p>\n","protected":false},"author":1,"featured_media":249,"comment_status":"open","ping_status":"closed","sticky":false,"template":"","format":"standard","meta":[],"categories":[19],"tags":[],"_links":{"self":[{"href":"http:\/\/hoycordobaweb.com\/index.php\/wp-json\/wp\/v2\/posts\/248"}],"collection":[{"href":"http:\/\/hoycordobaweb.com\/index.php\/wp-json\/wp\/v2\/posts"}],"about":[{"href":"http:\/\/hoycordobaweb.com\/index.php\/wp-json\/wp\/v2\/types\/post"}],"author":[{"embeddable":true,"href":"http:\/\/hoycordobaweb.com\/index.php\/wp-json\/wp\/v2\/users\/1"}],"replies":[{"embeddable":true,"href":"http:\/\/hoycordobaweb.com\/index.php\/wp-json\/wp\/v2\/comments?post=248"}],"version-history":[{"count":0,"href":"http:\/\/hoycordobaweb.com\/index.php\/wp-json\/wp\/v2\/posts\/248\/revisions"}],"wp:featuredmedia":[{"embeddable":true,"href":"http:\/\/hoycordobaweb.com\/index.php\/wp-json\/wp\/v2\/media\/249"}],"wp:attachment":[{"href":"http:\/\/hoycordobaweb.com\/index.php\/wp-json\/wp\/v2\/media?parent=248"}],"wp:term":[{"taxonomy":"category","embeddable":true,"href":"http:\/\/hoycordobaweb.com\/index.php\/wp-json\/wp\/v2\/categories?post=248"},{"taxonomy":"post_tag","embeddable":true,"href":"http:\/\/hoycordobaweb.com\/index.php\/wp-json\/wp\/v2\/tags?post=248"}],"curies":[{"name":"wp","href":"https:\/\/api.w.org\/{rel}","templated":true}]}}