{"id":24797,"date":"2021-07-11T12:17:16","date_gmt":"2021-07-11T12:17:16","guid":{"rendered":"https:\/\/www.mujerhoy.com\/moda\/no-te-pierdas\/blazer-uterque-sienta-maravilla-look-original-instagram-arrasa-20210711140541-nt.html"},"modified":"2021-07-11T12:17:16","modified_gmt":"2021-07-11T12:17:16","slug":"hemos-encontrado-en-instagram-la-forma-mas-original-de-llevar-esta-blazer-de-uterque-y-sienta-de-maravilla","status":"publish","type":"post","link":"http:\/\/hoycordobaweb.com\/index.php\/2021\/07\/11\/hemos-encontrado-en-instagram-la-forma-mas-original-de-llevar-esta-blazer-de-uterque-y-sienta-de-maravilla\/","title":{"rendered":"Hemos encontrado en Instagram la forma m\u00e1s original de llevar esta blazer de Uterq\u00fce (y sienta de maravilla)"},"content":{"rendered":"<p><!-- AUTHOR --><!-- COMPONENTS --><\/p>\n<p class=\"voc-paragraph\">Las redes sociales (y, sobre todo, Instagram) son nuestra fuente de inspiraci\u00f3n favorita. Es ah\u00ed donde encontramos las tendencias m\u00e1s <a data-voc-vtm-id=\"in-text-traffic\" href=\"https:\/\/www.mujerhoy.com\/moda\/no-te-pierdas\/202105\/03\/blazer-cuadros-zara-pantalones-wide-leg-azul-look-primavera-barato-rejuvenece-a-los-50-ropa-que-quita-anos-20210503091057.html\">rejuvenecedoras <\/a>y los mejores looks para copiar. Nuestro \u00faltimo flechazo se lo debemos a una influencer que ha encontrado la forma m\u00e1s original de llevar <a data-voc-vtm-id=\"in-text-traffic\" href=\"https:\/\/www.mujerhoy.com\/moda\/no-te-pierdas\/202105\/05\/blazers-baratas-stradivarius-entretiempo-menos-30-euros-20210505095144.html\">una blazer<\/a>. Y es que la ha lucido <strong>como si de un vestido se tratase<\/strong>.\n<\/p>\n<div class=\"voc-detail-photo-zoom\"><picture data-toggle=\"modal\" data-target=\"#photoZoomModal-39\" target=\"modal\">\n<div class=\"voc-img-icon-link\"><img loading=\"lazy\" data-original=\"\/\/static1.mujerhoy.com\/www\/multimedia\/202107\/10\/media\/cortadas\/look-original-instagram-k1hB--460x637@MujerHoy.jpg\" class=\"lazy\"><noscript><img src=\"http:\/\/hoycordobaweb.com\/wp-content\/uploads\/2021\/07\/hemos-encontrado-en-instagram-la-forma-mas-original-de-llevar-esta-blazer-de-uterque-y-sienta-de-maravilla.jpg\" alt=\"La blazer queda genial como vestido\"><\/noscript><i class=\"voc-icons zoom voc-multimedia-box voc-ico-l\"><\/i><\/div><figcaption class=\"figure-caption\">La blazer queda genial como vestido<\/figcaption><\/picture><\/div>\n<div id=\"photoZoomModal-39\" class=\"voc-lightbox modal fade voc-lightbox--photo-zoom\" role=\"dialog\" data-voc-photozoom-lightbox>\n<div class=\"voc-lightbox__dialog\" role=\"document\">\n<div class=\"voc-lightbox__content\"><!-- Modal header --><\/p>\n<header class=\"voc-lightbox__header\"><span class=\"voc-lightbox__title\">La blazer queda genial como vestido<\/span><\/header>\n<p><!-- Modal content --><\/p>\n<div class=\"voc-lightbox__photo-container\"><picture class><img loading=\"lazy\" data-original=\"\/\/static1.mujerhoy.com\/www\/multimedia\/202107\/10\/media\/cortadas\/look-original-instagram-k1hB--460x637@MujerHoy.jpg\" alt=\"La blazer queda genial como vestido\" class=\"lazy\"><noscript><img src=\"http:\/\/hoycordobaweb.com\/wp-content\/uploads\/2021\/07\/hemos-encontrado-en-instagram-la-forma-mas-original-de-llevar-esta-blazer-de-uterque-y-sienta-de-maravilla.jpg\" alt=\"La blazer queda genial como vestido\"><\/noscript><\/picture><\/div>\n<\/div>\n<\/div>\n<\/div>\n<p class=\"voc-paragraph\">La prenda en cuesti\u00f3n es una blazer de color blanco con rayas verdes que encontrar\u00e1s en Uterq\u00fce. Es de manga corta y tiene un dise\u00f1o cruzado. El cuello de solapa le da un toque muy elegante. Tambi\u00e9n cuenta con dos bolsillos con tapetas en los laterales. Pero el detalle que hace que esta blazer sea tan especial es el de las pasamaner\u00edas, que forman un acabado de flecos.\n<\/p>\n<div class=\"voc-detail__cmp voc-detail__cmp--pad-lr voc-detail__cmp--pad-lr--bdr\">\n<div class=\"voc-ficha-detail__wrapper\">\n<section class=\"voc-ficha-detail\">\n<h4 class=\"voc-ficha-detail-title voc-title-section\">Te recomendamos<\/h4>\n<\/section>\n<\/div>\n<\/div>\n<p class=\"voc-paragraph\">Est\u00e1 confeccionada con <strong>un tejido de algod\u00f3n<\/strong> que le proporciona un acabado r\u00fastico. Adem\u00e1s, tiene un cierre con doble abotonadura, que acent\u00faa su aire sofisticado. Dicho cierre se complementa con un cintur\u00f3n elaborado con el mismo tejido que el resto de la prenda. Puedes encontrar la blazer en cuatro tallas: XS, S, M y L. En cuanto a su precio, es de 159 \u20ac.\n<\/p>\n<p><!-- TOPICS --><\/p>\n","protected":false},"excerpt":{"rendered":"<p>Las redes sociales (y, sobre todo, Instagram) son nuestra fuente de inspiraci\u00f3n favorita. Es ah\u00ed donde encontramos las tendencias m\u00e1s rejuvenecedoras y los mejores looks para copiar. Nuestro \u00faltimo flechazo se lo debemos a una influencer que ha encontrado la forma m\u00e1s original de llevar una blazer. Y es que la ha lucido como si [&hellip;]<\/p>\n","protected":false},"author":1,"featured_media":24798,"comment_status":"closed","ping_status":"closed","sticky":false,"template":"","format":"standard","meta":[],"categories":[1],"tags":[],"_links":{"self":[{"href":"http:\/\/hoycordobaweb.com\/index.php\/wp-json\/wp\/v2\/posts\/24797"}],"collection":[{"href":"http:\/\/hoycordobaweb.com\/index.php\/wp-json\/wp\/v2\/posts"}],"about":[{"href":"http:\/\/hoycordobaweb.com\/index.php\/wp-json\/wp\/v2\/types\/post"}],"author":[{"embeddable":true,"href":"http:\/\/hoycordobaweb.com\/index.php\/wp-json\/wp\/v2\/users\/1"}],"replies":[{"embeddable":true,"href":"http:\/\/hoycordobaweb.com\/index.php\/wp-json\/wp\/v2\/comments?post=24797"}],"version-history":[{"count":0,"href":"http:\/\/hoycordobaweb.com\/index.php\/wp-json\/wp\/v2\/posts\/24797\/revisions"}],"wp:featuredmedia":[{"embeddable":true,"href":"http:\/\/hoycordobaweb.com\/index.php\/wp-json\/wp\/v2\/media\/24798"}],"wp:attachment":[{"href":"http:\/\/hoycordobaweb.com\/index.php\/wp-json\/wp\/v2\/media?parent=24797"}],"wp:term":[{"taxonomy":"category","embeddable":true,"href":"http:\/\/hoycordobaweb.com\/index.php\/wp-json\/wp\/v2\/categories?post=24797"},{"taxonomy":"post_tag","embeddable":true,"href":"http:\/\/hoycordobaweb.com\/index.php\/wp-json\/wp\/v2\/tags?post=24797"}],"curies":[{"name":"wp","href":"https:\/\/api.w.org\/{rel}","templated":true}]}}