{"id":24765,"date":"2021-07-11T22:41:15","date_gmt":"2021-07-11T22:41:15","guid":{"rendered":"http:\/\/hoycordobaweb.com\/index.php\/2021\/07\/11\/boca-subio-el-monto-por-advincula-y-el-marcador-peruano-se-acerca-al-equipo-de-russo\/"},"modified":"2021-07-11T22:41:15","modified_gmt":"2021-07-11T22:41:15","slug":"boca-subio-el-monto-por-advincula-y-el-marcador-peruano-se-acerca-al-equipo-de-russo","status":"publish","type":"post","link":"http:\/\/hoycordobaweb.com\/index.php\/2021\/07\/11\/boca-subio-el-monto-por-advincula-y-el-marcador-peruano-se-acerca-al-equipo-de-russo\/","title":{"rendered":"Boca subi\u00f3 el monto por Adv\u00edncula y el marcador peruano se acerca al equipo de Russo"},"content":{"rendered":"<p>Adv\u00edncula, que surgi\u00f3 en las divisiones formativas de Juan Aurich, ya tuvo una anterior incursi\u00f3n en el <b>f\u00fatbol argentino<\/b>, cuando visti\u00f3 la camiseta de&nbsp;&#8230; <\/p>\n","protected":false},"excerpt":{"rendered":"<p>Adv\u00edncula, que surgi\u00f3 en las divisiones formativas de Juan Aurich, ya tuvo una anterior incursi\u00f3n en el f\u00fatbol argentino, cuando visti\u00f3 la camiseta de&nbsp;&#8230;<\/p>\n","protected":false},"author":1,"featured_media":0,"comment_status":"closed","ping_status":"closed","sticky":false,"template":"","format":"standard","meta":[],"categories":[22],"tags":[],"_links":{"self":[{"href":"http:\/\/hoycordobaweb.com\/index.php\/wp-json\/wp\/v2\/posts\/24765"}],"collection":[{"href":"http:\/\/hoycordobaweb.com\/index.php\/wp-json\/wp\/v2\/posts"}],"about":[{"href":"http:\/\/hoycordobaweb.com\/index.php\/wp-json\/wp\/v2\/types\/post"}],"author":[{"embeddable":true,"href":"http:\/\/hoycordobaweb.com\/index.php\/wp-json\/wp\/v2\/users\/1"}],"replies":[{"embeddable":true,"href":"http:\/\/hoycordobaweb.com\/index.php\/wp-json\/wp\/v2\/comments?post=24765"}],"version-history":[{"count":0,"href":"http:\/\/hoycordobaweb.com\/index.php\/wp-json\/wp\/v2\/posts\/24765\/revisions"}],"wp:attachment":[{"href":"http:\/\/hoycordobaweb.com\/index.php\/wp-json\/wp\/v2\/media?parent=24765"}],"wp:term":[{"taxonomy":"category","embeddable":true,"href":"http:\/\/hoycordobaweb.com\/index.php\/wp-json\/wp\/v2\/categories?post=24765"},{"taxonomy":"post_tag","embeddable":true,"href":"http:\/\/hoycordobaweb.com\/index.php\/wp-json\/wp\/v2\/tags?post=24765"}],"curies":[{"name":"wp","href":"https:\/\/api.w.org\/{rel}","templated":true}]}}