{"id":24656,"date":"2021-07-09T13:14:17","date_gmt":"2021-07-09T13:14:17","guid":{"rendered":"https:\/\/www.mujerhoy.com\/moda\/no-te-pierdas\/vestidos-corte-midi-ajustados-canale-zara-hym-menos-de-20-euros-triunfan-este-verano-20210709120840-nt.html"},"modified":"2021-07-09T13:14:17","modified_gmt":"2021-07-09T13:14:17","slug":"los-vestidos-de-corte-midi-que-estan-triunfando-este-verano-son-de-canale-y-muy-ajustados","status":"publish","type":"post","link":"http:\/\/hoycordobaweb.com\/index.php\/2021\/07\/09\/los-vestidos-de-corte-midi-que-estan-triunfando-este-verano-son-de-canale-y-muy-ajustados\/","title":{"rendered":"Los vestidos de corte midi que est\u00e1n triunfando este verano son de canal\u00e9 y muy ajustados"},"content":{"rendered":"<p><!-- AUTHOR --><!-- COMPONENTS --><\/p>\n<p class=\"voc-paragraph\">En <a data-voc-vtm-id=\"in-text-traffic\" href=\"https:\/\/www.mujerhoy.com\/moda\/tendencias\/vestido-rojo-escote-espalda-invitada-verano-menos-30-euros-zara-20210709120212-nt.html\">verano<\/a>, el principal objetivo a la hora de vestir suele ser conseguir ir fresquita y guapa al mismo tiempo. Y, para ello, no hay nada mejor que <a data-voc-vtm-id=\"in-text-traffic\" href=\"https:\/\/www.mujerhoy.com\/moda\/no-te-pierdas\/vestido-blanco-midi-lino-escote-espalda-sexy-zara-mango-hym-20210708141259-nt.html\">un vestido de corte midi<\/a>. Este a\u00f1o, est\u00e1n triunfando especialmente los de canal\u00e9 que tienen un dise\u00f1o muy ajustado. Y hemos encontrado dos s\u00faper baratos con los que podr\u00e1s unirte a la tendencia.\n<\/p>\n<p class=\"voc-paragraph\">El primero es un vestido de Zara muy b\u00e1sico pero de lo m\u00e1s favorecedor. Es de manga corta y<br \/>\n<strong> tiene el escote recto<\/strong>, por lo que sienta especialmente bien a las mujeres que tienen mucho pecho.\n<\/p>\n<p class=\"voc-paragraph\">Tiene un cierre de botones que <strong>recorre verticalmente todo el frontal <\/strong>y deja una peque\u00f1a abertura en el bajo. Esto, junto a la elasticidad del tejido, hace que se amolde a tu figura sin que tengas que renunciar a ir c\u00f3moda.\n<\/p>\n<div class=\"voc-detail-photo-zoom\"><picture data-toggle=\"modal\" data-target=\"#photoZoomModal-770\" target=\"modal\">\n<div class=\"voc-img-icon-link\"><img loading=\"lazy\" data-original=\"\/\/static3.mujerhoy.com\/www\/multimedia\/202107\/09\/media\/cortadas\/vestido-canale-zara-kJLD--460x637@MujerHoy.jpg\" class=\"lazy\"><noscript><img src=\"http:\/\/hoycordobaweb.com\/wp-content\/uploads\/2021\/07\/los-vestidos-de-corte-midi-que-estan-triunfando-este-verano-son-de-canale-y-muy-ajustados.jpg\" alt=\"El vestido de Zara tiene un cierre frontal de botones\"><\/noscript><i class=\"voc-icons zoom voc-multimedia-box voc-ico-l\"><\/i><\/div><figcaption class=\"figure-caption\">El vestido de Zara tiene un cierre frontal de botones<\/figcaption><\/picture><\/div>\n<div id=\"photoZoomModal-770\" class=\"voc-lightbox modal fade voc-lightbox--photo-zoom\" role=\"dialog\" data-voc-photozoom-lightbox>\n<div class=\"voc-lightbox__dialog\" role=\"document\">\n<div class=\"voc-lightbox__content\"><!-- Modal header --><!-- Modal content --><\/p>\n<div class=\"voc-lightbox__photo-container\"><picture class><img loading=\"lazy\" data-original=\"\/\/static3.mujerhoy.com\/www\/multimedia\/202107\/09\/media\/cortadas\/vestido-canale-zara-kJLD--460x637@MujerHoy.jpg\" alt=\"El vestido de Zara tiene un cierre frontal de botones\" class=\"lazy\"><noscript><img src=\"http:\/\/hoycordobaweb.com\/wp-content\/uploads\/2021\/07\/los-vestidos-de-corte-midi-que-estan-triunfando-este-verano-son-de-canale-y-muy-ajustados.jpg\" alt=\"El vestido de Zara tiene un cierre frontal de botones\"><\/noscript><\/picture><\/div>\n<\/div>\n<\/div>\n<\/div>\n<p class=\"voc-paragraph\">Est\u00e1 disponible en varios colores: azul claro, blanco o negro. Y cualquiera de ellos puedes encontrarlo en tres tallas (S, M y L). En cuanto a su precio, es de 19,95 \u20ac.\n<\/p>\n<p class=\"voc-paragraph\">La otra opci\u00f3n es un vestido sin mangas que nos trae H&amp;M. Tiene el escote alto y<br \/>\n<strong> un cuello elevado que se puede abrir o cerrar<\/strong> gracias a una cremallera. <\/p>\n<p class=\"voc-paragraph\">Por lo dem\u00e1s, <strong>la mayor virtud de este modelo es su sencillez<\/strong>, que lo hace especialmente vers\u00e1til. El \u00fanico detalle que destaca del dise\u00f1o es una abertura que tiene en la parte posterior del bajo.\n<\/p>\n<div class=\"voc-detail-photo-zoom\"><picture data-toggle=\"modal\" data-target=\"#photoZoomModal-547\" target=\"modal\">\n<div class=\"voc-img-icon-link\"><img loading=\"lazy\" data-original=\"\/\/static2.mujerhoy.com\/www\/multimedia\/202107\/09\/media\/cortadas\/vestido-canale-hym-kJLD--460x637@MujerHoy.jpg\" class=\"lazy\"><noscript><img src=\"http:\/\/hoycordobaweb.com\/wp-content\/uploads\/2021\/07\/los-vestidos-de-corte-midi-que-estan-triunfando-este-verano-son-de-canale-y-muy-ajustados-1.jpg\" alt=\"El modelo de H&amp;M es muy vers\u00e1til\"><\/noscript><i class=\"voc-icons zoom voc-multimedia-box voc-ico-l\"><\/i><\/div><figcaption class=\"figure-caption\">El modelo de H&amp;M es muy vers\u00e1til<\/figcaption><\/picture><\/div>\n<div id=\"photoZoomModal-547\" class=\"voc-lightbox modal fade voc-lightbox--photo-zoom\" role=\"dialog\" data-voc-photozoom-lightbox>\n<div class=\"voc-lightbox__dialog\" role=\"document\">\n<div class=\"voc-lightbox__content\"><!-- Modal header --><!-- Modal content --><\/p>\n<div class=\"voc-lightbox__photo-container\"><picture class><img loading=\"lazy\" data-original=\"\/\/static2.mujerhoy.com\/www\/multimedia\/202107\/09\/media\/cortadas\/vestido-canale-hym-kJLD--460x637@MujerHoy.jpg\" alt=\"El modelo de H&amp;M es muy vers\u00e1til\" class=\"lazy\"><noscript><img src=\"http:\/\/hoycordobaweb.com\/wp-content\/uploads\/2021\/07\/los-vestidos-de-corte-midi-que-estan-triunfando-este-verano-son-de-canale-y-muy-ajustados-1.jpg\" alt=\"El modelo de H&amp;M es muy vers\u00e1til\"><\/noscript><\/picture><\/div>\n<\/div>\n<\/div>\n<\/div>\n<p class=\"voc-paragraph\">Puedes encontrarlo en negro, gris claro jaspeado, verde caqui y gris oscuro. En cada caso puede variar la disponibilidad de tallas, por lo que tendr\u00e1s que consultarla. Cuesta 17,99 \u20ac.\n<\/p>\n<div class=\"voc-detail__cmp voc-detail__cmp--pad-lr voc-detail__cmp--pad-lr--bdr\">\n<div class=\"voc-ficha-detail__wrapper\">\n<section class=\"voc-ficha-detail\">\n<h4 class=\"voc-ficha-detail-title voc-title-section\">Te recomendamos<\/h4>\n<\/section>\n<\/div>\n<\/div>\n<p class=\"voc-paragraph\">Cualquiera de los dos te dar\u00e1 mucho juego para crear diferentes looks. Y es que puedes combinarlos <strong>tanto con unas deportivas como con unas sandalias planas<\/strong>.\n<\/p>\n<p><!-- TOPICS --><\/p>\n","protected":false},"excerpt":{"rendered":"<p>En verano, el principal objetivo a la hora de vestir suele ser conseguir ir fresquita y guapa al mismo tiempo. Y, para ello, no hay nada mejor que un vestido de corte midi. Este a\u00f1o, est\u00e1n triunfando especialmente los de canal\u00e9 que tienen un dise\u00f1o muy ajustado. Y hemos encontrado dos s\u00faper baratos con los [&hellip;]<\/p>\n","protected":false},"author":1,"featured_media":24657,"comment_status":"closed","ping_status":"closed","sticky":false,"template":"","format":"standard","meta":[],"categories":[1],"tags":[],"_links":{"self":[{"href":"http:\/\/hoycordobaweb.com\/index.php\/wp-json\/wp\/v2\/posts\/24656"}],"collection":[{"href":"http:\/\/hoycordobaweb.com\/index.php\/wp-json\/wp\/v2\/posts"}],"about":[{"href":"http:\/\/hoycordobaweb.com\/index.php\/wp-json\/wp\/v2\/types\/post"}],"author":[{"embeddable":true,"href":"http:\/\/hoycordobaweb.com\/index.php\/wp-json\/wp\/v2\/users\/1"}],"replies":[{"embeddable":true,"href":"http:\/\/hoycordobaweb.com\/index.php\/wp-json\/wp\/v2\/comments?post=24656"}],"version-history":[{"count":0,"href":"http:\/\/hoycordobaweb.com\/index.php\/wp-json\/wp\/v2\/posts\/24656\/revisions"}],"wp:featuredmedia":[{"embeddable":true,"href":"http:\/\/hoycordobaweb.com\/index.php\/wp-json\/wp\/v2\/media\/24657"}],"wp:attachment":[{"href":"http:\/\/hoycordobaweb.com\/index.php\/wp-json\/wp\/v2\/media?parent=24656"}],"wp:term":[{"taxonomy":"category","embeddable":true,"href":"http:\/\/hoycordobaweb.com\/index.php\/wp-json\/wp\/v2\/categories?post=24656"},{"taxonomy":"post_tag","embeddable":true,"href":"http:\/\/hoycordobaweb.com\/index.php\/wp-json\/wp\/v2\/tags?post=24656"}],"curies":[{"name":"wp","href":"https:\/\/api.w.org\/{rel}","templated":true}]}}